{"id":4327,"date":"2021-12-22T08:00:17","date_gmt":"2021-12-22T07:00:17","guid":{"rendered":"https:\/\/staging.emz.de\/non-classifiee\/don-a-lassociation-kinderhospiz-freundeskreis-e-v-a-dorsten\/"},"modified":"2021-12-22T08:00:17","modified_gmt":"2021-12-22T07:00:17","slug":"don-a-lassociation-kinderhospiz-freundeskreis-e-v-a-dorsten","status":"publish","type":"post","link":"https:\/\/www.emz.de\/fr\/generalites\/don-a-lassociation-kinderhospiz-freundeskreis-e-v-a-dorsten\/","title":{"rendered":"Don \u00e0 l&rsquo;association Kinderhospiz Freundeskreis e.V. \u00e0 Dorsten"},"content":{"rendered":"<p class=\"align-justify\"><span style=\"color: #ffffff;\">En octobre 2021, notre \u00e9quipe EMZ a parcouru plus de 1.300 km \u00e0 v\u00e9lo dans le cadre du d\u00e9fi v\u00e9lo. Pour chaque kilom\u00e8tre parcouru, 0,50 \u20ac ont \u00e9t\u00e9 vers\u00e9s dans une cagnotte que l&rsquo;EMZ a arrondie au chiffre sup\u00e9rieur. Le 22 d\u00e9cembre 2021, notre directrice Deniz Beese et Kathrin Wieneke, assistante de direction, ont remis personnellement ce don de 1.000,00 \u20ac \u00e0 Petra Lessnow, accompagnatrice de deuil pour enfants et adolescents, et \u00e0 Lambert L\u00fctkenhorst, pr\u00e9sident du conseil d&rsquo;administration de l&rsquo;association <a href=\"https:\/\/www.hospizdienst-dorsten.de\">Hospiz Freundeskreis e.V. \u00e0 Dorsten<\/a>.<\/span><\/p>\n<p class=\"align-justify\"><span style=\"color: #ffffff;\">L&rsquo;association Hospiz Freundeskreis e.V. de Dorsten collecte depuis 2002 des dons pour le service ambulatoire de soins palliatifs ainsi que pour l&rsquo;unit\u00e9 de soins palliatifs de l&rsquo;h\u00f4pital de Dorsten, afin de permettre aux personnes atteintes de maladies incurables et \u00e0 leurs proches d&rsquo;am\u00e9liorer leur prise en charge et de les aider \u00e0 surmonter leur deuil. Les familles, et en particulier les enfants et les adolescents, b\u00e9n\u00e9ficient ici d&rsquo;un espace familier pour travailler sur leur deuil suite \u00e0 des processus de mort v\u00e9cus ou \u00e0 d&rsquo;autres pertes.<\/span><\/p>\n<p class=\"align-justify\"><span style=\"color: #ffffff;\">Nous sommes heureux d&rsquo;avoir fait plaisir \u00e0 cette belle association en fin d&rsquo;ann\u00e9e gr\u00e2ce \u00e0 l&rsquo;engagement durable et social de nos collaborateurs !<\/span><\/p>\n","protected":false},"excerpt":{"rendered":"<p>En octobre 2021, notre \u00e9quipe EMZ a parcouru plus de 1.300 km \u00e0 v\u00e9lo dans le cadre du d\u00e9fi v\u00e9lo. Pour chaque kilom\u00e8tre parcouru, 0,50 \u20ac ont \u00e9t\u00e9 vers\u00e9s dans une cagnotte que l&rsquo;EMZ a arrondie au chiffre sup\u00e9rieur. Le 22 d\u00e9cembre 2021, notre directrice Deniz Beese et Kathrin Wieneke, assistante de direction, ont remis&#8230;<\/p>\n","protected":false},"author":1,"featured_media":3814,"comment_status":"closed","ping_status":"open","sticky":false,"template":"","format":"standard","meta":{"footnotes":""},"categories":[605],"tags":[610,612,607,609,606,611,608,613],"class_list":["post-4327","post","type-post","status-publish","format-standard","has-post-thumbnail","hentry","category-generalites","tag-1-000-e","tag-defi-velo","tag-don","tag-dorsten-fr","tag-emz-fr","tag-enfants-et-jeunes","tag-hospice-pour-enfants","tag-hospiz-freundeskreis-e-v-in-dorsten-fr"],"yoast_head":"<!-- This site is optimized with the Yoast SEO plugin v27.4 - https:\/\/yoast.com\/product\/yoast-seo-wordpress\/ -->\n<title>Don \u00e0 l&#039;association Kinderhospiz Freundeskreis e.V. \u00e0 Dorsten | EMZ<\/title>\n<meta name=\"robots\" content=\"index, follow, max-snippet:-1, max-image-preview:large, max-video-preview:-1\" \/>\n<link rel=\"canonical\" href=\"https:\/\/www.emz.de\/fr\/generalites\/don-a-lassociation-kinderhospiz-freundeskreis-e-v-a-dorsten\/\" \/>\n<meta property=\"og:locale\" content=\"fr_FR\" \/>\n<meta property=\"og:type\" content=\"article\" \/>\n<meta property=\"og:title\" content=\"Don \u00e0 l&#039;association Kinderhospiz Freundeskreis e.V. \u00e0 Dorsten | EMZ\" \/>\n<meta property=\"og:description\" content=\"En octobre 2021, notre \u00e9quipe EMZ a parcouru plus de 1.300 km \u00e0 v\u00e9lo dans le cadre du d\u00e9fi v\u00e9lo. Pour chaque kilom\u00e8tre parcouru, 0,50 \u20ac ont \u00e9t\u00e9 vers\u00e9s dans une cagnotte que l&rsquo;EMZ a arrondie au chiffre sup\u00e9rieur. Le 22 d\u00e9cembre 2021, notre directrice Deniz Beese et Kathrin Wieneke, assistante de direction, ont remis...\" \/>\n<meta property=\"og:url\" content=\"https:\/\/www.emz.de\/fr\/generalites\/don-a-lassociation-kinderhospiz-freundeskreis-e-v-a-dorsten\/\" \/>\n<meta property=\"og:site_name\" content=\"EMZ\" \/>\n<meta property=\"article:publisher\" content=\"https:\/\/www.facebook.com\/EMZdeutschland\" \/>\n<meta property=\"article:published_time\" content=\"2021-12-22T07:00:17+00:00\" \/>\n<meta property=\"og:image\" content=\"https:\/\/www.emz.de\/wp-content\/uploads\/2022\/07\/211222_csm_UEbergabe_Spende_EMZ_Freundeskreis_Dorsten.jpeg\" \/>\n\t<meta property=\"og:image:width\" content=\"800\" \/>\n\t<meta property=\"og:image:height\" content=\"600\" \/>\n\t<meta property=\"og:image:type\" content=\"image\/jpeg\" \/>\n<meta name=\"author\" content=\"admin\" \/>\n<meta name=\"twitter:card\" content=\"summary_large_image\" \/>\n<script type=\"application\/ld+json\" class=\"yoast-schema-graph\">{\"@context\":\"https:\\\/\\\/schema.org\",\"@graph\":[{\"@type\":\"NewsArticle\",\"@id\":\"https:\\\/\\\/www.emz.de\\\/fr\\\/generalites\\\/don-a-lassociation-kinderhospiz-freundeskreis-e-v-a-dorsten\\\/#article\",\"isPartOf\":{\"@id\":\"https:\\\/\\\/www.emz.de\\\/fr\\\/generalites\\\/don-a-lassociation-kinderhospiz-freundeskreis-e-v-a-dorsten\\\/\"},\"author\":{\"name\":\"admin\",\"@id\":\"https:\\\/\\\/www.emz.de\\\/fr\\\/#\\\/schema\\\/person\\\/4990bff2380736207624d3a02e77811f\"},\"headline\":\"Don \u00e0 l&rsquo;association Kinderhospiz Freundeskreis e.V. \u00e0 Dorsten\",\"datePublished\":\"2021-12-22T07:00:17+00:00\",\"mainEntityOfPage\":{\"@id\":\"https:\\\/\\\/www.emz.de\\\/fr\\\/generalites\\\/don-a-lassociation-kinderhospiz-freundeskreis-e-v-a-dorsten\\\/\"},\"wordCount\":213,\"publisher\":{\"@id\":\"https:\\\/\\\/www.emz.de\\\/fr\\\/#organization\"},\"image\":{\"@id\":\"https:\\\/\\\/www.emz.de\\\/fr\\\/generalites\\\/don-a-lassociation-kinderhospiz-freundeskreis-e-v-a-dorsten\\\/#primaryimage\"},\"thumbnailUrl\":\"https:\\\/\\\/www.emz.de\\\/wp-content\\\/uploads\\\/2022\\\/07\\\/211222_csm_UEbergabe_Spende_EMZ_Freundeskreis_Dorsten.jpeg\",\"keywords\":[\"1.000 \u20ac\",\"D\u00e9fi v\u00e9lo\",\"Don\",\"dorsten\",\"emz\",\"enfants et jeunes\",\"hospice pour enfants\",\"Hospiz Freundeskreis e.V. in Dorsten\"],\"articleSection\":[\"GENERALITES\"],\"inLanguage\":\"fr-FR\"},{\"@type\":\"WebPage\",\"@id\":\"https:\\\/\\\/www.emz.de\\\/fr\\\/generalites\\\/don-a-lassociation-kinderhospiz-freundeskreis-e-v-a-dorsten\\\/\",\"url\":\"https:\\\/\\\/www.emz.de\\\/fr\\\/generalites\\\/don-a-lassociation-kinderhospiz-freundeskreis-e-v-a-dorsten\\\/\",\"name\":\"Don \u00e0 l'association Kinderhospiz Freundeskreis e.V. \u00e0 Dorsten | EMZ\",\"isPartOf\":{\"@id\":\"https:\\\/\\\/www.emz.de\\\/fr\\\/#website\"},\"primaryImageOfPage\":{\"@id\":\"https:\\\/\\\/www.emz.de\\\/fr\\\/generalites\\\/don-a-lassociation-kinderhospiz-freundeskreis-e-v-a-dorsten\\\/#primaryimage\"},\"image\":{\"@id\":\"https:\\\/\\\/www.emz.de\\\/fr\\\/generalites\\\/don-a-lassociation-kinderhospiz-freundeskreis-e-v-a-dorsten\\\/#primaryimage\"},\"thumbnailUrl\":\"https:\\\/\\\/www.emz.de\\\/wp-content\\\/uploads\\\/2022\\\/07\\\/211222_csm_UEbergabe_Spende_EMZ_Freundeskreis_Dorsten.jpeg\",\"datePublished\":\"2021-12-22T07:00:17+00:00\",\"breadcrumb\":{\"@id\":\"https:\\\/\\\/www.emz.de\\\/fr\\\/generalites\\\/don-a-lassociation-kinderhospiz-freundeskreis-e-v-a-dorsten\\\/#breadcrumb\"},\"inLanguage\":\"fr-FR\",\"potentialAction\":[{\"@type\":\"ReadAction\",\"target\":[\"https:\\\/\\\/www.emz.de\\\/fr\\\/generalites\\\/don-a-lassociation-kinderhospiz-freundeskreis-e-v-a-dorsten\\\/\"]}]},{\"@type\":\"ImageObject\",\"inLanguage\":\"fr-FR\",\"@id\":\"https:\\\/\\\/www.emz.de\\\/fr\\\/generalites\\\/don-a-lassociation-kinderhospiz-freundeskreis-e-v-a-dorsten\\\/#primaryimage\",\"url\":\"https:\\\/\\\/www.emz.de\\\/wp-content\\\/uploads\\\/2022\\\/07\\\/211222_csm_UEbergabe_Spende_EMZ_Freundeskreis_Dorsten.jpeg\",\"contentUrl\":\"https:\\\/\\\/www.emz.de\\\/wp-content\\\/uploads\\\/2022\\\/07\\\/211222_csm_UEbergabe_Spende_EMZ_Freundeskreis_Dorsten.jpeg\",\"width\":800,\"height\":600},{\"@type\":\"BreadcrumbList\",\"@id\":\"https:\\\/\\\/www.emz.de\\\/fr\\\/generalites\\\/don-a-lassociation-kinderhospiz-freundeskreis-e-v-a-dorsten\\\/#breadcrumb\",\"itemListElement\":[{\"@type\":\"ListItem\",\"position\":1,\"name\":\"Home\",\"item\":\"https:\\\/\\\/www.emz.de\\\/fr\\\/\"},{\"@type\":\"ListItem\",\"position\":2,\"name\":\"Don \u00e0 l&#8217;association Kinderhospiz Freundeskreis e.V. \u00e0 Dorsten\"}]},{\"@type\":\"WebSite\",\"@id\":\"https:\\\/\\\/www.emz.de\\\/fr\\\/#website\",\"url\":\"https:\\\/\\\/www.emz.de\\\/fr\\\/\",\"name\":\"EMZ Elektromotoren f\u00fcr Hochspannung und Niederspannung\",\"description\":\"Spezialist f\u00fcr elektrische Antriebstechnik\",\"publisher\":{\"@id\":\"https:\\\/\\\/www.emz.de\\\/fr\\\/#organization\"},\"alternateName\":\"EMZ\",\"potentialAction\":[{\"@type\":\"SearchAction\",\"target\":{\"@type\":\"EntryPoint\",\"urlTemplate\":\"https:\\\/\\\/www.emz.de\\\/fr\\\/?s={search_term_string}\"},\"query-input\":{\"@type\":\"PropertyValueSpecification\",\"valueRequired\":true,\"valueName\":\"search_term_string\"}}],\"inLanguage\":\"fr-FR\"},{\"@type\":\"Organization\",\"@id\":\"https:\\\/\\\/www.emz.de\\\/fr\\\/#organization\",\"name\":\"EMZ Elektro-Maschinen-Zentrale GmbH\",\"alternateName\":\"EMZ\",\"url\":\"https:\\\/\\\/www.emz.de\\\/fr\\\/\",\"logo\":{\"@type\":\"ImageObject\",\"inLanguage\":\"fr-FR\",\"@id\":\"https:\\\/\\\/www.emz.de\\\/fr\\\/#\\\/schema\\\/logo\\\/image\\\/\",\"url\":\"https:\\\/\\\/www.emz.de\\\/wp-content\\\/uploads\\\/2022\\\/07\\\/EMZ_Logo_RGB_mitClaim_Positiv_2-farbig_Hellblau-Dunkelblau.svg\",\"contentUrl\":\"https:\\\/\\\/www.emz.de\\\/wp-content\\\/uploads\\\/2022\\\/07\\\/EMZ_Logo_RGB_mitClaim_Positiv_2-farbig_Hellblau-Dunkelblau.svg\",\"width\":\"1024\",\"height\":\"1024\",\"caption\":\"EMZ Elektro-Maschinen-Zentrale GmbH\"},\"image\":{\"@id\":\"https:\\\/\\\/www.emz.de\\\/fr\\\/#\\\/schema\\\/logo\\\/image\\\/\"},\"sameAs\":[\"https:\\\/\\\/www.facebook.com\\\/EMZdeutschland\",\"https:\\\/\\\/www.linkedin.com\\\/company\\\/emz-elektro-maschinen-zentrale-gmbh\\\/?originalSubdomain=de\",\"https:\\\/\\\/www.youtube.com\\\/channel\\\/UCajQ_5Xm-hS2H16Liwf5UAQ\\\/featured\",\"https:\\\/\\\/www.xing.com\\\/pages\\\/emz-elektro-maschinen-zentrale-gmbh\"]},{\"@type\":\"Person\",\"@id\":\"https:\\\/\\\/www.emz.de\\\/fr\\\/#\\\/schema\\\/person\\\/4990bff2380736207624d3a02e77811f\",\"name\":\"admin\",\"sameAs\":[\"https:\\\/\\\/www.emz.de\"]}]}<\/script>\n<!-- \/ Yoast SEO plugin. -->","yoast_head_json":{"title":"Don \u00e0 l'association Kinderhospiz Freundeskreis e.V. \u00e0 Dorsten | EMZ","robots":{"index":"index","follow":"follow","max-snippet":"max-snippet:-1","max-image-preview":"max-image-preview:large","max-video-preview":"max-video-preview:-1"},"canonical":"https:\/\/www.emz.de\/fr\/generalites\/don-a-lassociation-kinderhospiz-freundeskreis-e-v-a-dorsten\/","og_locale":"fr_FR","og_type":"article","og_title":"Don \u00e0 l'association Kinderhospiz Freundeskreis e.V. \u00e0 Dorsten | EMZ","og_description":"En octobre 2021, notre \u00e9quipe EMZ a parcouru plus de 1.300 km \u00e0 v\u00e9lo dans le cadre du d\u00e9fi v\u00e9lo. Pour chaque kilom\u00e8tre parcouru, 0,50 \u20ac ont \u00e9t\u00e9 vers\u00e9s dans une cagnotte que l&rsquo;EMZ a arrondie au chiffre sup\u00e9rieur. Le 22 d\u00e9cembre 2021, notre directrice Deniz Beese et Kathrin Wieneke, assistante de direction, ont remis...","og_url":"https:\/\/www.emz.de\/fr\/generalites\/don-a-lassociation-kinderhospiz-freundeskreis-e-v-a-dorsten\/","og_site_name":"EMZ","article_publisher":"https:\/\/www.facebook.com\/EMZdeutschland","article_published_time":"2021-12-22T07:00:17+00:00","og_image":[{"width":800,"height":600,"url":"https:\/\/www.emz.de\/wp-content\/uploads\/2022\/07\/211222_csm_UEbergabe_Spende_EMZ_Freundeskreis_Dorsten.jpeg","type":"image\/jpeg"}],"author":"admin","twitter_card":"summary_large_image","schema":{"@context":"https:\/\/schema.org","@graph":[{"@type":"NewsArticle","@id":"https:\/\/www.emz.de\/fr\/generalites\/don-a-lassociation-kinderhospiz-freundeskreis-e-v-a-dorsten\/#article","isPartOf":{"@id":"https:\/\/www.emz.de\/fr\/generalites\/don-a-lassociation-kinderhospiz-freundeskreis-e-v-a-dorsten\/"},"author":{"name":"admin","@id":"https:\/\/www.emz.de\/fr\/#\/schema\/person\/4990bff2380736207624d3a02e77811f"},"headline":"Don \u00e0 l&rsquo;association Kinderhospiz Freundeskreis e.V. \u00e0 Dorsten","datePublished":"2021-12-22T07:00:17+00:00","mainEntityOfPage":{"@id":"https:\/\/www.emz.de\/fr\/generalites\/don-a-lassociation-kinderhospiz-freundeskreis-e-v-a-dorsten\/"},"wordCount":213,"publisher":{"@id":"https:\/\/www.emz.de\/fr\/#organization"},"image":{"@id":"https:\/\/www.emz.de\/fr\/generalites\/don-a-lassociation-kinderhospiz-freundeskreis-e-v-a-dorsten\/#primaryimage"},"thumbnailUrl":"https:\/\/www.emz.de\/wp-content\/uploads\/2022\/07\/211222_csm_UEbergabe_Spende_EMZ_Freundeskreis_Dorsten.jpeg","keywords":["1.000 \u20ac","D\u00e9fi v\u00e9lo","Don","dorsten","emz","enfants et jeunes","hospice pour enfants","Hospiz Freundeskreis e.V. in Dorsten"],"articleSection":["GENERALITES"],"inLanguage":"fr-FR"},{"@type":"WebPage","@id":"https:\/\/www.emz.de\/fr\/generalites\/don-a-lassociation-kinderhospiz-freundeskreis-e-v-a-dorsten\/","url":"https:\/\/www.emz.de\/fr\/generalites\/don-a-lassociation-kinderhospiz-freundeskreis-e-v-a-dorsten\/","name":"Don \u00e0 l'association Kinderhospiz Freundeskreis e.V. \u00e0 Dorsten | EMZ","isPartOf":{"@id":"https:\/\/www.emz.de\/fr\/#website"},"primaryImageOfPage":{"@id":"https:\/\/www.emz.de\/fr\/generalites\/don-a-lassociation-kinderhospiz-freundeskreis-e-v-a-dorsten\/#primaryimage"},"image":{"@id":"https:\/\/www.emz.de\/fr\/generalites\/don-a-lassociation-kinderhospiz-freundeskreis-e-v-a-dorsten\/#primaryimage"},"thumbnailUrl":"https:\/\/www.emz.de\/wp-content\/uploads\/2022\/07\/211222_csm_UEbergabe_Spende_EMZ_Freundeskreis_Dorsten.jpeg","datePublished":"2021-12-22T07:00:17+00:00","breadcrumb":{"@id":"https:\/\/www.emz.de\/fr\/generalites\/don-a-lassociation-kinderhospiz-freundeskreis-e-v-a-dorsten\/#breadcrumb"},"inLanguage":"fr-FR","potentialAction":[{"@type":"ReadAction","target":["https:\/\/www.emz.de\/fr\/generalites\/don-a-lassociation-kinderhospiz-freundeskreis-e-v-a-dorsten\/"]}]},{"@type":"ImageObject","inLanguage":"fr-FR","@id":"https:\/\/www.emz.de\/fr\/generalites\/don-a-lassociation-kinderhospiz-freundeskreis-e-v-a-dorsten\/#primaryimage","url":"https:\/\/www.emz.de\/wp-content\/uploads\/2022\/07\/211222_csm_UEbergabe_Spende_EMZ_Freundeskreis_Dorsten.jpeg","contentUrl":"https:\/\/www.emz.de\/wp-content\/uploads\/2022\/07\/211222_csm_UEbergabe_Spende_EMZ_Freundeskreis_Dorsten.jpeg","width":800,"height":600},{"@type":"BreadcrumbList","@id":"https:\/\/www.emz.de\/fr\/generalites\/don-a-lassociation-kinderhospiz-freundeskreis-e-v-a-dorsten\/#breadcrumb","itemListElement":[{"@type":"ListItem","position":1,"name":"Home","item":"https:\/\/www.emz.de\/fr\/"},{"@type":"ListItem","position":2,"name":"Don \u00e0 l&#8217;association Kinderhospiz Freundeskreis e.V. \u00e0 Dorsten"}]},{"@type":"WebSite","@id":"https:\/\/www.emz.de\/fr\/#website","url":"https:\/\/www.emz.de\/fr\/","name":"EMZ Elektromotoren f\u00fcr Hochspannung und Niederspannung","description":"Spezialist f\u00fcr elektrische Antriebstechnik","publisher":{"@id":"https:\/\/www.emz.de\/fr\/#organization"},"alternateName":"EMZ","potentialAction":[{"@type":"SearchAction","target":{"@type":"EntryPoint","urlTemplate":"https:\/\/www.emz.de\/fr\/?s={search_term_string}"},"query-input":{"@type":"PropertyValueSpecification","valueRequired":true,"valueName":"search_term_string"}}],"inLanguage":"fr-FR"},{"@type":"Organization","@id":"https:\/\/www.emz.de\/fr\/#organization","name":"EMZ Elektro-Maschinen-Zentrale GmbH","alternateName":"EMZ","url":"https:\/\/www.emz.de\/fr\/","logo":{"@type":"ImageObject","inLanguage":"fr-FR","@id":"https:\/\/www.emz.de\/fr\/#\/schema\/logo\/image\/","url":"https:\/\/www.emz.de\/wp-content\/uploads\/2022\/07\/EMZ_Logo_RGB_mitClaim_Positiv_2-farbig_Hellblau-Dunkelblau.svg","contentUrl":"https:\/\/www.emz.de\/wp-content\/uploads\/2022\/07\/EMZ_Logo_RGB_mitClaim_Positiv_2-farbig_Hellblau-Dunkelblau.svg","width":"1024","height":"1024","caption":"EMZ Elektro-Maschinen-Zentrale GmbH"},"image":{"@id":"https:\/\/www.emz.de\/fr\/#\/schema\/logo\/image\/"},"sameAs":["https:\/\/www.facebook.com\/EMZdeutschland","https:\/\/www.linkedin.com\/company\/emz-elektro-maschinen-zentrale-gmbh\/?originalSubdomain=de","https:\/\/www.youtube.com\/channel\/UCajQ_5Xm-hS2H16Liwf5UAQ\/featured","https:\/\/www.xing.com\/pages\/emz-elektro-maschinen-zentrale-gmbh"]},{"@type":"Person","@id":"https:\/\/www.emz.de\/fr\/#\/schema\/person\/4990bff2380736207624d3a02e77811f","name":"admin","sameAs":["https:\/\/www.emz.de"]}]}},"_links":{"self":[{"href":"https:\/\/www.emz.de\/fr\/wp-json\/wp\/v2\/posts\/4327","targetHints":{"allow":["GET"]}}],"collection":[{"href":"https:\/\/www.emz.de\/fr\/wp-json\/wp\/v2\/posts"}],"about":[{"href":"https:\/\/www.emz.de\/fr\/wp-json\/wp\/v2\/types\/post"}],"author":[{"embeddable":true,"href":"https:\/\/www.emz.de\/fr\/wp-json\/wp\/v2\/users\/1"}],"replies":[{"embeddable":true,"href":"https:\/\/www.emz.de\/fr\/wp-json\/wp\/v2\/comments?post=4327"}],"version-history":[{"count":0,"href":"https:\/\/www.emz.de\/fr\/wp-json\/wp\/v2\/posts\/4327\/revisions"}],"wp:featuredmedia":[{"embeddable":true,"href":"https:\/\/www.emz.de\/fr\/wp-json\/wp\/v2\/media\/3814"}],"wp:attachment":[{"href":"https:\/\/www.emz.de\/fr\/wp-json\/wp\/v2\/media?parent=4327"}],"wp:term":[{"taxonomy":"category","embeddable":true,"href":"https:\/\/www.emz.de\/fr\/wp-json\/wp\/v2\/categories?post=4327"},{"taxonomy":"post_tag","embeddable":true,"href":"https:\/\/www.emz.de\/fr\/wp-json\/wp\/v2\/tags?post=4327"}],"curies":[{"name":"wp","href":"https:\/\/api.w.org\/{rel}","templated":true}]}}