{"id":4328,"date":"2021-08-16T08:00:33","date_gmt":"2021-08-16T06:00:33","guid":{"rendered":"https:\/\/staging.emz.de\/non-classifiee\/lemz-accueille-deux-nouveaux-stagiaires\/"},"modified":"2021-08-16T08:00:33","modified_gmt":"2021-08-16T06:00:33","slug":"lemz-accueille-deux-nouveaux-stagiaires","status":"publish","type":"post","link":"https:\/\/www.emz.de\/fr\/generalites\/lemz-accueille-deux-nouveaux-stagiaires\/","title":{"rendered":"L&rsquo;EMZ accueille deux nouveaux stagiaires!"},"content":{"rendered":"<p class=\"align-justify\"><span style=\"color: #ffffff;\">A l&rsquo;EMZ, nous accueillons deux nouveaux stagiaires \u00e0 partir du 01 ao\u00fbt 2021. Tristan a commenc\u00e9 un apprentissage de commer\u00e7ant en gestion du commerce de gros et ext\u00e9rieur, au cours duquel il passera par diff\u00e9rentes stations \u00e0 l&rsquo;EMZ. Lukas a commenc\u00e9 un apprentissage d&rsquo;\u00e9lectronicien pour la technologie des machines et des entra\u00eenements et apportera d\u00e9sormais son soutien \u00e0 l&rsquo;atelier EMZ.<\/span><\/p>\n<p class=\"align-justify\"><span style=\"color: #ffffff;\">Nous nous r\u00e9jouissons de passer un moment fructueux ensemble !<\/span><\/p>\n","protected":false},"excerpt":{"rendered":"<p>A l&rsquo;EMZ, nous accueillons deux nouveaux stagiaires \u00e0 partir du 01 ao\u00fbt 2021. Tristan a commenc\u00e9 un apprentissage de commer\u00e7ant en gestion du commerce de gros et ext\u00e9rieur, au cours duquel il passera par diff\u00e9rentes stations \u00e0 l&rsquo;EMZ. Lukas a commenc\u00e9 un apprentissage d&rsquo;\u00e9lectronicien pour la technologie des machines et des entra\u00eenements et apportera d\u00e9sormais&#8230;<\/p>\n","protected":false},"author":6,"featured_media":5743,"comment_status":"closed","ping_status":"open","sticky":false,"template":"","format":"standard","meta":{"footnotes":""},"categories":[605],"tags":[614,606,615,617,616,618],"class_list":["post-4328","post","type-post","status-publish","format-standard","has-post-thumbnail","hentry","category-generalites","tag-apprentis","tag-emz-fr","tag-lapprentissage","tag-lelectronicien","tag-marchand","tag-technique-dentrainement"],"yoast_head":"<!-- This site is optimized with the Yoast SEO plugin v27.4 - https:\/\/yoast.com\/product\/yoast-seo-wordpress\/ -->\n<title>L&#039;EMZ accueille deux nouveaux stagiaires! | EMZ<\/title>\n<meta name=\"robots\" content=\"index, follow, max-snippet:-1, max-image-preview:large, max-video-preview:-1\" \/>\n<link rel=\"canonical\" href=\"https:\/\/www.emz.de\/fr\/generalites\/lemz-accueille-deux-nouveaux-stagiaires\/\" \/>\n<meta property=\"og:locale\" content=\"fr_FR\" \/>\n<meta property=\"og:type\" content=\"article\" \/>\n<meta property=\"og:title\" content=\"L&#039;EMZ accueille deux nouveaux stagiaires! | EMZ\" \/>\n<meta property=\"og:description\" content=\"A l&rsquo;EMZ, nous accueillons deux nouveaux stagiaires \u00e0 partir du 01 ao\u00fbt 2021. Tristan a commenc\u00e9 un apprentissage de commer\u00e7ant en gestion du commerce de gros et ext\u00e9rieur, au cours duquel il passera par diff\u00e9rentes stations \u00e0 l&rsquo;EMZ. Lukas a commenc\u00e9 un apprentissage d&rsquo;\u00e9lectronicien pour la technologie des machines et des entra\u00eenements et apportera d\u00e9sormais...\" \/>\n<meta property=\"og:url\" content=\"https:\/\/www.emz.de\/fr\/generalites\/lemz-accueille-deux-nouveaux-stagiaires\/\" \/>\n<meta property=\"og:site_name\" content=\"EMZ\" \/>\n<meta property=\"article:publisher\" content=\"https:\/\/www.facebook.com\/EMZdeutschland\" \/>\n<meta property=\"article:published_time\" content=\"2021-08-16T06:00:33+00:00\" \/>\n<meta property=\"og:image\" content=\"https:\/\/www.emz.de\/wp-content\/uploads\/2022\/11\/EMZ-elektro-Maschinen-Zentrale-social.jpg\" \/>\n\t<meta property=\"og:image:width\" content=\"1200\" \/>\n\t<meta property=\"og:image:height\" content=\"630\" \/>\n\t<meta property=\"og:image:type\" content=\"image\/jpeg\" \/>\n<meta name=\"author\" content=\"Azra Yelmen\" \/>\n<meta name=\"twitter:card\" content=\"summary_large_image\" \/>\n<script type=\"application\/ld+json\" class=\"yoast-schema-graph\">{\"@context\":\"https:\\\/\\\/schema.org\",\"@graph\":[{\"@type\":\"NewsArticle\",\"@id\":\"https:\\\/\\\/www.emz.de\\\/fr\\\/generalites\\\/lemz-accueille-deux-nouveaux-stagiaires\\\/#article\",\"isPartOf\":{\"@id\":\"https:\\\/\\\/www.emz.de\\\/fr\\\/generalites\\\/lemz-accueille-deux-nouveaux-stagiaires\\\/\"},\"author\":{\"name\":\"Azra Yelmen\",\"@id\":\"https:\\\/\\\/www.emz.de\\\/fr\\\/#\\\/schema\\\/person\\\/26f60b7d341bd325a1b226e6c0fa8f91\"},\"headline\":\"L&rsquo;EMZ accueille deux nouveaux stagiaires!\",\"datePublished\":\"2021-08-16T06:00:33+00:00\",\"mainEntityOfPage\":{\"@id\":\"https:\\\/\\\/www.emz.de\\\/fr\\\/generalites\\\/lemz-accueille-deux-nouveaux-stagiaires\\\/\"},\"wordCount\":81,\"publisher\":{\"@id\":\"https:\\\/\\\/www.emz.de\\\/fr\\\/#organization\"},\"image\":{\"@id\":\"https:\\\/\\\/www.emz.de\\\/fr\\\/generalites\\\/lemz-accueille-deux-nouveaux-stagiaires\\\/#primaryimage\"},\"thumbnailUrl\":\"https:\\\/\\\/www.emz.de\\\/wp-content\\\/uploads\\\/2022\\\/11\\\/EMZ-Firmenjubilaeum-1-1.jpg\",\"keywords\":[\"Apprentis\",\"emz\",\"l'apprentissage\",\"l'\u00e9lectronicien\",\"marchand\",\"Technique d'entra\u00eenement\"],\"articleSection\":[\"GENERALITES\"],\"inLanguage\":\"fr-FR\"},{\"@type\":\"WebPage\",\"@id\":\"https:\\\/\\\/www.emz.de\\\/fr\\\/generalites\\\/lemz-accueille-deux-nouveaux-stagiaires\\\/\",\"url\":\"https:\\\/\\\/www.emz.de\\\/fr\\\/generalites\\\/lemz-accueille-deux-nouveaux-stagiaires\\\/\",\"name\":\"L'EMZ accueille deux nouveaux stagiaires! | EMZ\",\"isPartOf\":{\"@id\":\"https:\\\/\\\/www.emz.de\\\/fr\\\/#website\"},\"primaryImageOfPage\":{\"@id\":\"https:\\\/\\\/www.emz.de\\\/fr\\\/generalites\\\/lemz-accueille-deux-nouveaux-stagiaires\\\/#primaryimage\"},\"image\":{\"@id\":\"https:\\\/\\\/www.emz.de\\\/fr\\\/generalites\\\/lemz-accueille-deux-nouveaux-stagiaires\\\/#primaryimage\"},\"thumbnailUrl\":\"https:\\\/\\\/www.emz.de\\\/wp-content\\\/uploads\\\/2022\\\/11\\\/EMZ-Firmenjubilaeum-1-1.jpg\",\"datePublished\":\"2021-08-16T06:00:33+00:00\",\"breadcrumb\":{\"@id\":\"https:\\\/\\\/www.emz.de\\\/fr\\\/generalites\\\/lemz-accueille-deux-nouveaux-stagiaires\\\/#breadcrumb\"},\"inLanguage\":\"fr-FR\",\"potentialAction\":[{\"@type\":\"ReadAction\",\"target\":[\"https:\\\/\\\/www.emz.de\\\/fr\\\/generalites\\\/lemz-accueille-deux-nouveaux-stagiaires\\\/\"]}]},{\"@type\":\"ImageObject\",\"inLanguage\":\"fr-FR\",\"@id\":\"https:\\\/\\\/www.emz.de\\\/fr\\\/generalites\\\/lemz-accueille-deux-nouveaux-stagiaires\\\/#primaryimage\",\"url\":\"https:\\\/\\\/www.emz.de\\\/wp-content\\\/uploads\\\/2022\\\/11\\\/EMZ-Firmenjubilaeum-1-1.jpg\",\"contentUrl\":\"https:\\\/\\\/www.emz.de\\\/wp-content\\\/uploads\\\/2022\\\/11\\\/EMZ-Firmenjubilaeum-1-1.jpg\",\"width\":1200,\"height\":800},{\"@type\":\"BreadcrumbList\",\"@id\":\"https:\\\/\\\/www.emz.de\\\/fr\\\/generalites\\\/lemz-accueille-deux-nouveaux-stagiaires\\\/#breadcrumb\",\"itemListElement\":[{\"@type\":\"ListItem\",\"position\":1,\"name\":\"Home\",\"item\":\"https:\\\/\\\/www.emz.de\\\/fr\\\/\"},{\"@type\":\"ListItem\",\"position\":2,\"name\":\"L&#8217;EMZ accueille deux nouveaux stagiaires!\"}]},{\"@type\":\"WebSite\",\"@id\":\"https:\\\/\\\/www.emz.de\\\/fr\\\/#website\",\"url\":\"https:\\\/\\\/www.emz.de\\\/fr\\\/\",\"name\":\"EMZ Elektromotoren f\u00fcr Hochspannung und Niederspannung\",\"description\":\"Spezialist f\u00fcr elektrische Antriebstechnik\",\"publisher\":{\"@id\":\"https:\\\/\\\/www.emz.de\\\/fr\\\/#organization\"},\"alternateName\":\"EMZ\",\"potentialAction\":[{\"@type\":\"SearchAction\",\"target\":{\"@type\":\"EntryPoint\",\"urlTemplate\":\"https:\\\/\\\/www.emz.de\\\/fr\\\/?s={search_term_string}\"},\"query-input\":{\"@type\":\"PropertyValueSpecification\",\"valueRequired\":true,\"valueName\":\"search_term_string\"}}],\"inLanguage\":\"fr-FR\"},{\"@type\":\"Organization\",\"@id\":\"https:\\\/\\\/www.emz.de\\\/fr\\\/#organization\",\"name\":\"EMZ Elektro-Maschinen-Zentrale GmbH\",\"alternateName\":\"EMZ\",\"url\":\"https:\\\/\\\/www.emz.de\\\/fr\\\/\",\"logo\":{\"@type\":\"ImageObject\",\"inLanguage\":\"fr-FR\",\"@id\":\"https:\\\/\\\/www.emz.de\\\/fr\\\/#\\\/schema\\\/logo\\\/image\\\/\",\"url\":\"https:\\\/\\\/www.emz.de\\\/wp-content\\\/uploads\\\/2022\\\/07\\\/EMZ_Logo_RGB_mitClaim_Positiv_2-farbig_Hellblau-Dunkelblau.svg\",\"contentUrl\":\"https:\\\/\\\/www.emz.de\\\/wp-content\\\/uploads\\\/2022\\\/07\\\/EMZ_Logo_RGB_mitClaim_Positiv_2-farbig_Hellblau-Dunkelblau.svg\",\"width\":\"1024\",\"height\":\"1024\",\"caption\":\"EMZ Elektro-Maschinen-Zentrale GmbH\"},\"image\":{\"@id\":\"https:\\\/\\\/www.emz.de\\\/fr\\\/#\\\/schema\\\/logo\\\/image\\\/\"},\"sameAs\":[\"https:\\\/\\\/www.facebook.com\\\/EMZdeutschland\",\"https:\\\/\\\/www.linkedin.com\\\/company\\\/emz-elektro-maschinen-zentrale-gmbh\\\/?originalSubdomain=de\",\"https:\\\/\\\/www.youtube.com\\\/channel\\\/UCajQ_5Xm-hS2H16Liwf5UAQ\\\/featured\",\"https:\\\/\\\/www.xing.com\\\/pages\\\/emz-elektro-maschinen-zentrale-gmbh\"]},{\"@type\":\"Person\",\"@id\":\"https:\\\/\\\/www.emz.de\\\/fr\\\/#\\\/schema\\\/person\\\/26f60b7d341bd325a1b226e6c0fa8f91\",\"name\":\"Azra Yelmen\"}]}<\/script>\n<!-- \/ Yoast SEO plugin. -->","yoast_head_json":{"title":"L'EMZ accueille deux nouveaux stagiaires! | EMZ","robots":{"index":"index","follow":"follow","max-snippet":"max-snippet:-1","max-image-preview":"max-image-preview:large","max-video-preview":"max-video-preview:-1"},"canonical":"https:\/\/www.emz.de\/fr\/generalites\/lemz-accueille-deux-nouveaux-stagiaires\/","og_locale":"fr_FR","og_type":"article","og_title":"L'EMZ accueille deux nouveaux stagiaires! | EMZ","og_description":"A l&rsquo;EMZ, nous accueillons deux nouveaux stagiaires \u00e0 partir du 01 ao\u00fbt 2021. Tristan a commenc\u00e9 un apprentissage de commer\u00e7ant en gestion du commerce de gros et ext\u00e9rieur, au cours duquel il passera par diff\u00e9rentes stations \u00e0 l&rsquo;EMZ. Lukas a commenc\u00e9 un apprentissage d&rsquo;\u00e9lectronicien pour la technologie des machines et des entra\u00eenements et apportera d\u00e9sormais...","og_url":"https:\/\/www.emz.de\/fr\/generalites\/lemz-accueille-deux-nouveaux-stagiaires\/","og_site_name":"EMZ","article_publisher":"https:\/\/www.facebook.com\/EMZdeutschland","article_published_time":"2021-08-16T06:00:33+00:00","og_image":[{"width":1200,"height":630,"url":"https:\/\/www.emz.de\/wp-content\/uploads\/2022\/11\/EMZ-elektro-Maschinen-Zentrale-social.jpg","type":"image\/jpeg"}],"author":"Azra Yelmen","twitter_card":"summary_large_image","schema":{"@context":"https:\/\/schema.org","@graph":[{"@type":"NewsArticle","@id":"https:\/\/www.emz.de\/fr\/generalites\/lemz-accueille-deux-nouveaux-stagiaires\/#article","isPartOf":{"@id":"https:\/\/www.emz.de\/fr\/generalites\/lemz-accueille-deux-nouveaux-stagiaires\/"},"author":{"name":"Azra Yelmen","@id":"https:\/\/www.emz.de\/fr\/#\/schema\/person\/26f60b7d341bd325a1b226e6c0fa8f91"},"headline":"L&rsquo;EMZ accueille deux nouveaux stagiaires!","datePublished":"2021-08-16T06:00:33+00:00","mainEntityOfPage":{"@id":"https:\/\/www.emz.de\/fr\/generalites\/lemz-accueille-deux-nouveaux-stagiaires\/"},"wordCount":81,"publisher":{"@id":"https:\/\/www.emz.de\/fr\/#organization"},"image":{"@id":"https:\/\/www.emz.de\/fr\/generalites\/lemz-accueille-deux-nouveaux-stagiaires\/#primaryimage"},"thumbnailUrl":"https:\/\/www.emz.de\/wp-content\/uploads\/2022\/11\/EMZ-Firmenjubilaeum-1-1.jpg","keywords":["Apprentis","emz","l'apprentissage","l'\u00e9lectronicien","marchand","Technique d'entra\u00eenement"],"articleSection":["GENERALITES"],"inLanguage":"fr-FR"},{"@type":"WebPage","@id":"https:\/\/www.emz.de\/fr\/generalites\/lemz-accueille-deux-nouveaux-stagiaires\/","url":"https:\/\/www.emz.de\/fr\/generalites\/lemz-accueille-deux-nouveaux-stagiaires\/","name":"L'EMZ accueille deux nouveaux stagiaires! | EMZ","isPartOf":{"@id":"https:\/\/www.emz.de\/fr\/#website"},"primaryImageOfPage":{"@id":"https:\/\/www.emz.de\/fr\/generalites\/lemz-accueille-deux-nouveaux-stagiaires\/#primaryimage"},"image":{"@id":"https:\/\/www.emz.de\/fr\/generalites\/lemz-accueille-deux-nouveaux-stagiaires\/#primaryimage"},"thumbnailUrl":"https:\/\/www.emz.de\/wp-content\/uploads\/2022\/11\/EMZ-Firmenjubilaeum-1-1.jpg","datePublished":"2021-08-16T06:00:33+00:00","breadcrumb":{"@id":"https:\/\/www.emz.de\/fr\/generalites\/lemz-accueille-deux-nouveaux-stagiaires\/#breadcrumb"},"inLanguage":"fr-FR","potentialAction":[{"@type":"ReadAction","target":["https:\/\/www.emz.de\/fr\/generalites\/lemz-accueille-deux-nouveaux-stagiaires\/"]}]},{"@type":"ImageObject","inLanguage":"fr-FR","@id":"https:\/\/www.emz.de\/fr\/generalites\/lemz-accueille-deux-nouveaux-stagiaires\/#primaryimage","url":"https:\/\/www.emz.de\/wp-content\/uploads\/2022\/11\/EMZ-Firmenjubilaeum-1-1.jpg","contentUrl":"https:\/\/www.emz.de\/wp-content\/uploads\/2022\/11\/EMZ-Firmenjubilaeum-1-1.jpg","width":1200,"height":800},{"@type":"BreadcrumbList","@id":"https:\/\/www.emz.de\/fr\/generalites\/lemz-accueille-deux-nouveaux-stagiaires\/#breadcrumb","itemListElement":[{"@type":"ListItem","position":1,"name":"Home","item":"https:\/\/www.emz.de\/fr\/"},{"@type":"ListItem","position":2,"name":"L&#8217;EMZ accueille deux nouveaux stagiaires!"}]},{"@type":"WebSite","@id":"https:\/\/www.emz.de\/fr\/#website","url":"https:\/\/www.emz.de\/fr\/","name":"EMZ Elektromotoren f\u00fcr Hochspannung und Niederspannung","description":"Spezialist f\u00fcr elektrische Antriebstechnik","publisher":{"@id":"https:\/\/www.emz.de\/fr\/#organization"},"alternateName":"EMZ","potentialAction":[{"@type":"SearchAction","target":{"@type":"EntryPoint","urlTemplate":"https:\/\/www.emz.de\/fr\/?s={search_term_string}"},"query-input":{"@type":"PropertyValueSpecification","valueRequired":true,"valueName":"search_term_string"}}],"inLanguage":"fr-FR"},{"@type":"Organization","@id":"https:\/\/www.emz.de\/fr\/#organization","name":"EMZ Elektro-Maschinen-Zentrale GmbH","alternateName":"EMZ","url":"https:\/\/www.emz.de\/fr\/","logo":{"@type":"ImageObject","inLanguage":"fr-FR","@id":"https:\/\/www.emz.de\/fr\/#\/schema\/logo\/image\/","url":"https:\/\/www.emz.de\/wp-content\/uploads\/2022\/07\/EMZ_Logo_RGB_mitClaim_Positiv_2-farbig_Hellblau-Dunkelblau.svg","contentUrl":"https:\/\/www.emz.de\/wp-content\/uploads\/2022\/07\/EMZ_Logo_RGB_mitClaim_Positiv_2-farbig_Hellblau-Dunkelblau.svg","width":"1024","height":"1024","caption":"EMZ Elektro-Maschinen-Zentrale GmbH"},"image":{"@id":"https:\/\/www.emz.de\/fr\/#\/schema\/logo\/image\/"},"sameAs":["https:\/\/www.facebook.com\/EMZdeutschland","https:\/\/www.linkedin.com\/company\/emz-elektro-maschinen-zentrale-gmbh\/?originalSubdomain=de","https:\/\/www.youtube.com\/channel\/UCajQ_5Xm-hS2H16Liwf5UAQ\/featured","https:\/\/www.xing.com\/pages\/emz-elektro-maschinen-zentrale-gmbh"]},{"@type":"Person","@id":"https:\/\/www.emz.de\/fr\/#\/schema\/person\/26f60b7d341bd325a1b226e6c0fa8f91","name":"Azra Yelmen"}]}},"_links":{"self":[{"href":"https:\/\/www.emz.de\/fr\/wp-json\/wp\/v2\/posts\/4328","targetHints":{"allow":["GET"]}}],"collection":[{"href":"https:\/\/www.emz.de\/fr\/wp-json\/wp\/v2\/posts"}],"about":[{"href":"https:\/\/www.emz.de\/fr\/wp-json\/wp\/v2\/types\/post"}],"author":[{"embeddable":true,"href":"https:\/\/www.emz.de\/fr\/wp-json\/wp\/v2\/users\/6"}],"replies":[{"embeddable":true,"href":"https:\/\/www.emz.de\/fr\/wp-json\/wp\/v2\/comments?post=4328"}],"version-history":[{"count":0,"href":"https:\/\/www.emz.de\/fr\/wp-json\/wp\/v2\/posts\/4328\/revisions"}],"wp:featuredmedia":[{"embeddable":true,"href":"https:\/\/www.emz.de\/fr\/wp-json\/wp\/v2\/media\/5743"}],"wp:attachment":[{"href":"https:\/\/www.emz.de\/fr\/wp-json\/wp\/v2\/media?parent=4328"}],"wp:term":[{"taxonomy":"category","embeddable":true,"href":"https:\/\/www.emz.de\/fr\/wp-json\/wp\/v2\/categories?post=4328"},{"taxonomy":"post_tag","embeddable":true,"href":"https:\/\/www.emz.de\/fr\/wp-json\/wp\/v2\/tags?post=4328"}],"curies":[{"name":"wp","href":"https:\/\/api.w.org\/{rel}","templated":true}]}}