{"id":4337,"date":"2019-09-30T08:00:45","date_gmt":"2019-09-30T06:00:45","guid":{"rendered":"https:\/\/staging.emz.de\/non-classifiee\/emz-a-participe-a-la-course-dentreprise-toprunruhr-viactiv-2019\/"},"modified":"2019-09-30T08:00:45","modified_gmt":"2019-09-30T06:00:45","slug":"emz-a-participe-a-la-course-dentreprise-toprunruhr-viactiv-2019","status":"publish","type":"post","link":"https:\/\/www.emz.de\/fr\/generalites\/emz-a-participe-a-la-course-dentreprise-toprunruhr-viactiv-2019\/","title":{"rendered":"EMZ a particip\u00e9 \u00e0 la course d&rsquo;entreprise TopRunRuhr Viactiv 2019"},"content":{"rendered":"<p><span style=\"color: #ffffff;\">Cette ann\u00e9e, douze employ\u00e9s EMZ ont particip\u00e9 avec succ\u00e8s \u00e0 la 2\u00e8me \u00e9dition de la <a href=\"https:\/\/www.toprun.ruhr\/\">course d\u2019entreprise de TopRunRuhr Viactiv<\/a> sur le terril Hoheward \u00e0 Herten en Allemagne.<\/span><\/p>\n<p><span style=\"color: #ffffff;\">Le jeudi 05 septembre, plus de 2 000 participants se sont rencontr\u00e9 au d\u00e9part. Cette ann\u00e9e, la piste de 6,5 km de long a commenc\u00e9 au cadran solaire sur le terril Hoheward. Marco Schmidt \u00e9tait le coureur EMZ le plus rapide avec un chrono de 29 :51 inf\u00e9rieur \u00e0 30 minutes. Sur le podium EMZ, Kevin Wagner (31:46 minutes) et Ursula Wirth (34:08 minutes) ont suivi. Marko Pezer a termin\u00e9 15e au classement g\u00e9n\u00e9ral avec 35:53 minutes.<\/span><\/p>\n","protected":false},"excerpt":{"rendered":"<p>Cette ann\u00e9e, douze employ\u00e9s EMZ ont particip\u00e9 avec succ\u00e8s \u00e0 la 2\u00e8me \u00e9dition de la course d\u2019entreprise de TopRunRuhr Viactiv sur le terril Hoheward \u00e0 Herten en Allemagne. Le jeudi 05 septembre, plus de 2 000 participants se sont rencontr\u00e9 au d\u00e9part. Cette ann\u00e9e, la piste de 6,5 km de long a commenc\u00e9 au cadran&#8230;<\/p>\n","protected":false},"author":6,"featured_media":5626,"comment_status":"closed","ping_status":"open","sticky":false,"template":"","format":"standard","meta":{"footnotes":""},"categories":[605],"tags":[652,606,654,653,656,655,658,651,657],"class_list":["post-4337","post","type-post","status-publish","format-standard","has-post-thumbnail","hentry","category-generalites","tag-course-dentreprise-de-viactiv","tag-emz-fr","tag-halde-hoheward-fr","tag-herten-fr","tag-kevin-wagner-fr","tag-marco-schmidt-fr","tag-marko-pezer-fr","tag-toprunruhr-fr","tag-ursula-wirth-fr"],"yoast_head":"<!-- This site is optimized with the Yoast SEO plugin v27.4 - https:\/\/yoast.com\/product\/yoast-seo-wordpress\/ -->\n<title>EMZ a particip\u00e9 \u00e0 la course d&#039;entreprise TopRunRuhr Viactiv 2019 | EMZ<\/title>\n<meta name=\"robots\" content=\"index, follow, max-snippet:-1, max-image-preview:large, max-video-preview:-1\" \/>\n<link rel=\"canonical\" href=\"https:\/\/www.emz.de\/fr\/generalites\/emz-a-participe-a-la-course-dentreprise-toprunruhr-viactiv-2019\/\" \/>\n<meta property=\"og:locale\" content=\"fr_FR\" \/>\n<meta property=\"og:type\" content=\"article\" \/>\n<meta property=\"og:title\" content=\"EMZ a particip\u00e9 \u00e0 la course d&#039;entreprise TopRunRuhr Viactiv 2019 | EMZ\" \/>\n<meta property=\"og:description\" content=\"Cette ann\u00e9e, douze employ\u00e9s EMZ ont particip\u00e9 avec succ\u00e8s \u00e0 la 2\u00e8me \u00e9dition de la course d\u2019entreprise de TopRunRuhr Viactiv sur le terril Hoheward \u00e0 Herten en Allemagne. Le jeudi 05 septembre, plus de 2 000 participants se sont rencontr\u00e9 au d\u00e9part. Cette ann\u00e9e, la piste de 6,5 km de long a commenc\u00e9 au cadran...\" \/>\n<meta property=\"og:url\" content=\"https:\/\/www.emz.de\/fr\/generalites\/emz-a-participe-a-la-course-dentreprise-toprunruhr-viactiv-2019\/\" \/>\n<meta property=\"og:site_name\" content=\"EMZ\" \/>\n<meta property=\"article:publisher\" content=\"https:\/\/www.facebook.com\/EMZdeutschland\" \/>\n<meta property=\"article:published_time\" content=\"2019-09-30T06:00:45+00:00\" \/>\n<meta property=\"og:image\" content=\"https:\/\/www.emz.de\/wp-content\/uploads\/2019\/09\/EMZ-News-Nachrichten_0000s_0007_20190930_TopRunRuhr-1.jpg\" \/>\n\t<meta property=\"og:image:width\" content=\"1200\" \/>\n\t<meta property=\"og:image:height\" content=\"800\" \/>\n\t<meta property=\"og:image:type\" content=\"image\/jpeg\" \/>\n<meta name=\"author\" content=\"Azra Yelmen\" \/>\n<meta name=\"twitter:card\" content=\"summary_large_image\" \/>\n<script type=\"application\/ld+json\" class=\"yoast-schema-graph\">{\"@context\":\"https:\\\/\\\/schema.org\",\"@graph\":[{\"@type\":\"NewsArticle\",\"@id\":\"https:\\\/\\\/www.emz.de\\\/fr\\\/generalites\\\/emz-a-participe-a-la-course-dentreprise-toprunruhr-viactiv-2019\\\/#article\",\"isPartOf\":{\"@id\":\"https:\\\/\\\/www.emz.de\\\/fr\\\/generalites\\\/emz-a-participe-a-la-course-dentreprise-toprunruhr-viactiv-2019\\\/\"},\"author\":{\"name\":\"Azra Yelmen\",\"@id\":\"https:\\\/\\\/www.emz.de\\\/fr\\\/#\\\/schema\\\/person\\\/26f60b7d341bd325a1b226e6c0fa8f91\"},\"headline\":\"EMZ a particip\u00e9 \u00e0 la course d&rsquo;entreprise TopRunRuhr Viactiv 2019\",\"datePublished\":\"2019-09-30T06:00:45+00:00\",\"mainEntityOfPage\":{\"@id\":\"https:\\\/\\\/www.emz.de\\\/fr\\\/generalites\\\/emz-a-participe-a-la-course-dentreprise-toprunruhr-viactiv-2019\\\/\"},\"wordCount\":110,\"publisher\":{\"@id\":\"https:\\\/\\\/www.emz.de\\\/fr\\\/#organization\"},\"image\":{\"@id\":\"https:\\\/\\\/www.emz.de\\\/fr\\\/generalites\\\/emz-a-participe-a-la-course-dentreprise-toprunruhr-viactiv-2019\\\/#primaryimage\"},\"thumbnailUrl\":\"https:\\\/\\\/www.emz.de\\\/wp-content\\\/uploads\\\/2019\\\/09\\\/EMZ-News-Nachrichten_0000s_0007_20190930_TopRunRuhr-1.jpg\",\"keywords\":[\"course d'entreprise de Viactiv\",\"emz\",\"Halde Hoheward\",\"Herten\",\"Kevin Wagner\",\"Marco Schmidt\",\"Marko Pezer\",\"TopRunRuhr\",\"Ursula Wirth\"],\"articleSection\":[\"GENERALITES\"],\"inLanguage\":\"fr-FR\"},{\"@type\":\"WebPage\",\"@id\":\"https:\\\/\\\/www.emz.de\\\/fr\\\/generalites\\\/emz-a-participe-a-la-course-dentreprise-toprunruhr-viactiv-2019\\\/\",\"url\":\"https:\\\/\\\/www.emz.de\\\/fr\\\/generalites\\\/emz-a-participe-a-la-course-dentreprise-toprunruhr-viactiv-2019\\\/\",\"name\":\"EMZ a particip\u00e9 \u00e0 la course d'entreprise TopRunRuhr Viactiv 2019 | EMZ\",\"isPartOf\":{\"@id\":\"https:\\\/\\\/www.emz.de\\\/fr\\\/#website\"},\"primaryImageOfPage\":{\"@id\":\"https:\\\/\\\/www.emz.de\\\/fr\\\/generalites\\\/emz-a-participe-a-la-course-dentreprise-toprunruhr-viactiv-2019\\\/#primaryimage\"},\"image\":{\"@id\":\"https:\\\/\\\/www.emz.de\\\/fr\\\/generalites\\\/emz-a-participe-a-la-course-dentreprise-toprunruhr-viactiv-2019\\\/#primaryimage\"},\"thumbnailUrl\":\"https:\\\/\\\/www.emz.de\\\/wp-content\\\/uploads\\\/2019\\\/09\\\/EMZ-News-Nachrichten_0000s_0007_20190930_TopRunRuhr-1.jpg\",\"datePublished\":\"2019-09-30T06:00:45+00:00\",\"breadcrumb\":{\"@id\":\"https:\\\/\\\/www.emz.de\\\/fr\\\/generalites\\\/emz-a-participe-a-la-course-dentreprise-toprunruhr-viactiv-2019\\\/#breadcrumb\"},\"inLanguage\":\"fr-FR\",\"potentialAction\":[{\"@type\":\"ReadAction\",\"target\":[\"https:\\\/\\\/www.emz.de\\\/fr\\\/generalites\\\/emz-a-participe-a-la-course-dentreprise-toprunruhr-viactiv-2019\\\/\"]}]},{\"@type\":\"ImageObject\",\"inLanguage\":\"fr-FR\",\"@id\":\"https:\\\/\\\/www.emz.de\\\/fr\\\/generalites\\\/emz-a-participe-a-la-course-dentreprise-toprunruhr-viactiv-2019\\\/#primaryimage\",\"url\":\"https:\\\/\\\/www.emz.de\\\/wp-content\\\/uploads\\\/2019\\\/09\\\/EMZ-News-Nachrichten_0000s_0007_20190930_TopRunRuhr-1.jpg\",\"contentUrl\":\"https:\\\/\\\/www.emz.de\\\/wp-content\\\/uploads\\\/2019\\\/09\\\/EMZ-News-Nachrichten_0000s_0007_20190930_TopRunRuhr-1.jpg\",\"width\":1200,\"height\":800},{\"@type\":\"BreadcrumbList\",\"@id\":\"https:\\\/\\\/www.emz.de\\\/fr\\\/generalites\\\/emz-a-participe-a-la-course-dentreprise-toprunruhr-viactiv-2019\\\/#breadcrumb\",\"itemListElement\":[{\"@type\":\"ListItem\",\"position\":1,\"name\":\"Home\",\"item\":\"https:\\\/\\\/www.emz.de\\\/fr\\\/\"},{\"@type\":\"ListItem\",\"position\":2,\"name\":\"EMZ a particip\u00e9 \u00e0 la course d&rsquo;entreprise TopRunRuhr Viactiv 2019\"}]},{\"@type\":\"WebSite\",\"@id\":\"https:\\\/\\\/www.emz.de\\\/fr\\\/#website\",\"url\":\"https:\\\/\\\/www.emz.de\\\/fr\\\/\",\"name\":\"EMZ Elektromotoren f\u00fcr Hochspannung und Niederspannung\",\"description\":\"Spezialist f\u00fcr elektrische Antriebstechnik\",\"publisher\":{\"@id\":\"https:\\\/\\\/www.emz.de\\\/fr\\\/#organization\"},\"alternateName\":\"EMZ\",\"potentialAction\":[{\"@type\":\"SearchAction\",\"target\":{\"@type\":\"EntryPoint\",\"urlTemplate\":\"https:\\\/\\\/www.emz.de\\\/fr\\\/?s={search_term_string}\"},\"query-input\":{\"@type\":\"PropertyValueSpecification\",\"valueRequired\":true,\"valueName\":\"search_term_string\"}}],\"inLanguage\":\"fr-FR\"},{\"@type\":\"Organization\",\"@id\":\"https:\\\/\\\/www.emz.de\\\/fr\\\/#organization\",\"name\":\"EMZ Elektro-Maschinen-Zentrale GmbH\",\"alternateName\":\"EMZ\",\"url\":\"https:\\\/\\\/www.emz.de\\\/fr\\\/\",\"logo\":{\"@type\":\"ImageObject\",\"inLanguage\":\"fr-FR\",\"@id\":\"https:\\\/\\\/www.emz.de\\\/fr\\\/#\\\/schema\\\/logo\\\/image\\\/\",\"url\":\"https:\\\/\\\/www.emz.de\\\/wp-content\\\/uploads\\\/2022\\\/07\\\/EMZ_Logo_RGB_mitClaim_Positiv_2-farbig_Hellblau-Dunkelblau.svg\",\"contentUrl\":\"https:\\\/\\\/www.emz.de\\\/wp-content\\\/uploads\\\/2022\\\/07\\\/EMZ_Logo_RGB_mitClaim_Positiv_2-farbig_Hellblau-Dunkelblau.svg\",\"width\":\"1024\",\"height\":\"1024\",\"caption\":\"EMZ Elektro-Maschinen-Zentrale GmbH\"},\"image\":{\"@id\":\"https:\\\/\\\/www.emz.de\\\/fr\\\/#\\\/schema\\\/logo\\\/image\\\/\"},\"sameAs\":[\"https:\\\/\\\/www.facebook.com\\\/EMZdeutschland\",\"https:\\\/\\\/www.linkedin.com\\\/company\\\/emz-elektro-maschinen-zentrale-gmbh\\\/?originalSubdomain=de\",\"https:\\\/\\\/www.youtube.com\\\/channel\\\/UCajQ_5Xm-hS2H16Liwf5UAQ\\\/featured\",\"https:\\\/\\\/www.xing.com\\\/pages\\\/emz-elektro-maschinen-zentrale-gmbh\"]},{\"@type\":\"Person\",\"@id\":\"https:\\\/\\\/www.emz.de\\\/fr\\\/#\\\/schema\\\/person\\\/26f60b7d341bd325a1b226e6c0fa8f91\",\"name\":\"Azra Yelmen\"}]}<\/script>\n<!-- \/ Yoast SEO plugin. -->","yoast_head_json":{"title":"EMZ a particip\u00e9 \u00e0 la course d'entreprise TopRunRuhr Viactiv 2019 | EMZ","robots":{"index":"index","follow":"follow","max-snippet":"max-snippet:-1","max-image-preview":"max-image-preview:large","max-video-preview":"max-video-preview:-1"},"canonical":"https:\/\/www.emz.de\/fr\/generalites\/emz-a-participe-a-la-course-dentreprise-toprunruhr-viactiv-2019\/","og_locale":"fr_FR","og_type":"article","og_title":"EMZ a particip\u00e9 \u00e0 la course d'entreprise TopRunRuhr Viactiv 2019 | EMZ","og_description":"Cette ann\u00e9e, douze employ\u00e9s EMZ ont particip\u00e9 avec succ\u00e8s \u00e0 la 2\u00e8me \u00e9dition de la course d\u2019entreprise de TopRunRuhr Viactiv sur le terril Hoheward \u00e0 Herten en Allemagne. Le jeudi 05 septembre, plus de 2 000 participants se sont rencontr\u00e9 au d\u00e9part. Cette ann\u00e9e, la piste de 6,5 km de long a commenc\u00e9 au cadran...","og_url":"https:\/\/www.emz.de\/fr\/generalites\/emz-a-participe-a-la-course-dentreprise-toprunruhr-viactiv-2019\/","og_site_name":"EMZ","article_publisher":"https:\/\/www.facebook.com\/EMZdeutschland","article_published_time":"2019-09-30T06:00:45+00:00","og_image":[{"width":1200,"height":800,"url":"https:\/\/www.emz.de\/wp-content\/uploads\/2019\/09\/EMZ-News-Nachrichten_0000s_0007_20190930_TopRunRuhr-1.jpg","type":"image\/jpeg"}],"author":"Azra Yelmen","twitter_card":"summary_large_image","schema":{"@context":"https:\/\/schema.org","@graph":[{"@type":"NewsArticle","@id":"https:\/\/www.emz.de\/fr\/generalites\/emz-a-participe-a-la-course-dentreprise-toprunruhr-viactiv-2019\/#article","isPartOf":{"@id":"https:\/\/www.emz.de\/fr\/generalites\/emz-a-participe-a-la-course-dentreprise-toprunruhr-viactiv-2019\/"},"author":{"name":"Azra Yelmen","@id":"https:\/\/www.emz.de\/fr\/#\/schema\/person\/26f60b7d341bd325a1b226e6c0fa8f91"},"headline":"EMZ a particip\u00e9 \u00e0 la course d&rsquo;entreprise TopRunRuhr Viactiv 2019","datePublished":"2019-09-30T06:00:45+00:00","mainEntityOfPage":{"@id":"https:\/\/www.emz.de\/fr\/generalites\/emz-a-participe-a-la-course-dentreprise-toprunruhr-viactiv-2019\/"},"wordCount":110,"publisher":{"@id":"https:\/\/www.emz.de\/fr\/#organization"},"image":{"@id":"https:\/\/www.emz.de\/fr\/generalites\/emz-a-participe-a-la-course-dentreprise-toprunruhr-viactiv-2019\/#primaryimage"},"thumbnailUrl":"https:\/\/www.emz.de\/wp-content\/uploads\/2019\/09\/EMZ-News-Nachrichten_0000s_0007_20190930_TopRunRuhr-1.jpg","keywords":["course d'entreprise de Viactiv","emz","Halde Hoheward","Herten","Kevin Wagner","Marco Schmidt","Marko Pezer","TopRunRuhr","Ursula Wirth"],"articleSection":["GENERALITES"],"inLanguage":"fr-FR"},{"@type":"WebPage","@id":"https:\/\/www.emz.de\/fr\/generalites\/emz-a-participe-a-la-course-dentreprise-toprunruhr-viactiv-2019\/","url":"https:\/\/www.emz.de\/fr\/generalites\/emz-a-participe-a-la-course-dentreprise-toprunruhr-viactiv-2019\/","name":"EMZ a particip\u00e9 \u00e0 la course d'entreprise TopRunRuhr Viactiv 2019 | EMZ","isPartOf":{"@id":"https:\/\/www.emz.de\/fr\/#website"},"primaryImageOfPage":{"@id":"https:\/\/www.emz.de\/fr\/generalites\/emz-a-participe-a-la-course-dentreprise-toprunruhr-viactiv-2019\/#primaryimage"},"image":{"@id":"https:\/\/www.emz.de\/fr\/generalites\/emz-a-participe-a-la-course-dentreprise-toprunruhr-viactiv-2019\/#primaryimage"},"thumbnailUrl":"https:\/\/www.emz.de\/wp-content\/uploads\/2019\/09\/EMZ-News-Nachrichten_0000s_0007_20190930_TopRunRuhr-1.jpg","datePublished":"2019-09-30T06:00:45+00:00","breadcrumb":{"@id":"https:\/\/www.emz.de\/fr\/generalites\/emz-a-participe-a-la-course-dentreprise-toprunruhr-viactiv-2019\/#breadcrumb"},"inLanguage":"fr-FR","potentialAction":[{"@type":"ReadAction","target":["https:\/\/www.emz.de\/fr\/generalites\/emz-a-participe-a-la-course-dentreprise-toprunruhr-viactiv-2019\/"]}]},{"@type":"ImageObject","inLanguage":"fr-FR","@id":"https:\/\/www.emz.de\/fr\/generalites\/emz-a-participe-a-la-course-dentreprise-toprunruhr-viactiv-2019\/#primaryimage","url":"https:\/\/www.emz.de\/wp-content\/uploads\/2019\/09\/EMZ-News-Nachrichten_0000s_0007_20190930_TopRunRuhr-1.jpg","contentUrl":"https:\/\/www.emz.de\/wp-content\/uploads\/2019\/09\/EMZ-News-Nachrichten_0000s_0007_20190930_TopRunRuhr-1.jpg","width":1200,"height":800},{"@type":"BreadcrumbList","@id":"https:\/\/www.emz.de\/fr\/generalites\/emz-a-participe-a-la-course-dentreprise-toprunruhr-viactiv-2019\/#breadcrumb","itemListElement":[{"@type":"ListItem","position":1,"name":"Home","item":"https:\/\/www.emz.de\/fr\/"},{"@type":"ListItem","position":2,"name":"EMZ a particip\u00e9 \u00e0 la course d&rsquo;entreprise TopRunRuhr Viactiv 2019"}]},{"@type":"WebSite","@id":"https:\/\/www.emz.de\/fr\/#website","url":"https:\/\/www.emz.de\/fr\/","name":"EMZ Elektromotoren f\u00fcr Hochspannung und Niederspannung","description":"Spezialist f\u00fcr elektrische Antriebstechnik","publisher":{"@id":"https:\/\/www.emz.de\/fr\/#organization"},"alternateName":"EMZ","potentialAction":[{"@type":"SearchAction","target":{"@type":"EntryPoint","urlTemplate":"https:\/\/www.emz.de\/fr\/?s={search_term_string}"},"query-input":{"@type":"PropertyValueSpecification","valueRequired":true,"valueName":"search_term_string"}}],"inLanguage":"fr-FR"},{"@type":"Organization","@id":"https:\/\/www.emz.de\/fr\/#organization","name":"EMZ Elektro-Maschinen-Zentrale GmbH","alternateName":"EMZ","url":"https:\/\/www.emz.de\/fr\/","logo":{"@type":"ImageObject","inLanguage":"fr-FR","@id":"https:\/\/www.emz.de\/fr\/#\/schema\/logo\/image\/","url":"https:\/\/www.emz.de\/wp-content\/uploads\/2022\/07\/EMZ_Logo_RGB_mitClaim_Positiv_2-farbig_Hellblau-Dunkelblau.svg","contentUrl":"https:\/\/www.emz.de\/wp-content\/uploads\/2022\/07\/EMZ_Logo_RGB_mitClaim_Positiv_2-farbig_Hellblau-Dunkelblau.svg","width":"1024","height":"1024","caption":"EMZ Elektro-Maschinen-Zentrale GmbH"},"image":{"@id":"https:\/\/www.emz.de\/fr\/#\/schema\/logo\/image\/"},"sameAs":["https:\/\/www.facebook.com\/EMZdeutschland","https:\/\/www.linkedin.com\/company\/emz-elektro-maschinen-zentrale-gmbh\/?originalSubdomain=de","https:\/\/www.youtube.com\/channel\/UCajQ_5Xm-hS2H16Liwf5UAQ\/featured","https:\/\/www.xing.com\/pages\/emz-elektro-maschinen-zentrale-gmbh"]},{"@type":"Person","@id":"https:\/\/www.emz.de\/fr\/#\/schema\/person\/26f60b7d341bd325a1b226e6c0fa8f91","name":"Azra Yelmen"}]}},"_links":{"self":[{"href":"https:\/\/www.emz.de\/fr\/wp-json\/wp\/v2\/posts\/4337","targetHints":{"allow":["GET"]}}],"collection":[{"href":"https:\/\/www.emz.de\/fr\/wp-json\/wp\/v2\/posts"}],"about":[{"href":"https:\/\/www.emz.de\/fr\/wp-json\/wp\/v2\/types\/post"}],"author":[{"embeddable":true,"href":"https:\/\/www.emz.de\/fr\/wp-json\/wp\/v2\/users\/6"}],"replies":[{"embeddable":true,"href":"https:\/\/www.emz.de\/fr\/wp-json\/wp\/v2\/comments?post=4337"}],"version-history":[{"count":0,"href":"https:\/\/www.emz.de\/fr\/wp-json\/wp\/v2\/posts\/4337\/revisions"}],"wp:featuredmedia":[{"embeddable":true,"href":"https:\/\/www.emz.de\/fr\/wp-json\/wp\/v2\/media\/5626"}],"wp:attachment":[{"href":"https:\/\/www.emz.de\/fr\/wp-json\/wp\/v2\/media?parent=4337"}],"wp:term":[{"taxonomy":"category","embeddable":true,"href":"https:\/\/www.emz.de\/fr\/wp-json\/wp\/v2\/categories?post=4337"},{"taxonomy":"post_tag","embeddable":true,"href":"https:\/\/www.emz.de\/fr\/wp-json\/wp\/v2\/tags?post=4337"}],"curies":[{"name":"wp","href":"https:\/\/api.w.org\/{rel}","templated":true}]}}