{"id":4340,"date":"2019-01-16T08:00:23","date_gmt":"2019-01-16T07:00:23","guid":{"rendered":"https:\/\/staging.emz.de\/non-classifiee\/emz-cloture-2018-avec-de-bons-resultats\/"},"modified":"2019-01-16T08:00:23","modified_gmt":"2019-01-16T07:00:23","slug":"emz-cloture-2018-avec-de-bons-resultats","status":"publish","type":"post","link":"https:\/\/www.emz.de\/fr\/generalites\/emz-cloture-2018-avec-de-bons-resultats\/","title":{"rendered":"EMZ cl\u00f4ture 2018 avec de bons r\u00e9sultats"},"content":{"rendered":"<p><span style=\"color: #ffffff;\">Au cours de l\u2019exercice \u00e9coul\u00e9, l\u2019excellent niveau de l\u2019ann\u00e9e pr\u00e9c\u00e9dente a pu \u00eatre maintenu. En particulier, les domaines des moteurs basse tension EMK et des grandes machines EMZ ont poursuivi leur d\u00e9veloppement.<\/span><\/p>\n","protected":false},"excerpt":{"rendered":"<p>Au cours de l\u2019exercice \u00e9coul\u00e9, l\u2019excellent niveau de l\u2019ann\u00e9e pr\u00e9c\u00e9dente a pu \u00eatre maintenu. En particulier, les domaines des moteurs basse tension EMK et des grandes machines EMZ ont poursuivi leur d\u00e9veloppement.<\/p>\n","protected":false},"author":6,"featured_media":5661,"comment_status":"closed","ping_status":"open","sticky":false,"template":"","format":"standard","meta":{"footnotes":""},"categories":[605],"tags":[673,672,606],"class_list":["post-4340","post","type-post","status-publish","format-standard","has-post-thumbnail","hentry","category-generalites","tag-2018-fr","tag-emk-fr","tag-emz-fr"],"yoast_head":"<!-- This site is optimized with the Yoast SEO plugin v27.4 - https:\/\/yoast.com\/product\/yoast-seo-wordpress\/ -->\n<title>EMZ cl\u00f4ture 2018 avec de bons r\u00e9sultats | EMZ<\/title>\n<meta name=\"robots\" content=\"index, follow, max-snippet:-1, max-image-preview:large, max-video-preview:-1\" \/>\n<link rel=\"canonical\" href=\"https:\/\/www.emz.de\/fr\/generalites\/emz-cloture-2018-avec-de-bons-resultats\/\" \/>\n<meta property=\"og:locale\" content=\"fr_FR\" \/>\n<meta property=\"og:type\" content=\"article\" \/>\n<meta property=\"og:title\" content=\"EMZ cl\u00f4ture 2018 avec de bons r\u00e9sultats | EMZ\" \/>\n<meta property=\"og:description\" content=\"Au cours de l\u2019exercice \u00e9coul\u00e9, l\u2019excellent niveau de l\u2019ann\u00e9e pr\u00e9c\u00e9dente a pu \u00eatre maintenu. En particulier, les domaines des moteurs basse tension EMK et des grandes machines EMZ ont poursuivi leur d\u00e9veloppement.\" \/>\n<meta property=\"og:url\" content=\"https:\/\/www.emz.de\/fr\/generalites\/emz-cloture-2018-avec-de-bons-resultats\/\" \/>\n<meta property=\"og:site_name\" content=\"EMZ\" \/>\n<meta property=\"article:publisher\" content=\"https:\/\/www.facebook.com\/EMZdeutschland\" \/>\n<meta property=\"article:published_time\" content=\"2019-01-16T07:00:23+00:00\" \/>\n<meta property=\"og:image\" content=\"https:\/\/www.emz.de\/wp-content\/uploads\/2019\/01\/EMZ-News-Nachrichten_0000s_0011_20190116_Abschluss-Geschaeftsjahr-2018-1.jpg\" \/>\n\t<meta property=\"og:image:width\" content=\"1200\" \/>\n\t<meta property=\"og:image:height\" content=\"800\" \/>\n\t<meta property=\"og:image:type\" content=\"image\/jpeg\" \/>\n<meta name=\"author\" content=\"Azra Yelmen\" \/>\n<meta name=\"twitter:card\" content=\"summary_large_image\" \/>\n<script type=\"application\/ld+json\" class=\"yoast-schema-graph\">{\"@context\":\"https:\\\/\\\/schema.org\",\"@graph\":[{\"@type\":\"NewsArticle\",\"@id\":\"https:\\\/\\\/www.emz.de\\\/fr\\\/generalites\\\/emz-cloture-2018-avec-de-bons-resultats\\\/#article\",\"isPartOf\":{\"@id\":\"https:\\\/\\\/www.emz.de\\\/fr\\\/generalites\\\/emz-cloture-2018-avec-de-bons-resultats\\\/\"},\"author\":{\"name\":\"Azra Yelmen\",\"@id\":\"https:\\\/\\\/www.emz.de\\\/fr\\\/#\\\/schema\\\/person\\\/26f60b7d341bd325a1b226e6c0fa8f91\"},\"headline\":\"EMZ cl\u00f4ture 2018 avec de bons r\u00e9sultats\",\"datePublished\":\"2019-01-16T07:00:23+00:00\",\"mainEntityOfPage\":{\"@id\":\"https:\\\/\\\/www.emz.de\\\/fr\\\/generalites\\\/emz-cloture-2018-avec-de-bons-resultats\\\/\"},\"wordCount\":47,\"publisher\":{\"@id\":\"https:\\\/\\\/www.emz.de\\\/fr\\\/#organization\"},\"image\":{\"@id\":\"https:\\\/\\\/www.emz.de\\\/fr\\\/generalites\\\/emz-cloture-2018-avec-de-bons-resultats\\\/#primaryimage\"},\"thumbnailUrl\":\"https:\\\/\\\/www.emz.de\\\/wp-content\\\/uploads\\\/2019\\\/01\\\/EMZ-News-Nachrichten_0000s_0011_20190116_Abschluss-Geschaeftsjahr-2018-1.jpg\",\"keywords\":[\"2018\",\"EMK\",\"emz\"],\"articleSection\":[\"GENERALITES\"],\"inLanguage\":\"fr-FR\"},{\"@type\":\"WebPage\",\"@id\":\"https:\\\/\\\/www.emz.de\\\/fr\\\/generalites\\\/emz-cloture-2018-avec-de-bons-resultats\\\/\",\"url\":\"https:\\\/\\\/www.emz.de\\\/fr\\\/generalites\\\/emz-cloture-2018-avec-de-bons-resultats\\\/\",\"name\":\"EMZ cl\u00f4ture 2018 avec de bons r\u00e9sultats | EMZ\",\"isPartOf\":{\"@id\":\"https:\\\/\\\/www.emz.de\\\/fr\\\/#website\"},\"primaryImageOfPage\":{\"@id\":\"https:\\\/\\\/www.emz.de\\\/fr\\\/generalites\\\/emz-cloture-2018-avec-de-bons-resultats\\\/#primaryimage\"},\"image\":{\"@id\":\"https:\\\/\\\/www.emz.de\\\/fr\\\/generalites\\\/emz-cloture-2018-avec-de-bons-resultats\\\/#primaryimage\"},\"thumbnailUrl\":\"https:\\\/\\\/www.emz.de\\\/wp-content\\\/uploads\\\/2019\\\/01\\\/EMZ-News-Nachrichten_0000s_0011_20190116_Abschluss-Geschaeftsjahr-2018-1.jpg\",\"datePublished\":\"2019-01-16T07:00:23+00:00\",\"breadcrumb\":{\"@id\":\"https:\\\/\\\/www.emz.de\\\/fr\\\/generalites\\\/emz-cloture-2018-avec-de-bons-resultats\\\/#breadcrumb\"},\"inLanguage\":\"fr-FR\",\"potentialAction\":[{\"@type\":\"ReadAction\",\"target\":[\"https:\\\/\\\/www.emz.de\\\/fr\\\/generalites\\\/emz-cloture-2018-avec-de-bons-resultats\\\/\"]}]},{\"@type\":\"ImageObject\",\"inLanguage\":\"fr-FR\",\"@id\":\"https:\\\/\\\/www.emz.de\\\/fr\\\/generalites\\\/emz-cloture-2018-avec-de-bons-resultats\\\/#primaryimage\",\"url\":\"https:\\\/\\\/www.emz.de\\\/wp-content\\\/uploads\\\/2019\\\/01\\\/EMZ-News-Nachrichten_0000s_0011_20190116_Abschluss-Geschaeftsjahr-2018-1.jpg\",\"contentUrl\":\"https:\\\/\\\/www.emz.de\\\/wp-content\\\/uploads\\\/2019\\\/01\\\/EMZ-News-Nachrichten_0000s_0011_20190116_Abschluss-Geschaeftsjahr-2018-1.jpg\",\"width\":1200,\"height\":800},{\"@type\":\"BreadcrumbList\",\"@id\":\"https:\\\/\\\/www.emz.de\\\/fr\\\/generalites\\\/emz-cloture-2018-avec-de-bons-resultats\\\/#breadcrumb\",\"itemListElement\":[{\"@type\":\"ListItem\",\"position\":1,\"name\":\"Home\",\"item\":\"https:\\\/\\\/www.emz.de\\\/fr\\\/\"},{\"@type\":\"ListItem\",\"position\":2,\"name\":\"EMZ cl\u00f4ture 2018 avec de bons r\u00e9sultats\"}]},{\"@type\":\"WebSite\",\"@id\":\"https:\\\/\\\/www.emz.de\\\/fr\\\/#website\",\"url\":\"https:\\\/\\\/www.emz.de\\\/fr\\\/\",\"name\":\"EMZ Elektromotoren f\u00fcr Hochspannung und Niederspannung\",\"description\":\"Spezialist f\u00fcr elektrische Antriebstechnik\",\"publisher\":{\"@id\":\"https:\\\/\\\/www.emz.de\\\/fr\\\/#organization\"},\"alternateName\":\"EMZ\",\"potentialAction\":[{\"@type\":\"SearchAction\",\"target\":{\"@type\":\"EntryPoint\",\"urlTemplate\":\"https:\\\/\\\/www.emz.de\\\/fr\\\/?s={search_term_string}\"},\"query-input\":{\"@type\":\"PropertyValueSpecification\",\"valueRequired\":true,\"valueName\":\"search_term_string\"}}],\"inLanguage\":\"fr-FR\"},{\"@type\":\"Organization\",\"@id\":\"https:\\\/\\\/www.emz.de\\\/fr\\\/#organization\",\"name\":\"EMZ Elektro-Maschinen-Zentrale GmbH\",\"alternateName\":\"EMZ\",\"url\":\"https:\\\/\\\/www.emz.de\\\/fr\\\/\",\"logo\":{\"@type\":\"ImageObject\",\"inLanguage\":\"fr-FR\",\"@id\":\"https:\\\/\\\/www.emz.de\\\/fr\\\/#\\\/schema\\\/logo\\\/image\\\/\",\"url\":\"https:\\\/\\\/www.emz.de\\\/wp-content\\\/uploads\\\/2022\\\/07\\\/EMZ_Logo_RGB_mitClaim_Positiv_2-farbig_Hellblau-Dunkelblau.svg\",\"contentUrl\":\"https:\\\/\\\/www.emz.de\\\/wp-content\\\/uploads\\\/2022\\\/07\\\/EMZ_Logo_RGB_mitClaim_Positiv_2-farbig_Hellblau-Dunkelblau.svg\",\"width\":\"1024\",\"height\":\"1024\",\"caption\":\"EMZ Elektro-Maschinen-Zentrale GmbH\"},\"image\":{\"@id\":\"https:\\\/\\\/www.emz.de\\\/fr\\\/#\\\/schema\\\/logo\\\/image\\\/\"},\"sameAs\":[\"https:\\\/\\\/www.facebook.com\\\/EMZdeutschland\",\"https:\\\/\\\/www.linkedin.com\\\/company\\\/emz-elektro-maschinen-zentrale-gmbh\\\/?originalSubdomain=de\",\"https:\\\/\\\/www.youtube.com\\\/channel\\\/UCajQ_5Xm-hS2H16Liwf5UAQ\\\/featured\",\"https:\\\/\\\/www.xing.com\\\/pages\\\/emz-elektro-maschinen-zentrale-gmbh\"]},{\"@type\":\"Person\",\"@id\":\"https:\\\/\\\/www.emz.de\\\/fr\\\/#\\\/schema\\\/person\\\/26f60b7d341bd325a1b226e6c0fa8f91\",\"name\":\"Azra Yelmen\"}]}<\/script>\n<!-- \/ Yoast SEO plugin. -->","yoast_head_json":{"title":"EMZ cl\u00f4ture 2018 avec de bons r\u00e9sultats | EMZ","robots":{"index":"index","follow":"follow","max-snippet":"max-snippet:-1","max-image-preview":"max-image-preview:large","max-video-preview":"max-video-preview:-1"},"canonical":"https:\/\/www.emz.de\/fr\/generalites\/emz-cloture-2018-avec-de-bons-resultats\/","og_locale":"fr_FR","og_type":"article","og_title":"EMZ cl\u00f4ture 2018 avec de bons r\u00e9sultats | EMZ","og_description":"Au cours de l\u2019exercice \u00e9coul\u00e9, l\u2019excellent niveau de l\u2019ann\u00e9e pr\u00e9c\u00e9dente a pu \u00eatre maintenu. En particulier, les domaines des moteurs basse tension EMK et des grandes machines EMZ ont poursuivi leur d\u00e9veloppement.","og_url":"https:\/\/www.emz.de\/fr\/generalites\/emz-cloture-2018-avec-de-bons-resultats\/","og_site_name":"EMZ","article_publisher":"https:\/\/www.facebook.com\/EMZdeutschland","article_published_time":"2019-01-16T07:00:23+00:00","og_image":[{"width":1200,"height":800,"url":"https:\/\/www.emz.de\/wp-content\/uploads\/2019\/01\/EMZ-News-Nachrichten_0000s_0011_20190116_Abschluss-Geschaeftsjahr-2018-1.jpg","type":"image\/jpeg"}],"author":"Azra Yelmen","twitter_card":"summary_large_image","schema":{"@context":"https:\/\/schema.org","@graph":[{"@type":"NewsArticle","@id":"https:\/\/www.emz.de\/fr\/generalites\/emz-cloture-2018-avec-de-bons-resultats\/#article","isPartOf":{"@id":"https:\/\/www.emz.de\/fr\/generalites\/emz-cloture-2018-avec-de-bons-resultats\/"},"author":{"name":"Azra Yelmen","@id":"https:\/\/www.emz.de\/fr\/#\/schema\/person\/26f60b7d341bd325a1b226e6c0fa8f91"},"headline":"EMZ cl\u00f4ture 2018 avec de bons r\u00e9sultats","datePublished":"2019-01-16T07:00:23+00:00","mainEntityOfPage":{"@id":"https:\/\/www.emz.de\/fr\/generalites\/emz-cloture-2018-avec-de-bons-resultats\/"},"wordCount":47,"publisher":{"@id":"https:\/\/www.emz.de\/fr\/#organization"},"image":{"@id":"https:\/\/www.emz.de\/fr\/generalites\/emz-cloture-2018-avec-de-bons-resultats\/#primaryimage"},"thumbnailUrl":"https:\/\/www.emz.de\/wp-content\/uploads\/2019\/01\/EMZ-News-Nachrichten_0000s_0011_20190116_Abschluss-Geschaeftsjahr-2018-1.jpg","keywords":["2018","EMK","emz"],"articleSection":["GENERALITES"],"inLanguage":"fr-FR"},{"@type":"WebPage","@id":"https:\/\/www.emz.de\/fr\/generalites\/emz-cloture-2018-avec-de-bons-resultats\/","url":"https:\/\/www.emz.de\/fr\/generalites\/emz-cloture-2018-avec-de-bons-resultats\/","name":"EMZ cl\u00f4ture 2018 avec de bons r\u00e9sultats | EMZ","isPartOf":{"@id":"https:\/\/www.emz.de\/fr\/#website"},"primaryImageOfPage":{"@id":"https:\/\/www.emz.de\/fr\/generalites\/emz-cloture-2018-avec-de-bons-resultats\/#primaryimage"},"image":{"@id":"https:\/\/www.emz.de\/fr\/generalites\/emz-cloture-2018-avec-de-bons-resultats\/#primaryimage"},"thumbnailUrl":"https:\/\/www.emz.de\/wp-content\/uploads\/2019\/01\/EMZ-News-Nachrichten_0000s_0011_20190116_Abschluss-Geschaeftsjahr-2018-1.jpg","datePublished":"2019-01-16T07:00:23+00:00","breadcrumb":{"@id":"https:\/\/www.emz.de\/fr\/generalites\/emz-cloture-2018-avec-de-bons-resultats\/#breadcrumb"},"inLanguage":"fr-FR","potentialAction":[{"@type":"ReadAction","target":["https:\/\/www.emz.de\/fr\/generalites\/emz-cloture-2018-avec-de-bons-resultats\/"]}]},{"@type":"ImageObject","inLanguage":"fr-FR","@id":"https:\/\/www.emz.de\/fr\/generalites\/emz-cloture-2018-avec-de-bons-resultats\/#primaryimage","url":"https:\/\/www.emz.de\/wp-content\/uploads\/2019\/01\/EMZ-News-Nachrichten_0000s_0011_20190116_Abschluss-Geschaeftsjahr-2018-1.jpg","contentUrl":"https:\/\/www.emz.de\/wp-content\/uploads\/2019\/01\/EMZ-News-Nachrichten_0000s_0011_20190116_Abschluss-Geschaeftsjahr-2018-1.jpg","width":1200,"height":800},{"@type":"BreadcrumbList","@id":"https:\/\/www.emz.de\/fr\/generalites\/emz-cloture-2018-avec-de-bons-resultats\/#breadcrumb","itemListElement":[{"@type":"ListItem","position":1,"name":"Home","item":"https:\/\/www.emz.de\/fr\/"},{"@type":"ListItem","position":2,"name":"EMZ cl\u00f4ture 2018 avec de bons r\u00e9sultats"}]},{"@type":"WebSite","@id":"https:\/\/www.emz.de\/fr\/#website","url":"https:\/\/www.emz.de\/fr\/","name":"EMZ Elektromotoren f\u00fcr Hochspannung und Niederspannung","description":"Spezialist f\u00fcr elektrische Antriebstechnik","publisher":{"@id":"https:\/\/www.emz.de\/fr\/#organization"},"alternateName":"EMZ","potentialAction":[{"@type":"SearchAction","target":{"@type":"EntryPoint","urlTemplate":"https:\/\/www.emz.de\/fr\/?s={search_term_string}"},"query-input":{"@type":"PropertyValueSpecification","valueRequired":true,"valueName":"search_term_string"}}],"inLanguage":"fr-FR"},{"@type":"Organization","@id":"https:\/\/www.emz.de\/fr\/#organization","name":"EMZ Elektro-Maschinen-Zentrale GmbH","alternateName":"EMZ","url":"https:\/\/www.emz.de\/fr\/","logo":{"@type":"ImageObject","inLanguage":"fr-FR","@id":"https:\/\/www.emz.de\/fr\/#\/schema\/logo\/image\/","url":"https:\/\/www.emz.de\/wp-content\/uploads\/2022\/07\/EMZ_Logo_RGB_mitClaim_Positiv_2-farbig_Hellblau-Dunkelblau.svg","contentUrl":"https:\/\/www.emz.de\/wp-content\/uploads\/2022\/07\/EMZ_Logo_RGB_mitClaim_Positiv_2-farbig_Hellblau-Dunkelblau.svg","width":"1024","height":"1024","caption":"EMZ Elektro-Maschinen-Zentrale GmbH"},"image":{"@id":"https:\/\/www.emz.de\/fr\/#\/schema\/logo\/image\/"},"sameAs":["https:\/\/www.facebook.com\/EMZdeutschland","https:\/\/www.linkedin.com\/company\/emz-elektro-maschinen-zentrale-gmbh\/?originalSubdomain=de","https:\/\/www.youtube.com\/channel\/UCajQ_5Xm-hS2H16Liwf5UAQ\/featured","https:\/\/www.xing.com\/pages\/emz-elektro-maschinen-zentrale-gmbh"]},{"@type":"Person","@id":"https:\/\/www.emz.de\/fr\/#\/schema\/person\/26f60b7d341bd325a1b226e6c0fa8f91","name":"Azra Yelmen"}]}},"_links":{"self":[{"href":"https:\/\/www.emz.de\/fr\/wp-json\/wp\/v2\/posts\/4340","targetHints":{"allow":["GET"]}}],"collection":[{"href":"https:\/\/www.emz.de\/fr\/wp-json\/wp\/v2\/posts"}],"about":[{"href":"https:\/\/www.emz.de\/fr\/wp-json\/wp\/v2\/types\/post"}],"author":[{"embeddable":true,"href":"https:\/\/www.emz.de\/fr\/wp-json\/wp\/v2\/users\/6"}],"replies":[{"embeddable":true,"href":"https:\/\/www.emz.de\/fr\/wp-json\/wp\/v2\/comments?post=4340"}],"version-history":[{"count":0,"href":"https:\/\/www.emz.de\/fr\/wp-json\/wp\/v2\/posts\/4340\/revisions"}],"wp:featuredmedia":[{"embeddable":true,"href":"https:\/\/www.emz.de\/fr\/wp-json\/wp\/v2\/media\/5661"}],"wp:attachment":[{"href":"https:\/\/www.emz.de\/fr\/wp-json\/wp\/v2\/media?parent=4340"}],"wp:term":[{"taxonomy":"category","embeddable":true,"href":"https:\/\/www.emz.de\/fr\/wp-json\/wp\/v2\/categories?post=4340"},{"taxonomy":"post_tag","embeddable":true,"href":"https:\/\/www.emz.de\/fr\/wp-json\/wp\/v2\/tags?post=4340"}],"curies":[{"name":"wp","href":"https:\/\/api.w.org\/{rel}","templated":true}]}}