{"id":4341,"date":"2018-11-09T08:00:01","date_gmt":"2018-11-09T07:00:01","guid":{"rendered":"https:\/\/staging.emz.de\/non-classifiee\/nouveaux-visages-dans-la-distribution-emz\/"},"modified":"2018-11-09T08:00:01","modified_gmt":"2018-11-09T07:00:01","slug":"nouveaux-visages-dans-la-distribution-emz","status":"publish","type":"post","link":"https:\/\/www.emz.de\/fr\/generalites\/nouveaux-visages-dans-la-distribution-emz\/","title":{"rendered":"Nouveaux visages dans la distribution EMZ"},"content":{"rendered":"<p><span style=\"color: #ffffff;\">Trois nouveaux collaborateurs pour l&rsquo;\u00e9quipe de vente EMZ \u00e0 Recklinghausen.<\/span><\/p>\n<p><span style=\"color: #ffffff;\">Avec Kadri Oynak, Malte Budde et Lewin Hasenburg, nous accueillons trois nouveaux collaborateurs dans notre \u00e9quipe. Kadri Oynak et Malte Budde ont de l&rsquo;exp\u00e9rience dans la vente technique et apporteront leur soutien \u00e0 notre distribution basse tension avec effet imm\u00e9diat. Lewin Hasenburg est un ma\u00eetre \u00e9lectricien qualifi\u00e9 et assistera nos ventes haute tension.<\/span><\/p>\n<p><span style=\"color: #ffffff;\">Ensemble, nous sommes all\u00e9s au bowling pour apprendre \u00e0 nous conna\u00eetre.<\/span><\/p>\n<p><span style=\"color: #ffffff;\">Nous souhaitons aux nouveaux coll\u00e8gues un bon d\u00e9part en tant dans l\u2019\u00e9quipe EMZ.<\/span><\/p>\n<p><span style=\"color: #ffffff;\">Vous pouvez vous informer <a style=\"color: #ffffff;\" href=\"https:\/\/www.emz.de\/de\/kontakt\/ansprechpartner-deutschland\" target=\"_self\" rel=\"noopener\">ici<\/a> sur notre \u00e9quipe EMZ.<\/span><\/p>\n","protected":false},"excerpt":{"rendered":"<p>Trois nouveaux collaborateurs pour l&rsquo;\u00e9quipe de vente EMZ \u00e0 Recklinghausen. Avec Kadri Oynak, Malte Budde et Lewin Hasenburg, nous accueillons trois nouveaux collaborateurs dans notre \u00e9quipe. Kadri Oynak et Malte Budde ont de l&rsquo;exp\u00e9rience dans la vente technique et apporteront leur soutien \u00e0 notre distribution basse tension avec effet imm\u00e9diat. Lewin Hasenburg est un ma\u00eetre&#8230;<\/p>\n","protected":false},"author":6,"featured_media":5389,"comment_status":"closed","ping_status":"open","sticky":false,"template":"","format":"standard","meta":{"footnotes":""},"categories":[605],"tags":[677,675,682,684,606,681,676,678,680,683,679,674,633,685],"class_list":["post-4341","post","type-post","status-publish","format-standard","has-post-thumbnail","hentry","category-generalites","tag-collaborateurs","tag-depart","tag-distribution-basse-tension","tag-distribution-haute-tension","tag-emz-fr","tag-equipe","tag-equipe-de-vente","tag-kadri-oynak-fr","tag-lewin-hasenburg-fr","tag-maitre-electricien","tag-malte-budde-fr","tag-nouveaux-collegues","tag-recklinghausen-fr","tag-vente-technique"],"yoast_head":"<!-- This site is optimized with the Yoast SEO plugin v27.4 - https:\/\/yoast.com\/product\/yoast-seo-wordpress\/ -->\n<title>Nouveaux visages dans la distribution EMZ | EMZ<\/title>\n<meta name=\"robots\" content=\"index, follow, max-snippet:-1, max-image-preview:large, max-video-preview:-1\" \/>\n<link rel=\"canonical\" href=\"https:\/\/www.emz.de\/fr\/generalites\/nouveaux-visages-dans-la-distribution-emz\/\" \/>\n<meta property=\"og:locale\" content=\"fr_FR\" \/>\n<meta property=\"og:type\" content=\"article\" \/>\n<meta property=\"og:title\" content=\"Nouveaux visages dans la distribution EMZ | EMZ\" \/>\n<meta property=\"og:description\" content=\"Trois nouveaux collaborateurs pour l&rsquo;\u00e9quipe de vente EMZ \u00e0 Recklinghausen. Avec Kadri Oynak, Malte Budde et Lewin Hasenburg, nous accueillons trois nouveaux collaborateurs dans notre \u00e9quipe. Kadri Oynak et Malte Budde ont de l&rsquo;exp\u00e9rience dans la vente technique et apporteront leur soutien \u00e0 notre distribution basse tension avec effet imm\u00e9diat. Lewin Hasenburg est un ma\u00eetre...\" \/>\n<meta property=\"og:url\" content=\"https:\/\/www.emz.de\/fr\/generalites\/nouveaux-visages-dans-la-distribution-emz\/\" \/>\n<meta property=\"og:site_name\" content=\"EMZ\" \/>\n<meta property=\"article:publisher\" content=\"https:\/\/www.facebook.com\/EMZdeutschland\" \/>\n<meta property=\"article:published_time\" content=\"2018-11-09T07:00:01+00:00\" \/>\n<meta property=\"og:image\" content=\"https:\/\/www.emz.de\/wp-content\/uploads\/2018\/11\/EMZ-News-Nachrichten_0000s_0012_20181109_Neue-Mitarbeiter-Vertrieb.jpg\" \/>\n\t<meta property=\"og:image:width\" content=\"1200\" \/>\n\t<meta property=\"og:image:height\" content=\"800\" \/>\n\t<meta property=\"og:image:type\" content=\"image\/jpeg\" \/>\n<meta name=\"author\" content=\"Azra Yelmen\" \/>\n<meta name=\"twitter:card\" content=\"summary_large_image\" \/>\n<script type=\"application\/ld+json\" class=\"yoast-schema-graph\">{\"@context\":\"https:\\\/\\\/schema.org\",\"@graph\":[{\"@type\":\"NewsArticle\",\"@id\":\"https:\\\/\\\/www.emz.de\\\/fr\\\/generalites\\\/nouveaux-visages-dans-la-distribution-emz\\\/#article\",\"isPartOf\":{\"@id\":\"https:\\\/\\\/www.emz.de\\\/fr\\\/generalites\\\/nouveaux-visages-dans-la-distribution-emz\\\/\"},\"author\":{\"name\":\"Azra Yelmen\",\"@id\":\"https:\\\/\\\/www.emz.de\\\/fr\\\/#\\\/schema\\\/person\\\/26f60b7d341bd325a1b226e6c0fa8f91\"},\"headline\":\"Nouveaux visages dans la distribution EMZ\",\"datePublished\":\"2018-11-09T07:00:01+00:00\",\"mainEntityOfPage\":{\"@id\":\"https:\\\/\\\/www.emz.de\\\/fr\\\/generalites\\\/nouveaux-visages-dans-la-distribution-emz\\\/\"},\"wordCount\":109,\"publisher\":{\"@id\":\"https:\\\/\\\/www.emz.de\\\/fr\\\/#organization\"},\"image\":{\"@id\":\"https:\\\/\\\/www.emz.de\\\/fr\\\/generalites\\\/nouveaux-visages-dans-la-distribution-emz\\\/#primaryimage\"},\"thumbnailUrl\":\"https:\\\/\\\/www.emz.de\\\/wp-content\\\/uploads\\\/2018\\\/11\\\/EMZ-News-Nachrichten_0000s_0012_20181109_Neue-Mitarbeiter-Vertrieb.jpg\",\"keywords\":[\"collaborateurs\",\"d\u00e9part\",\"distribution basse tension\",\"distribution haute tension\",\"emz\",\"\u00e9quipe\",\"\u00e9quipe de vente\",\"Kadri Oynak\",\"Lewin Hasenburg\",\"ma\u00eetre \u00e9lectricien\",\"Malte Budde\",\"nouveaux coll\u00e8gues\",\"Recklinghausen\",\"vente technique\"],\"articleSection\":[\"GENERALITES\"],\"inLanguage\":\"fr-FR\"},{\"@type\":\"WebPage\",\"@id\":\"https:\\\/\\\/www.emz.de\\\/fr\\\/generalites\\\/nouveaux-visages-dans-la-distribution-emz\\\/\",\"url\":\"https:\\\/\\\/www.emz.de\\\/fr\\\/generalites\\\/nouveaux-visages-dans-la-distribution-emz\\\/\",\"name\":\"Nouveaux visages dans la distribution EMZ | EMZ\",\"isPartOf\":{\"@id\":\"https:\\\/\\\/www.emz.de\\\/fr\\\/#website\"},\"primaryImageOfPage\":{\"@id\":\"https:\\\/\\\/www.emz.de\\\/fr\\\/generalites\\\/nouveaux-visages-dans-la-distribution-emz\\\/#primaryimage\"},\"image\":{\"@id\":\"https:\\\/\\\/www.emz.de\\\/fr\\\/generalites\\\/nouveaux-visages-dans-la-distribution-emz\\\/#primaryimage\"},\"thumbnailUrl\":\"https:\\\/\\\/www.emz.de\\\/wp-content\\\/uploads\\\/2018\\\/11\\\/EMZ-News-Nachrichten_0000s_0012_20181109_Neue-Mitarbeiter-Vertrieb.jpg\",\"datePublished\":\"2018-11-09T07:00:01+00:00\",\"breadcrumb\":{\"@id\":\"https:\\\/\\\/www.emz.de\\\/fr\\\/generalites\\\/nouveaux-visages-dans-la-distribution-emz\\\/#breadcrumb\"},\"inLanguage\":\"fr-FR\",\"potentialAction\":[{\"@type\":\"ReadAction\",\"target\":[\"https:\\\/\\\/www.emz.de\\\/fr\\\/generalites\\\/nouveaux-visages-dans-la-distribution-emz\\\/\"]}]},{\"@type\":\"ImageObject\",\"inLanguage\":\"fr-FR\",\"@id\":\"https:\\\/\\\/www.emz.de\\\/fr\\\/generalites\\\/nouveaux-visages-dans-la-distribution-emz\\\/#primaryimage\",\"url\":\"https:\\\/\\\/www.emz.de\\\/wp-content\\\/uploads\\\/2018\\\/11\\\/EMZ-News-Nachrichten_0000s_0012_20181109_Neue-Mitarbeiter-Vertrieb.jpg\",\"contentUrl\":\"https:\\\/\\\/www.emz.de\\\/wp-content\\\/uploads\\\/2018\\\/11\\\/EMZ-News-Nachrichten_0000s_0012_20181109_Neue-Mitarbeiter-Vertrieb.jpg\",\"width\":1200,\"height\":800},{\"@type\":\"BreadcrumbList\",\"@id\":\"https:\\\/\\\/www.emz.de\\\/fr\\\/generalites\\\/nouveaux-visages-dans-la-distribution-emz\\\/#breadcrumb\",\"itemListElement\":[{\"@type\":\"ListItem\",\"position\":1,\"name\":\"Home\",\"item\":\"https:\\\/\\\/www.emz.de\\\/fr\\\/\"},{\"@type\":\"ListItem\",\"position\":2,\"name\":\"Nouveaux visages dans la distribution EMZ\"}]},{\"@type\":\"WebSite\",\"@id\":\"https:\\\/\\\/www.emz.de\\\/fr\\\/#website\",\"url\":\"https:\\\/\\\/www.emz.de\\\/fr\\\/\",\"name\":\"EMZ Elektromotoren f\u00fcr Hochspannung und Niederspannung\",\"description\":\"Spezialist f\u00fcr elektrische Antriebstechnik\",\"publisher\":{\"@id\":\"https:\\\/\\\/www.emz.de\\\/fr\\\/#organization\"},\"alternateName\":\"EMZ\",\"potentialAction\":[{\"@type\":\"SearchAction\",\"target\":{\"@type\":\"EntryPoint\",\"urlTemplate\":\"https:\\\/\\\/www.emz.de\\\/fr\\\/?s={search_term_string}\"},\"query-input\":{\"@type\":\"PropertyValueSpecification\",\"valueRequired\":true,\"valueName\":\"search_term_string\"}}],\"inLanguage\":\"fr-FR\"},{\"@type\":\"Organization\",\"@id\":\"https:\\\/\\\/www.emz.de\\\/fr\\\/#organization\",\"name\":\"EMZ Elektro-Maschinen-Zentrale GmbH\",\"alternateName\":\"EMZ\",\"url\":\"https:\\\/\\\/www.emz.de\\\/fr\\\/\",\"logo\":{\"@type\":\"ImageObject\",\"inLanguage\":\"fr-FR\",\"@id\":\"https:\\\/\\\/www.emz.de\\\/fr\\\/#\\\/schema\\\/logo\\\/image\\\/\",\"url\":\"https:\\\/\\\/www.emz.de\\\/wp-content\\\/uploads\\\/2022\\\/07\\\/EMZ_Logo_RGB_mitClaim_Positiv_2-farbig_Hellblau-Dunkelblau.svg\",\"contentUrl\":\"https:\\\/\\\/www.emz.de\\\/wp-content\\\/uploads\\\/2022\\\/07\\\/EMZ_Logo_RGB_mitClaim_Positiv_2-farbig_Hellblau-Dunkelblau.svg\",\"width\":\"1024\",\"height\":\"1024\",\"caption\":\"EMZ Elektro-Maschinen-Zentrale GmbH\"},\"image\":{\"@id\":\"https:\\\/\\\/www.emz.de\\\/fr\\\/#\\\/schema\\\/logo\\\/image\\\/\"},\"sameAs\":[\"https:\\\/\\\/www.facebook.com\\\/EMZdeutschland\",\"https:\\\/\\\/www.linkedin.com\\\/company\\\/emz-elektro-maschinen-zentrale-gmbh\\\/?originalSubdomain=de\",\"https:\\\/\\\/www.youtube.com\\\/channel\\\/UCajQ_5Xm-hS2H16Liwf5UAQ\\\/featured\",\"https:\\\/\\\/www.xing.com\\\/pages\\\/emz-elektro-maschinen-zentrale-gmbh\"]},{\"@type\":\"Person\",\"@id\":\"https:\\\/\\\/www.emz.de\\\/fr\\\/#\\\/schema\\\/person\\\/26f60b7d341bd325a1b226e6c0fa8f91\",\"name\":\"Azra Yelmen\"}]}<\/script>\n<!-- \/ Yoast SEO plugin. -->","yoast_head_json":{"title":"Nouveaux visages dans la distribution EMZ | EMZ","robots":{"index":"index","follow":"follow","max-snippet":"max-snippet:-1","max-image-preview":"max-image-preview:large","max-video-preview":"max-video-preview:-1"},"canonical":"https:\/\/www.emz.de\/fr\/generalites\/nouveaux-visages-dans-la-distribution-emz\/","og_locale":"fr_FR","og_type":"article","og_title":"Nouveaux visages dans la distribution EMZ | EMZ","og_description":"Trois nouveaux collaborateurs pour l&rsquo;\u00e9quipe de vente EMZ \u00e0 Recklinghausen. Avec Kadri Oynak, Malte Budde et Lewin Hasenburg, nous accueillons trois nouveaux collaborateurs dans notre \u00e9quipe. Kadri Oynak et Malte Budde ont de l&rsquo;exp\u00e9rience dans la vente technique et apporteront leur soutien \u00e0 notre distribution basse tension avec effet imm\u00e9diat. Lewin Hasenburg est un ma\u00eetre...","og_url":"https:\/\/www.emz.de\/fr\/generalites\/nouveaux-visages-dans-la-distribution-emz\/","og_site_name":"EMZ","article_publisher":"https:\/\/www.facebook.com\/EMZdeutschland","article_published_time":"2018-11-09T07:00:01+00:00","og_image":[{"width":1200,"height":800,"url":"https:\/\/www.emz.de\/wp-content\/uploads\/2018\/11\/EMZ-News-Nachrichten_0000s_0012_20181109_Neue-Mitarbeiter-Vertrieb.jpg","type":"image\/jpeg"}],"author":"Azra Yelmen","twitter_card":"summary_large_image","schema":{"@context":"https:\/\/schema.org","@graph":[{"@type":"NewsArticle","@id":"https:\/\/www.emz.de\/fr\/generalites\/nouveaux-visages-dans-la-distribution-emz\/#article","isPartOf":{"@id":"https:\/\/www.emz.de\/fr\/generalites\/nouveaux-visages-dans-la-distribution-emz\/"},"author":{"name":"Azra Yelmen","@id":"https:\/\/www.emz.de\/fr\/#\/schema\/person\/26f60b7d341bd325a1b226e6c0fa8f91"},"headline":"Nouveaux visages dans la distribution EMZ","datePublished":"2018-11-09T07:00:01+00:00","mainEntityOfPage":{"@id":"https:\/\/www.emz.de\/fr\/generalites\/nouveaux-visages-dans-la-distribution-emz\/"},"wordCount":109,"publisher":{"@id":"https:\/\/www.emz.de\/fr\/#organization"},"image":{"@id":"https:\/\/www.emz.de\/fr\/generalites\/nouveaux-visages-dans-la-distribution-emz\/#primaryimage"},"thumbnailUrl":"https:\/\/www.emz.de\/wp-content\/uploads\/2018\/11\/EMZ-News-Nachrichten_0000s_0012_20181109_Neue-Mitarbeiter-Vertrieb.jpg","keywords":["collaborateurs","d\u00e9part","distribution basse tension","distribution haute tension","emz","\u00e9quipe","\u00e9quipe de vente","Kadri Oynak","Lewin Hasenburg","ma\u00eetre \u00e9lectricien","Malte Budde","nouveaux coll\u00e8gues","Recklinghausen","vente technique"],"articleSection":["GENERALITES"],"inLanguage":"fr-FR"},{"@type":"WebPage","@id":"https:\/\/www.emz.de\/fr\/generalites\/nouveaux-visages-dans-la-distribution-emz\/","url":"https:\/\/www.emz.de\/fr\/generalites\/nouveaux-visages-dans-la-distribution-emz\/","name":"Nouveaux visages dans la distribution EMZ | EMZ","isPartOf":{"@id":"https:\/\/www.emz.de\/fr\/#website"},"primaryImageOfPage":{"@id":"https:\/\/www.emz.de\/fr\/generalites\/nouveaux-visages-dans-la-distribution-emz\/#primaryimage"},"image":{"@id":"https:\/\/www.emz.de\/fr\/generalites\/nouveaux-visages-dans-la-distribution-emz\/#primaryimage"},"thumbnailUrl":"https:\/\/www.emz.de\/wp-content\/uploads\/2018\/11\/EMZ-News-Nachrichten_0000s_0012_20181109_Neue-Mitarbeiter-Vertrieb.jpg","datePublished":"2018-11-09T07:00:01+00:00","breadcrumb":{"@id":"https:\/\/www.emz.de\/fr\/generalites\/nouveaux-visages-dans-la-distribution-emz\/#breadcrumb"},"inLanguage":"fr-FR","potentialAction":[{"@type":"ReadAction","target":["https:\/\/www.emz.de\/fr\/generalites\/nouveaux-visages-dans-la-distribution-emz\/"]}]},{"@type":"ImageObject","inLanguage":"fr-FR","@id":"https:\/\/www.emz.de\/fr\/generalites\/nouveaux-visages-dans-la-distribution-emz\/#primaryimage","url":"https:\/\/www.emz.de\/wp-content\/uploads\/2018\/11\/EMZ-News-Nachrichten_0000s_0012_20181109_Neue-Mitarbeiter-Vertrieb.jpg","contentUrl":"https:\/\/www.emz.de\/wp-content\/uploads\/2018\/11\/EMZ-News-Nachrichten_0000s_0012_20181109_Neue-Mitarbeiter-Vertrieb.jpg","width":1200,"height":800},{"@type":"BreadcrumbList","@id":"https:\/\/www.emz.de\/fr\/generalites\/nouveaux-visages-dans-la-distribution-emz\/#breadcrumb","itemListElement":[{"@type":"ListItem","position":1,"name":"Home","item":"https:\/\/www.emz.de\/fr\/"},{"@type":"ListItem","position":2,"name":"Nouveaux visages dans la distribution EMZ"}]},{"@type":"WebSite","@id":"https:\/\/www.emz.de\/fr\/#website","url":"https:\/\/www.emz.de\/fr\/","name":"EMZ Elektromotoren f\u00fcr Hochspannung und Niederspannung","description":"Spezialist f\u00fcr elektrische Antriebstechnik","publisher":{"@id":"https:\/\/www.emz.de\/fr\/#organization"},"alternateName":"EMZ","potentialAction":[{"@type":"SearchAction","target":{"@type":"EntryPoint","urlTemplate":"https:\/\/www.emz.de\/fr\/?s={search_term_string}"},"query-input":{"@type":"PropertyValueSpecification","valueRequired":true,"valueName":"search_term_string"}}],"inLanguage":"fr-FR"},{"@type":"Organization","@id":"https:\/\/www.emz.de\/fr\/#organization","name":"EMZ Elektro-Maschinen-Zentrale GmbH","alternateName":"EMZ","url":"https:\/\/www.emz.de\/fr\/","logo":{"@type":"ImageObject","inLanguage":"fr-FR","@id":"https:\/\/www.emz.de\/fr\/#\/schema\/logo\/image\/","url":"https:\/\/www.emz.de\/wp-content\/uploads\/2022\/07\/EMZ_Logo_RGB_mitClaim_Positiv_2-farbig_Hellblau-Dunkelblau.svg","contentUrl":"https:\/\/www.emz.de\/wp-content\/uploads\/2022\/07\/EMZ_Logo_RGB_mitClaim_Positiv_2-farbig_Hellblau-Dunkelblau.svg","width":"1024","height":"1024","caption":"EMZ Elektro-Maschinen-Zentrale GmbH"},"image":{"@id":"https:\/\/www.emz.de\/fr\/#\/schema\/logo\/image\/"},"sameAs":["https:\/\/www.facebook.com\/EMZdeutschland","https:\/\/www.linkedin.com\/company\/emz-elektro-maschinen-zentrale-gmbh\/?originalSubdomain=de","https:\/\/www.youtube.com\/channel\/UCajQ_5Xm-hS2H16Liwf5UAQ\/featured","https:\/\/www.xing.com\/pages\/emz-elektro-maschinen-zentrale-gmbh"]},{"@type":"Person","@id":"https:\/\/www.emz.de\/fr\/#\/schema\/person\/26f60b7d341bd325a1b226e6c0fa8f91","name":"Azra Yelmen"}]}},"_links":{"self":[{"href":"https:\/\/www.emz.de\/fr\/wp-json\/wp\/v2\/posts\/4341","targetHints":{"allow":["GET"]}}],"collection":[{"href":"https:\/\/www.emz.de\/fr\/wp-json\/wp\/v2\/posts"}],"about":[{"href":"https:\/\/www.emz.de\/fr\/wp-json\/wp\/v2\/types\/post"}],"author":[{"embeddable":true,"href":"https:\/\/www.emz.de\/fr\/wp-json\/wp\/v2\/users\/6"}],"replies":[{"embeddable":true,"href":"https:\/\/www.emz.de\/fr\/wp-json\/wp\/v2\/comments?post=4341"}],"version-history":[{"count":0,"href":"https:\/\/www.emz.de\/fr\/wp-json\/wp\/v2\/posts\/4341\/revisions"}],"wp:featuredmedia":[{"embeddable":true,"href":"https:\/\/www.emz.de\/fr\/wp-json\/wp\/v2\/media\/5389"}],"wp:attachment":[{"href":"https:\/\/www.emz.de\/fr\/wp-json\/wp\/v2\/media?parent=4341"}],"wp:term":[{"taxonomy":"category","embeddable":true,"href":"https:\/\/www.emz.de\/fr\/wp-json\/wp\/v2\/categories?post=4341"},{"taxonomy":"post_tag","embeddable":true,"href":"https:\/\/www.emz.de\/fr\/wp-json\/wp\/v2\/tags?post=4341"}],"curies":[{"name":"wp","href":"https:\/\/api.w.org\/{rel}","templated":true}]}}