{"id":4343,"date":"2018-09-07T08:00:31","date_gmt":"2018-09-07T06:00:31","guid":{"rendered":"https:\/\/staging.emz.de\/non-classifiee\/emz-a-participe-a-la-course-toprunruhr-viactiv-de-lentreprise\/"},"modified":"2018-09-07T08:00:31","modified_gmt":"2018-09-07T06:00:31","slug":"emz-a-participe-a-la-course-toprunruhr-viactiv-de-lentreprise","status":"publish","type":"post","link":"https:\/\/www.emz.de\/fr\/generalites\/emz-a-participe-a-la-course-toprunruhr-viactiv-de-lentreprise\/","title":{"rendered":"EMZ a particip\u00e9 \u00e0 la course TopRunRuhr Viactiv de l&rsquo;entreprise"},"content":{"rendered":"<p><span style=\"color: #ffffff;\">Huit employ\u00e9s EMZ ont particip\u00e9 avec succ\u00e8s \u00e0 la course de l&rsquo;entreprise TopRunRuhr Viactiv sur le terril Hoheward \u00e0 Herten.<\/span><\/p>\n<p><span style=\"color: #ffffff;\">Le mardi 04 septembre, environ 1700 participants se sont affront\u00e9s. Le parcours de 6,7 km de long a d\u00e9but\u00e9 sur le haut plateau du terril Hoheward et a commenc\u00e9 par un panorama \u00e0 360\u00b0 incomparable de la r\u00e9gion de la Ruhr. Nico Zemelka (29,43 minutes), Marco Schmidt (30,57 minutes) et Stefan Beese (33:33 minutes), les trois meilleurs coureurs EMZ ont pris ensemble une 22\u00e8me place remarquable.<\/span><\/p>\n","protected":false},"excerpt":{"rendered":"<p>Huit employ\u00e9s EMZ ont particip\u00e9 avec succ\u00e8s \u00e0 la course de l&rsquo;entreprise TopRunRuhr Viactiv sur le terril Hoheward \u00e0 Herten. Le mardi 04 septembre, environ 1700 participants se sont affront\u00e9s. Le parcours de 6,7 km de long a d\u00e9but\u00e9 sur le haut plateau du terril Hoheward et a commenc\u00e9 par un panorama \u00e0 360\u00b0 incomparable&#8230;<\/p>\n","protected":false},"author":6,"featured_media":5664,"comment_status":"closed","ping_status":"open","sticky":false,"template":"","format":"standard","meta":{"footnotes":""},"categories":[605],"tags":[652,606,654,655,689,688,651],"class_list":["post-4343","post","type-post","status-publish","format-standard","has-post-thumbnail","hentry","category-generalites","tag-course-dentreprise-de-viactiv","tag-emz-fr","tag-halde-hoheward-fr","tag-marco-schmidt-fr","tag-nico-zemelka-fr","tag-stefan-beese-fr","tag-toprunruhr-fr"],"yoast_head":"<!-- This site is optimized with the Yoast SEO plugin v27.4 - https:\/\/yoast.com\/product\/yoast-seo-wordpress\/ -->\n<title>EMZ a particip\u00e9 \u00e0 la course TopRunRuhr Viactiv de l&#039;entreprise | EMZ<\/title>\n<meta name=\"robots\" content=\"index, follow, max-snippet:-1, max-image-preview:large, max-video-preview:-1\" \/>\n<link rel=\"canonical\" href=\"https:\/\/www.emz.de\/fr\/generalites\/emz-a-participe-a-la-course-toprunruhr-viactiv-de-lentreprise\/\" \/>\n<meta property=\"og:locale\" content=\"fr_FR\" \/>\n<meta property=\"og:type\" content=\"article\" \/>\n<meta property=\"og:title\" content=\"EMZ a particip\u00e9 \u00e0 la course TopRunRuhr Viactiv de l&#039;entreprise | EMZ\" \/>\n<meta property=\"og:description\" content=\"Huit employ\u00e9s EMZ ont particip\u00e9 avec succ\u00e8s \u00e0 la course de l&rsquo;entreprise TopRunRuhr Viactiv sur le terril Hoheward \u00e0 Herten. Le mardi 04 septembre, environ 1700 participants se sont affront\u00e9s. Le parcours de 6,7 km de long a d\u00e9but\u00e9 sur le haut plateau du terril Hoheward et a commenc\u00e9 par un panorama \u00e0 360\u00b0 incomparable...\" \/>\n<meta property=\"og:url\" content=\"https:\/\/www.emz.de\/fr\/generalites\/emz-a-participe-a-la-course-toprunruhr-viactiv-de-lentreprise\/\" \/>\n<meta property=\"og:site_name\" content=\"EMZ\" \/>\n<meta property=\"article:publisher\" content=\"https:\/\/www.facebook.com\/EMZdeutschland\" \/>\n<meta property=\"article:published_time\" content=\"2018-09-07T06:00:31+00:00\" \/>\n<meta property=\"og:image\" content=\"https:\/\/www.emz.de\/wp-content\/uploads\/2018\/09\/EMZ-News-Nachrichten_0000s_0014_20180907_TopRunRuhr-1.jpg\" \/>\n\t<meta property=\"og:image:width\" content=\"1200\" \/>\n\t<meta property=\"og:image:height\" content=\"800\" \/>\n\t<meta property=\"og:image:type\" content=\"image\/jpeg\" \/>\n<meta name=\"author\" content=\"Azra Yelmen\" \/>\n<meta name=\"twitter:card\" content=\"summary_large_image\" \/>\n<script type=\"application\/ld+json\" class=\"yoast-schema-graph\">{\"@context\":\"https:\\\/\\\/schema.org\",\"@graph\":[{\"@type\":\"NewsArticle\",\"@id\":\"https:\\\/\\\/www.emz.de\\\/fr\\\/generalites\\\/emz-a-participe-a-la-course-toprunruhr-viactiv-de-lentreprise\\\/#article\",\"isPartOf\":{\"@id\":\"https:\\\/\\\/www.emz.de\\\/fr\\\/generalites\\\/emz-a-participe-a-la-course-toprunruhr-viactiv-de-lentreprise\\\/\"},\"author\":{\"name\":\"Azra Yelmen\",\"@id\":\"https:\\\/\\\/www.emz.de\\\/fr\\\/#\\\/schema\\\/person\\\/26f60b7d341bd325a1b226e6c0fa8f91\"},\"headline\":\"EMZ a particip\u00e9 \u00e0 la course TopRunRuhr Viactiv de l&rsquo;entreprise\",\"datePublished\":\"2018-09-07T06:00:31+00:00\",\"mainEntityOfPage\":{\"@id\":\"https:\\\/\\\/www.emz.de\\\/fr\\\/generalites\\\/emz-a-participe-a-la-course-toprunruhr-viactiv-de-lentreprise\\\/\"},\"wordCount\":92,\"publisher\":{\"@id\":\"https:\\\/\\\/www.emz.de\\\/fr\\\/#organization\"},\"image\":{\"@id\":\"https:\\\/\\\/www.emz.de\\\/fr\\\/generalites\\\/emz-a-participe-a-la-course-toprunruhr-viactiv-de-lentreprise\\\/#primaryimage\"},\"thumbnailUrl\":\"https:\\\/\\\/www.emz.de\\\/wp-content\\\/uploads\\\/2018\\\/09\\\/EMZ-News-Nachrichten_0000s_0014_20180907_TopRunRuhr-1.jpg\",\"keywords\":[\"course d'entreprise de Viactiv\",\"emz\",\"Halde Hoheward\",\"Marco Schmidt\",\"Nico Zemelka\",\"Stefan Beese\",\"TopRunRuhr\"],\"articleSection\":[\"GENERALITES\"],\"inLanguage\":\"fr-FR\"},{\"@type\":\"WebPage\",\"@id\":\"https:\\\/\\\/www.emz.de\\\/fr\\\/generalites\\\/emz-a-participe-a-la-course-toprunruhr-viactiv-de-lentreprise\\\/\",\"url\":\"https:\\\/\\\/www.emz.de\\\/fr\\\/generalites\\\/emz-a-participe-a-la-course-toprunruhr-viactiv-de-lentreprise\\\/\",\"name\":\"EMZ a particip\u00e9 \u00e0 la course TopRunRuhr Viactiv de l'entreprise | EMZ\",\"isPartOf\":{\"@id\":\"https:\\\/\\\/www.emz.de\\\/fr\\\/#website\"},\"primaryImageOfPage\":{\"@id\":\"https:\\\/\\\/www.emz.de\\\/fr\\\/generalites\\\/emz-a-participe-a-la-course-toprunruhr-viactiv-de-lentreprise\\\/#primaryimage\"},\"image\":{\"@id\":\"https:\\\/\\\/www.emz.de\\\/fr\\\/generalites\\\/emz-a-participe-a-la-course-toprunruhr-viactiv-de-lentreprise\\\/#primaryimage\"},\"thumbnailUrl\":\"https:\\\/\\\/www.emz.de\\\/wp-content\\\/uploads\\\/2018\\\/09\\\/EMZ-News-Nachrichten_0000s_0014_20180907_TopRunRuhr-1.jpg\",\"datePublished\":\"2018-09-07T06:00:31+00:00\",\"breadcrumb\":{\"@id\":\"https:\\\/\\\/www.emz.de\\\/fr\\\/generalites\\\/emz-a-participe-a-la-course-toprunruhr-viactiv-de-lentreprise\\\/#breadcrumb\"},\"inLanguage\":\"fr-FR\",\"potentialAction\":[{\"@type\":\"ReadAction\",\"target\":[\"https:\\\/\\\/www.emz.de\\\/fr\\\/generalites\\\/emz-a-participe-a-la-course-toprunruhr-viactiv-de-lentreprise\\\/\"]}]},{\"@type\":\"ImageObject\",\"inLanguage\":\"fr-FR\",\"@id\":\"https:\\\/\\\/www.emz.de\\\/fr\\\/generalites\\\/emz-a-participe-a-la-course-toprunruhr-viactiv-de-lentreprise\\\/#primaryimage\",\"url\":\"https:\\\/\\\/www.emz.de\\\/wp-content\\\/uploads\\\/2018\\\/09\\\/EMZ-News-Nachrichten_0000s_0014_20180907_TopRunRuhr-1.jpg\",\"contentUrl\":\"https:\\\/\\\/www.emz.de\\\/wp-content\\\/uploads\\\/2018\\\/09\\\/EMZ-News-Nachrichten_0000s_0014_20180907_TopRunRuhr-1.jpg\",\"width\":1200,\"height\":800},{\"@type\":\"BreadcrumbList\",\"@id\":\"https:\\\/\\\/www.emz.de\\\/fr\\\/generalites\\\/emz-a-participe-a-la-course-toprunruhr-viactiv-de-lentreprise\\\/#breadcrumb\",\"itemListElement\":[{\"@type\":\"ListItem\",\"position\":1,\"name\":\"Home\",\"item\":\"https:\\\/\\\/www.emz.de\\\/fr\\\/\"},{\"@type\":\"ListItem\",\"position\":2,\"name\":\"EMZ a particip\u00e9 \u00e0 la course TopRunRuhr Viactiv de l&rsquo;entreprise\"}]},{\"@type\":\"WebSite\",\"@id\":\"https:\\\/\\\/www.emz.de\\\/fr\\\/#website\",\"url\":\"https:\\\/\\\/www.emz.de\\\/fr\\\/\",\"name\":\"EMZ Elektromotoren f\u00fcr Hochspannung und Niederspannung\",\"description\":\"Spezialist f\u00fcr elektrische Antriebstechnik\",\"publisher\":{\"@id\":\"https:\\\/\\\/www.emz.de\\\/fr\\\/#organization\"},\"alternateName\":\"EMZ\",\"potentialAction\":[{\"@type\":\"SearchAction\",\"target\":{\"@type\":\"EntryPoint\",\"urlTemplate\":\"https:\\\/\\\/www.emz.de\\\/fr\\\/?s={search_term_string}\"},\"query-input\":{\"@type\":\"PropertyValueSpecification\",\"valueRequired\":true,\"valueName\":\"search_term_string\"}}],\"inLanguage\":\"fr-FR\"},{\"@type\":\"Organization\",\"@id\":\"https:\\\/\\\/www.emz.de\\\/fr\\\/#organization\",\"name\":\"EMZ Elektro-Maschinen-Zentrale GmbH\",\"alternateName\":\"EMZ\",\"url\":\"https:\\\/\\\/www.emz.de\\\/fr\\\/\",\"logo\":{\"@type\":\"ImageObject\",\"inLanguage\":\"fr-FR\",\"@id\":\"https:\\\/\\\/www.emz.de\\\/fr\\\/#\\\/schema\\\/logo\\\/image\\\/\",\"url\":\"https:\\\/\\\/www.emz.de\\\/wp-content\\\/uploads\\\/2022\\\/07\\\/EMZ_Logo_RGB_mitClaim_Positiv_2-farbig_Hellblau-Dunkelblau.svg\",\"contentUrl\":\"https:\\\/\\\/www.emz.de\\\/wp-content\\\/uploads\\\/2022\\\/07\\\/EMZ_Logo_RGB_mitClaim_Positiv_2-farbig_Hellblau-Dunkelblau.svg\",\"width\":\"1024\",\"height\":\"1024\",\"caption\":\"EMZ Elektro-Maschinen-Zentrale GmbH\"},\"image\":{\"@id\":\"https:\\\/\\\/www.emz.de\\\/fr\\\/#\\\/schema\\\/logo\\\/image\\\/\"},\"sameAs\":[\"https:\\\/\\\/www.facebook.com\\\/EMZdeutschland\",\"https:\\\/\\\/www.linkedin.com\\\/company\\\/emz-elektro-maschinen-zentrale-gmbh\\\/?originalSubdomain=de\",\"https:\\\/\\\/www.youtube.com\\\/channel\\\/UCajQ_5Xm-hS2H16Liwf5UAQ\\\/featured\",\"https:\\\/\\\/www.xing.com\\\/pages\\\/emz-elektro-maschinen-zentrale-gmbh\"]},{\"@type\":\"Person\",\"@id\":\"https:\\\/\\\/www.emz.de\\\/fr\\\/#\\\/schema\\\/person\\\/26f60b7d341bd325a1b226e6c0fa8f91\",\"name\":\"Azra Yelmen\"}]}<\/script>\n<!-- \/ Yoast SEO plugin. -->","yoast_head_json":{"title":"EMZ a particip\u00e9 \u00e0 la course TopRunRuhr Viactiv de l'entreprise | EMZ","robots":{"index":"index","follow":"follow","max-snippet":"max-snippet:-1","max-image-preview":"max-image-preview:large","max-video-preview":"max-video-preview:-1"},"canonical":"https:\/\/www.emz.de\/fr\/generalites\/emz-a-participe-a-la-course-toprunruhr-viactiv-de-lentreprise\/","og_locale":"fr_FR","og_type":"article","og_title":"EMZ a particip\u00e9 \u00e0 la course TopRunRuhr Viactiv de l'entreprise | EMZ","og_description":"Huit employ\u00e9s EMZ ont particip\u00e9 avec succ\u00e8s \u00e0 la course de l&rsquo;entreprise TopRunRuhr Viactiv sur le terril Hoheward \u00e0 Herten. Le mardi 04 septembre, environ 1700 participants se sont affront\u00e9s. Le parcours de 6,7 km de long a d\u00e9but\u00e9 sur le haut plateau du terril Hoheward et a commenc\u00e9 par un panorama \u00e0 360\u00b0 incomparable...","og_url":"https:\/\/www.emz.de\/fr\/generalites\/emz-a-participe-a-la-course-toprunruhr-viactiv-de-lentreprise\/","og_site_name":"EMZ","article_publisher":"https:\/\/www.facebook.com\/EMZdeutschland","article_published_time":"2018-09-07T06:00:31+00:00","og_image":[{"width":1200,"height":800,"url":"https:\/\/www.emz.de\/wp-content\/uploads\/2018\/09\/EMZ-News-Nachrichten_0000s_0014_20180907_TopRunRuhr-1.jpg","type":"image\/jpeg"}],"author":"Azra Yelmen","twitter_card":"summary_large_image","schema":{"@context":"https:\/\/schema.org","@graph":[{"@type":"NewsArticle","@id":"https:\/\/www.emz.de\/fr\/generalites\/emz-a-participe-a-la-course-toprunruhr-viactiv-de-lentreprise\/#article","isPartOf":{"@id":"https:\/\/www.emz.de\/fr\/generalites\/emz-a-participe-a-la-course-toprunruhr-viactiv-de-lentreprise\/"},"author":{"name":"Azra Yelmen","@id":"https:\/\/www.emz.de\/fr\/#\/schema\/person\/26f60b7d341bd325a1b226e6c0fa8f91"},"headline":"EMZ a particip\u00e9 \u00e0 la course TopRunRuhr Viactiv de l&rsquo;entreprise","datePublished":"2018-09-07T06:00:31+00:00","mainEntityOfPage":{"@id":"https:\/\/www.emz.de\/fr\/generalites\/emz-a-participe-a-la-course-toprunruhr-viactiv-de-lentreprise\/"},"wordCount":92,"publisher":{"@id":"https:\/\/www.emz.de\/fr\/#organization"},"image":{"@id":"https:\/\/www.emz.de\/fr\/generalites\/emz-a-participe-a-la-course-toprunruhr-viactiv-de-lentreprise\/#primaryimage"},"thumbnailUrl":"https:\/\/www.emz.de\/wp-content\/uploads\/2018\/09\/EMZ-News-Nachrichten_0000s_0014_20180907_TopRunRuhr-1.jpg","keywords":["course d'entreprise de Viactiv","emz","Halde Hoheward","Marco Schmidt","Nico Zemelka","Stefan Beese","TopRunRuhr"],"articleSection":["GENERALITES"],"inLanguage":"fr-FR"},{"@type":"WebPage","@id":"https:\/\/www.emz.de\/fr\/generalites\/emz-a-participe-a-la-course-toprunruhr-viactiv-de-lentreprise\/","url":"https:\/\/www.emz.de\/fr\/generalites\/emz-a-participe-a-la-course-toprunruhr-viactiv-de-lentreprise\/","name":"EMZ a particip\u00e9 \u00e0 la course TopRunRuhr Viactiv de l'entreprise | EMZ","isPartOf":{"@id":"https:\/\/www.emz.de\/fr\/#website"},"primaryImageOfPage":{"@id":"https:\/\/www.emz.de\/fr\/generalites\/emz-a-participe-a-la-course-toprunruhr-viactiv-de-lentreprise\/#primaryimage"},"image":{"@id":"https:\/\/www.emz.de\/fr\/generalites\/emz-a-participe-a-la-course-toprunruhr-viactiv-de-lentreprise\/#primaryimage"},"thumbnailUrl":"https:\/\/www.emz.de\/wp-content\/uploads\/2018\/09\/EMZ-News-Nachrichten_0000s_0014_20180907_TopRunRuhr-1.jpg","datePublished":"2018-09-07T06:00:31+00:00","breadcrumb":{"@id":"https:\/\/www.emz.de\/fr\/generalites\/emz-a-participe-a-la-course-toprunruhr-viactiv-de-lentreprise\/#breadcrumb"},"inLanguage":"fr-FR","potentialAction":[{"@type":"ReadAction","target":["https:\/\/www.emz.de\/fr\/generalites\/emz-a-participe-a-la-course-toprunruhr-viactiv-de-lentreprise\/"]}]},{"@type":"ImageObject","inLanguage":"fr-FR","@id":"https:\/\/www.emz.de\/fr\/generalites\/emz-a-participe-a-la-course-toprunruhr-viactiv-de-lentreprise\/#primaryimage","url":"https:\/\/www.emz.de\/wp-content\/uploads\/2018\/09\/EMZ-News-Nachrichten_0000s_0014_20180907_TopRunRuhr-1.jpg","contentUrl":"https:\/\/www.emz.de\/wp-content\/uploads\/2018\/09\/EMZ-News-Nachrichten_0000s_0014_20180907_TopRunRuhr-1.jpg","width":1200,"height":800},{"@type":"BreadcrumbList","@id":"https:\/\/www.emz.de\/fr\/generalites\/emz-a-participe-a-la-course-toprunruhr-viactiv-de-lentreprise\/#breadcrumb","itemListElement":[{"@type":"ListItem","position":1,"name":"Home","item":"https:\/\/www.emz.de\/fr\/"},{"@type":"ListItem","position":2,"name":"EMZ a particip\u00e9 \u00e0 la course TopRunRuhr Viactiv de l&rsquo;entreprise"}]},{"@type":"WebSite","@id":"https:\/\/www.emz.de\/fr\/#website","url":"https:\/\/www.emz.de\/fr\/","name":"EMZ Elektromotoren f\u00fcr Hochspannung und Niederspannung","description":"Spezialist f\u00fcr elektrische Antriebstechnik","publisher":{"@id":"https:\/\/www.emz.de\/fr\/#organization"},"alternateName":"EMZ","potentialAction":[{"@type":"SearchAction","target":{"@type":"EntryPoint","urlTemplate":"https:\/\/www.emz.de\/fr\/?s={search_term_string}"},"query-input":{"@type":"PropertyValueSpecification","valueRequired":true,"valueName":"search_term_string"}}],"inLanguage":"fr-FR"},{"@type":"Organization","@id":"https:\/\/www.emz.de\/fr\/#organization","name":"EMZ Elektro-Maschinen-Zentrale GmbH","alternateName":"EMZ","url":"https:\/\/www.emz.de\/fr\/","logo":{"@type":"ImageObject","inLanguage":"fr-FR","@id":"https:\/\/www.emz.de\/fr\/#\/schema\/logo\/image\/","url":"https:\/\/www.emz.de\/wp-content\/uploads\/2022\/07\/EMZ_Logo_RGB_mitClaim_Positiv_2-farbig_Hellblau-Dunkelblau.svg","contentUrl":"https:\/\/www.emz.de\/wp-content\/uploads\/2022\/07\/EMZ_Logo_RGB_mitClaim_Positiv_2-farbig_Hellblau-Dunkelblau.svg","width":"1024","height":"1024","caption":"EMZ Elektro-Maschinen-Zentrale GmbH"},"image":{"@id":"https:\/\/www.emz.de\/fr\/#\/schema\/logo\/image\/"},"sameAs":["https:\/\/www.facebook.com\/EMZdeutschland","https:\/\/www.linkedin.com\/company\/emz-elektro-maschinen-zentrale-gmbh\/?originalSubdomain=de","https:\/\/www.youtube.com\/channel\/UCajQ_5Xm-hS2H16Liwf5UAQ\/featured","https:\/\/www.xing.com\/pages\/emz-elektro-maschinen-zentrale-gmbh"]},{"@type":"Person","@id":"https:\/\/www.emz.de\/fr\/#\/schema\/person\/26f60b7d341bd325a1b226e6c0fa8f91","name":"Azra Yelmen"}]}},"_links":{"self":[{"href":"https:\/\/www.emz.de\/fr\/wp-json\/wp\/v2\/posts\/4343","targetHints":{"allow":["GET"]}}],"collection":[{"href":"https:\/\/www.emz.de\/fr\/wp-json\/wp\/v2\/posts"}],"about":[{"href":"https:\/\/www.emz.de\/fr\/wp-json\/wp\/v2\/types\/post"}],"author":[{"embeddable":true,"href":"https:\/\/www.emz.de\/fr\/wp-json\/wp\/v2\/users\/6"}],"replies":[{"embeddable":true,"href":"https:\/\/www.emz.de\/fr\/wp-json\/wp\/v2\/comments?post=4343"}],"version-history":[{"count":0,"href":"https:\/\/www.emz.de\/fr\/wp-json\/wp\/v2\/posts\/4343\/revisions"}],"wp:featuredmedia":[{"embeddable":true,"href":"https:\/\/www.emz.de\/fr\/wp-json\/wp\/v2\/media\/5664"}],"wp:attachment":[{"href":"https:\/\/www.emz.de\/fr\/wp-json\/wp\/v2\/media?parent=4343"}],"wp:term":[{"taxonomy":"category","embeddable":true,"href":"https:\/\/www.emz.de\/fr\/wp-json\/wp\/v2\/categories?post=4343"},{"taxonomy":"post_tag","embeddable":true,"href":"https:\/\/www.emz.de\/fr\/wp-json\/wp\/v2\/tags?post=4343"}],"curies":[{"name":"wp","href":"https:\/\/api.w.org\/{rel}","templated":true}]}}