{"id":4347,"date":"2018-05-07T08:00:18","date_gmt":"2018-05-07T06:00:18","guid":{"rendered":"https:\/\/staging.emz.de\/non-classifiee\/kevin-wagner-veut-devenir-le-nouveau-moteur-de-la-croissance\/"},"modified":"2018-05-07T08:00:18","modified_gmt":"2018-05-07T06:00:18","slug":"kevin-wagner-veut-devenir-le-nouveau-moteur-de-la-croissance","status":"publish","type":"post","link":"https:\/\/www.emz.de\/fr\/generalites\/kevin-wagner-veut-devenir-le-nouveau-moteur-de-la-croissance\/","title":{"rendered":"Kevin Wagner veut devenir le nouveau moteur de la croissance"},"content":{"rendered":"<p><span style=\"color: #ffffff;\">La direction d\u2019EMZ nomme un nouveau directeur commercial adjoint de la division des moteurs basse-tension.<\/span><\/p>\n<p style=\"font-weight: 400;\"><span style=\"color: #ffffff;\">\u201c J\u2019ai h\u00e2te d\u2019assumer mes nouvelles responsabilit\u00e9s en tant que directeur commercial adjoint de la division des moteurs basse-tension et j\u2019ai une totale confiance dans notre \u00e9quipe pour am\u00e9liorer encore davantage notre croissance dans les ann\u00e9es \u00e0 venir. Je consid\u00e8re que les cl\u00e9s de la r\u00e9ussite sont, avant tout, l\u2019\u00e9troite communication et la relation privil\u00e9gi\u00e9e avec nos clients\u201c, d\u00e9clare Kevin Christopher Wagner tout juste introduit dans sa nouvelle fonction.<\/span><\/p>\n<p><span style=\"color: #ffffff;\">Le jeune homme de 32 ans a commenc\u00e9 sa carri\u00e8re professionnelle chez EMZ Elektro-Maschinen-Zentrale GmbH, en 2014, en tant qu\u2018assistant de direction. Il a jou\u00e9 un r\u00f4le majeur dans l\u2019introduction de la gestion de la qualit\u00e9 selon la norme DIN-ISO 9001 ainsi que l\u2019optimisation de diff\u00e9rents processus au sein de l\u2018entreprise. Avant son engagement chez EMZ, Mr Wagner travaillait \u00e0 plein temps dans le d\u00e9partement de technologie d&rsquo;application d&rsquo;un fournisseur de technologie de v\u00e9hicule ferroviaire, parall\u00e8lement \u00e0 son programme de ma\u00eetrise \u00e0 l&rsquo;Universit\u00e9 technique de Dortmund.<\/span><\/p>\n<p style=\"font-weight: 400;\"><span style=\"color: #ffffff;\">Gr\u00e2ce \u00e0 une forte augmentation des ventes, EMZ a r\u00e9alis\u00e9 l\u2019ann\u00e9e derni\u00e8re son plus haut chiffre d\u2019affaires provenant des livraisons et des services, depuis la cr\u00e9ation de l\u2019entreprise il y a 66 ans.<\/span><\/p>\n","protected":false},"excerpt":{"rendered":"<p>La direction d\u2019EMZ nomme un nouveau directeur commercial adjoint de la division des moteurs basse-tension. \u201c J\u2019ai h\u00e2te d\u2019assumer mes nouvelles responsabilit\u00e9s en tant que directeur commercial adjoint de la division des moteurs basse-tension et j\u2019ai une totale confiance dans notre \u00e9quipe pour am\u00e9liorer encore davantage notre croissance dans les ann\u00e9es \u00e0 venir. Je consid\u00e8re&#8230;<\/p>\n","protected":false},"author":6,"featured_media":5366,"comment_status":"closed","ping_status":"open","sticky":false,"template":"","format":"standard","meta":{"footnotes":""},"categories":[605],"tags":[706,705,707,606,704,619],"class_list":["post-4347","post","type-post","status-publish","format-standard","has-post-thumbnail","hentry","category-generalites","tag-adjoint","tag-croissance","tag-directeur-commercial","tag-emz-fr","tag-kevin-christopher-wagner-fr","tag-moteurs-asynchrones-triphases"],"yoast_head":"<!-- This site is optimized with the Yoast SEO plugin v27.4 - https:\/\/yoast.com\/product\/yoast-seo-wordpress\/ -->\n<title>Kevin Wagner veut devenir le nouveau moteur de la croissance | EMZ<\/title>\n<meta name=\"robots\" content=\"index, follow, max-snippet:-1, max-image-preview:large, max-video-preview:-1\" \/>\n<link rel=\"canonical\" href=\"https:\/\/www.emz.de\/fr\/generalites\/kevin-wagner-veut-devenir-le-nouveau-moteur-de-la-croissance\/\" \/>\n<meta property=\"og:locale\" content=\"fr_FR\" \/>\n<meta property=\"og:type\" content=\"article\" \/>\n<meta property=\"og:title\" content=\"Kevin Wagner veut devenir le nouveau moteur de la croissance | EMZ\" \/>\n<meta property=\"og:description\" content=\"La direction d\u2019EMZ nomme un nouveau directeur commercial adjoint de la division des moteurs basse-tension. \u201c J\u2019ai h\u00e2te d\u2019assumer mes nouvelles responsabilit\u00e9s en tant que directeur commercial adjoint de la division des moteurs basse-tension et j\u2019ai une totale confiance dans notre \u00e9quipe pour am\u00e9liorer encore davantage notre croissance dans les ann\u00e9es \u00e0 venir. Je consid\u00e8re...\" \/>\n<meta property=\"og:url\" content=\"https:\/\/www.emz.de\/fr\/generalites\/kevin-wagner-veut-devenir-le-nouveau-moteur-de-la-croissance\/\" \/>\n<meta property=\"og:site_name\" content=\"EMZ\" \/>\n<meta property=\"article:publisher\" content=\"https:\/\/www.facebook.com\/EMZdeutschland\" \/>\n<meta property=\"article:published_time\" content=\"2018-05-07T06:00:18+00:00\" \/>\n<meta property=\"og:image\" content=\"https:\/\/www.emz.de\/wp-content\/uploads\/2018\/05\/EMZ-News-Nachrichten_0000s_0018_20180507_Kevin_Wagner.jpg\" \/>\n\t<meta property=\"og:image:width\" content=\"1200\" \/>\n\t<meta property=\"og:image:height\" content=\"800\" \/>\n\t<meta property=\"og:image:type\" content=\"image\/jpeg\" \/>\n<meta name=\"author\" content=\"Azra Yelmen\" \/>\n<meta name=\"twitter:card\" content=\"summary_large_image\" \/>\n<script type=\"application\/ld+json\" class=\"yoast-schema-graph\">{\"@context\":\"https:\\\/\\\/schema.org\",\"@graph\":[{\"@type\":\"NewsArticle\",\"@id\":\"https:\\\/\\\/www.emz.de\\\/fr\\\/generalites\\\/kevin-wagner-veut-devenir-le-nouveau-moteur-de-la-croissance\\\/#article\",\"isPartOf\":{\"@id\":\"https:\\\/\\\/www.emz.de\\\/fr\\\/generalites\\\/kevin-wagner-veut-devenir-le-nouveau-moteur-de-la-croissance\\\/\"},\"author\":{\"name\":\"Azra Yelmen\",\"@id\":\"https:\\\/\\\/www.emz.de\\\/fr\\\/#\\\/schema\\\/person\\\/26f60b7d341bd325a1b226e6c0fa8f91\"},\"headline\":\"Kevin Wagner veut devenir le nouveau moteur de la croissance\",\"datePublished\":\"2018-05-07T06:00:18+00:00\",\"mainEntityOfPage\":{\"@id\":\"https:\\\/\\\/www.emz.de\\\/fr\\\/generalites\\\/kevin-wagner-veut-devenir-le-nouveau-moteur-de-la-croissance\\\/\"},\"wordCount\":240,\"publisher\":{\"@id\":\"https:\\\/\\\/www.emz.de\\\/fr\\\/#organization\"},\"image\":{\"@id\":\"https:\\\/\\\/www.emz.de\\\/fr\\\/generalites\\\/kevin-wagner-veut-devenir-le-nouveau-moteur-de-la-croissance\\\/#primaryimage\"},\"thumbnailUrl\":\"https:\\\/\\\/www.emz.de\\\/wp-content\\\/uploads\\\/2018\\\/05\\\/EMZ-News-Nachrichten_0000s_0018_20180507_Kevin_Wagner.jpg\",\"keywords\":[\"adjoint\",\"croissance\",\"directeur commercial\",\"emz\",\"Kevin Christopher Wagner\",\"moteurs asynchrones triphas\u00e9s\"],\"articleSection\":[\"GENERALITES\"],\"inLanguage\":\"fr-FR\"},{\"@type\":\"WebPage\",\"@id\":\"https:\\\/\\\/www.emz.de\\\/fr\\\/generalites\\\/kevin-wagner-veut-devenir-le-nouveau-moteur-de-la-croissance\\\/\",\"url\":\"https:\\\/\\\/www.emz.de\\\/fr\\\/generalites\\\/kevin-wagner-veut-devenir-le-nouveau-moteur-de-la-croissance\\\/\",\"name\":\"Kevin Wagner veut devenir le nouveau moteur de la croissance | EMZ\",\"isPartOf\":{\"@id\":\"https:\\\/\\\/www.emz.de\\\/fr\\\/#website\"},\"primaryImageOfPage\":{\"@id\":\"https:\\\/\\\/www.emz.de\\\/fr\\\/generalites\\\/kevin-wagner-veut-devenir-le-nouveau-moteur-de-la-croissance\\\/#primaryimage\"},\"image\":{\"@id\":\"https:\\\/\\\/www.emz.de\\\/fr\\\/generalites\\\/kevin-wagner-veut-devenir-le-nouveau-moteur-de-la-croissance\\\/#primaryimage\"},\"thumbnailUrl\":\"https:\\\/\\\/www.emz.de\\\/wp-content\\\/uploads\\\/2018\\\/05\\\/EMZ-News-Nachrichten_0000s_0018_20180507_Kevin_Wagner.jpg\",\"datePublished\":\"2018-05-07T06:00:18+00:00\",\"breadcrumb\":{\"@id\":\"https:\\\/\\\/www.emz.de\\\/fr\\\/generalites\\\/kevin-wagner-veut-devenir-le-nouveau-moteur-de-la-croissance\\\/#breadcrumb\"},\"inLanguage\":\"fr-FR\",\"potentialAction\":[{\"@type\":\"ReadAction\",\"target\":[\"https:\\\/\\\/www.emz.de\\\/fr\\\/generalites\\\/kevin-wagner-veut-devenir-le-nouveau-moteur-de-la-croissance\\\/\"]}]},{\"@type\":\"ImageObject\",\"inLanguage\":\"fr-FR\",\"@id\":\"https:\\\/\\\/www.emz.de\\\/fr\\\/generalites\\\/kevin-wagner-veut-devenir-le-nouveau-moteur-de-la-croissance\\\/#primaryimage\",\"url\":\"https:\\\/\\\/www.emz.de\\\/wp-content\\\/uploads\\\/2018\\\/05\\\/EMZ-News-Nachrichten_0000s_0018_20180507_Kevin_Wagner.jpg\",\"contentUrl\":\"https:\\\/\\\/www.emz.de\\\/wp-content\\\/uploads\\\/2018\\\/05\\\/EMZ-News-Nachrichten_0000s_0018_20180507_Kevin_Wagner.jpg\",\"width\":1200,\"height\":800},{\"@type\":\"BreadcrumbList\",\"@id\":\"https:\\\/\\\/www.emz.de\\\/fr\\\/generalites\\\/kevin-wagner-veut-devenir-le-nouveau-moteur-de-la-croissance\\\/#breadcrumb\",\"itemListElement\":[{\"@type\":\"ListItem\",\"position\":1,\"name\":\"Home\",\"item\":\"https:\\\/\\\/www.emz.de\\\/fr\\\/\"},{\"@type\":\"ListItem\",\"position\":2,\"name\":\"Kevin Wagner veut devenir le nouveau moteur de la croissance\"}]},{\"@type\":\"WebSite\",\"@id\":\"https:\\\/\\\/www.emz.de\\\/fr\\\/#website\",\"url\":\"https:\\\/\\\/www.emz.de\\\/fr\\\/\",\"name\":\"EMZ Elektromotoren f\u00fcr Hochspannung und Niederspannung\",\"description\":\"Spezialist f\u00fcr elektrische Antriebstechnik\",\"publisher\":{\"@id\":\"https:\\\/\\\/www.emz.de\\\/fr\\\/#organization\"},\"alternateName\":\"EMZ\",\"potentialAction\":[{\"@type\":\"SearchAction\",\"target\":{\"@type\":\"EntryPoint\",\"urlTemplate\":\"https:\\\/\\\/www.emz.de\\\/fr\\\/?s={search_term_string}\"},\"query-input\":{\"@type\":\"PropertyValueSpecification\",\"valueRequired\":true,\"valueName\":\"search_term_string\"}}],\"inLanguage\":\"fr-FR\"},{\"@type\":\"Organization\",\"@id\":\"https:\\\/\\\/www.emz.de\\\/fr\\\/#organization\",\"name\":\"EMZ Elektro-Maschinen-Zentrale GmbH\",\"alternateName\":\"EMZ\",\"url\":\"https:\\\/\\\/www.emz.de\\\/fr\\\/\",\"logo\":{\"@type\":\"ImageObject\",\"inLanguage\":\"fr-FR\",\"@id\":\"https:\\\/\\\/www.emz.de\\\/fr\\\/#\\\/schema\\\/logo\\\/image\\\/\",\"url\":\"https:\\\/\\\/www.emz.de\\\/wp-content\\\/uploads\\\/2022\\\/07\\\/EMZ_Logo_RGB_mitClaim_Positiv_2-farbig_Hellblau-Dunkelblau.svg\",\"contentUrl\":\"https:\\\/\\\/www.emz.de\\\/wp-content\\\/uploads\\\/2022\\\/07\\\/EMZ_Logo_RGB_mitClaim_Positiv_2-farbig_Hellblau-Dunkelblau.svg\",\"width\":\"1024\",\"height\":\"1024\",\"caption\":\"EMZ Elektro-Maschinen-Zentrale GmbH\"},\"image\":{\"@id\":\"https:\\\/\\\/www.emz.de\\\/fr\\\/#\\\/schema\\\/logo\\\/image\\\/\"},\"sameAs\":[\"https:\\\/\\\/www.facebook.com\\\/EMZdeutschland\",\"https:\\\/\\\/www.linkedin.com\\\/company\\\/emz-elektro-maschinen-zentrale-gmbh\\\/?originalSubdomain=de\",\"https:\\\/\\\/www.youtube.com\\\/channel\\\/UCajQ_5Xm-hS2H16Liwf5UAQ\\\/featured\",\"https:\\\/\\\/www.xing.com\\\/pages\\\/emz-elektro-maschinen-zentrale-gmbh\"]},{\"@type\":\"Person\",\"@id\":\"https:\\\/\\\/www.emz.de\\\/fr\\\/#\\\/schema\\\/person\\\/26f60b7d341bd325a1b226e6c0fa8f91\",\"name\":\"Azra Yelmen\"}]}<\/script>\n<!-- \/ Yoast SEO plugin. -->","yoast_head_json":{"title":"Kevin Wagner veut devenir le nouveau moteur de la croissance | EMZ","robots":{"index":"index","follow":"follow","max-snippet":"max-snippet:-1","max-image-preview":"max-image-preview:large","max-video-preview":"max-video-preview:-1"},"canonical":"https:\/\/www.emz.de\/fr\/generalites\/kevin-wagner-veut-devenir-le-nouveau-moteur-de-la-croissance\/","og_locale":"fr_FR","og_type":"article","og_title":"Kevin Wagner veut devenir le nouveau moteur de la croissance | EMZ","og_description":"La direction d\u2019EMZ nomme un nouveau directeur commercial adjoint de la division des moteurs basse-tension. \u201c J\u2019ai h\u00e2te d\u2019assumer mes nouvelles responsabilit\u00e9s en tant que directeur commercial adjoint de la division des moteurs basse-tension et j\u2019ai une totale confiance dans notre \u00e9quipe pour am\u00e9liorer encore davantage notre croissance dans les ann\u00e9es \u00e0 venir. Je consid\u00e8re...","og_url":"https:\/\/www.emz.de\/fr\/generalites\/kevin-wagner-veut-devenir-le-nouveau-moteur-de-la-croissance\/","og_site_name":"EMZ","article_publisher":"https:\/\/www.facebook.com\/EMZdeutschland","article_published_time":"2018-05-07T06:00:18+00:00","og_image":[{"width":1200,"height":800,"url":"https:\/\/www.emz.de\/wp-content\/uploads\/2018\/05\/EMZ-News-Nachrichten_0000s_0018_20180507_Kevin_Wagner.jpg","type":"image\/jpeg"}],"author":"Azra Yelmen","twitter_card":"summary_large_image","schema":{"@context":"https:\/\/schema.org","@graph":[{"@type":"NewsArticle","@id":"https:\/\/www.emz.de\/fr\/generalites\/kevin-wagner-veut-devenir-le-nouveau-moteur-de-la-croissance\/#article","isPartOf":{"@id":"https:\/\/www.emz.de\/fr\/generalites\/kevin-wagner-veut-devenir-le-nouveau-moteur-de-la-croissance\/"},"author":{"name":"Azra Yelmen","@id":"https:\/\/www.emz.de\/fr\/#\/schema\/person\/26f60b7d341bd325a1b226e6c0fa8f91"},"headline":"Kevin Wagner veut devenir le nouveau moteur de la croissance","datePublished":"2018-05-07T06:00:18+00:00","mainEntityOfPage":{"@id":"https:\/\/www.emz.de\/fr\/generalites\/kevin-wagner-veut-devenir-le-nouveau-moteur-de-la-croissance\/"},"wordCount":240,"publisher":{"@id":"https:\/\/www.emz.de\/fr\/#organization"},"image":{"@id":"https:\/\/www.emz.de\/fr\/generalites\/kevin-wagner-veut-devenir-le-nouveau-moteur-de-la-croissance\/#primaryimage"},"thumbnailUrl":"https:\/\/www.emz.de\/wp-content\/uploads\/2018\/05\/EMZ-News-Nachrichten_0000s_0018_20180507_Kevin_Wagner.jpg","keywords":["adjoint","croissance","directeur commercial","emz","Kevin Christopher Wagner","moteurs asynchrones triphas\u00e9s"],"articleSection":["GENERALITES"],"inLanguage":"fr-FR"},{"@type":"WebPage","@id":"https:\/\/www.emz.de\/fr\/generalites\/kevin-wagner-veut-devenir-le-nouveau-moteur-de-la-croissance\/","url":"https:\/\/www.emz.de\/fr\/generalites\/kevin-wagner-veut-devenir-le-nouveau-moteur-de-la-croissance\/","name":"Kevin Wagner veut devenir le nouveau moteur de la croissance | EMZ","isPartOf":{"@id":"https:\/\/www.emz.de\/fr\/#website"},"primaryImageOfPage":{"@id":"https:\/\/www.emz.de\/fr\/generalites\/kevin-wagner-veut-devenir-le-nouveau-moteur-de-la-croissance\/#primaryimage"},"image":{"@id":"https:\/\/www.emz.de\/fr\/generalites\/kevin-wagner-veut-devenir-le-nouveau-moteur-de-la-croissance\/#primaryimage"},"thumbnailUrl":"https:\/\/www.emz.de\/wp-content\/uploads\/2018\/05\/EMZ-News-Nachrichten_0000s_0018_20180507_Kevin_Wagner.jpg","datePublished":"2018-05-07T06:00:18+00:00","breadcrumb":{"@id":"https:\/\/www.emz.de\/fr\/generalites\/kevin-wagner-veut-devenir-le-nouveau-moteur-de-la-croissance\/#breadcrumb"},"inLanguage":"fr-FR","potentialAction":[{"@type":"ReadAction","target":["https:\/\/www.emz.de\/fr\/generalites\/kevin-wagner-veut-devenir-le-nouveau-moteur-de-la-croissance\/"]}]},{"@type":"ImageObject","inLanguage":"fr-FR","@id":"https:\/\/www.emz.de\/fr\/generalites\/kevin-wagner-veut-devenir-le-nouveau-moteur-de-la-croissance\/#primaryimage","url":"https:\/\/www.emz.de\/wp-content\/uploads\/2018\/05\/EMZ-News-Nachrichten_0000s_0018_20180507_Kevin_Wagner.jpg","contentUrl":"https:\/\/www.emz.de\/wp-content\/uploads\/2018\/05\/EMZ-News-Nachrichten_0000s_0018_20180507_Kevin_Wagner.jpg","width":1200,"height":800},{"@type":"BreadcrumbList","@id":"https:\/\/www.emz.de\/fr\/generalites\/kevin-wagner-veut-devenir-le-nouveau-moteur-de-la-croissance\/#breadcrumb","itemListElement":[{"@type":"ListItem","position":1,"name":"Home","item":"https:\/\/www.emz.de\/fr\/"},{"@type":"ListItem","position":2,"name":"Kevin Wagner veut devenir le nouveau moteur de la croissance"}]},{"@type":"WebSite","@id":"https:\/\/www.emz.de\/fr\/#website","url":"https:\/\/www.emz.de\/fr\/","name":"EMZ Elektromotoren f\u00fcr Hochspannung und Niederspannung","description":"Spezialist f\u00fcr elektrische Antriebstechnik","publisher":{"@id":"https:\/\/www.emz.de\/fr\/#organization"},"alternateName":"EMZ","potentialAction":[{"@type":"SearchAction","target":{"@type":"EntryPoint","urlTemplate":"https:\/\/www.emz.de\/fr\/?s={search_term_string}"},"query-input":{"@type":"PropertyValueSpecification","valueRequired":true,"valueName":"search_term_string"}}],"inLanguage":"fr-FR"},{"@type":"Organization","@id":"https:\/\/www.emz.de\/fr\/#organization","name":"EMZ Elektro-Maschinen-Zentrale GmbH","alternateName":"EMZ","url":"https:\/\/www.emz.de\/fr\/","logo":{"@type":"ImageObject","inLanguage":"fr-FR","@id":"https:\/\/www.emz.de\/fr\/#\/schema\/logo\/image\/","url":"https:\/\/www.emz.de\/wp-content\/uploads\/2022\/07\/EMZ_Logo_RGB_mitClaim_Positiv_2-farbig_Hellblau-Dunkelblau.svg","contentUrl":"https:\/\/www.emz.de\/wp-content\/uploads\/2022\/07\/EMZ_Logo_RGB_mitClaim_Positiv_2-farbig_Hellblau-Dunkelblau.svg","width":"1024","height":"1024","caption":"EMZ Elektro-Maschinen-Zentrale GmbH"},"image":{"@id":"https:\/\/www.emz.de\/fr\/#\/schema\/logo\/image\/"},"sameAs":["https:\/\/www.facebook.com\/EMZdeutschland","https:\/\/www.linkedin.com\/company\/emz-elektro-maschinen-zentrale-gmbh\/?originalSubdomain=de","https:\/\/www.youtube.com\/channel\/UCajQ_5Xm-hS2H16Liwf5UAQ\/featured","https:\/\/www.xing.com\/pages\/emz-elektro-maschinen-zentrale-gmbh"]},{"@type":"Person","@id":"https:\/\/www.emz.de\/fr\/#\/schema\/person\/26f60b7d341bd325a1b226e6c0fa8f91","name":"Azra Yelmen"}]}},"_links":{"self":[{"href":"https:\/\/www.emz.de\/fr\/wp-json\/wp\/v2\/posts\/4347","targetHints":{"allow":["GET"]}}],"collection":[{"href":"https:\/\/www.emz.de\/fr\/wp-json\/wp\/v2\/posts"}],"about":[{"href":"https:\/\/www.emz.de\/fr\/wp-json\/wp\/v2\/types\/post"}],"author":[{"embeddable":true,"href":"https:\/\/www.emz.de\/fr\/wp-json\/wp\/v2\/users\/6"}],"replies":[{"embeddable":true,"href":"https:\/\/www.emz.de\/fr\/wp-json\/wp\/v2\/comments?post=4347"}],"version-history":[{"count":0,"href":"https:\/\/www.emz.de\/fr\/wp-json\/wp\/v2\/posts\/4347\/revisions"}],"wp:featuredmedia":[{"embeddable":true,"href":"https:\/\/www.emz.de\/fr\/wp-json\/wp\/v2\/media\/5366"}],"wp:attachment":[{"href":"https:\/\/www.emz.de\/fr\/wp-json\/wp\/v2\/media?parent=4347"}],"wp:term":[{"taxonomy":"category","embeddable":true,"href":"https:\/\/www.emz.de\/fr\/wp-json\/wp\/v2\/categories?post=4347"},{"taxonomy":"post_tag","embeddable":true,"href":"https:\/\/www.emz.de\/fr\/wp-json\/wp\/v2\/tags?post=4347"}],"curies":[{"name":"wp","href":"https:\/\/api.w.org\/{rel}","templated":true}]}}