{"id":4353,"date":"2016-02-29T08:00:31","date_gmt":"2016-02-29T07:00:31","guid":{"rendered":"https:\/\/staging.emz.de\/non-classifiee\/moteurs-ie3-pour-la-zone-22-disponibles-en-stock\/"},"modified":"2016-02-29T08:00:31","modified_gmt":"2016-02-29T07:00:31","slug":"moteurs-ie3-pour-la-zone-22-disponibles-en-stock","status":"publish","type":"post","link":"https:\/\/www.emz.de\/fr\/generalites\/moteurs-ie3-pour-la-zone-22-disponibles-en-stock\/","title":{"rendered":"Moteurs IE3 pour la zone 22 disponibles en stock!"},"content":{"rendered":"<h3 class=\"\">Moteurs IE3 pour la zone 22 disponibles en stock!<\/h3>\n<p><span style=\"color: #ffffff;\">EMZ propose d\u00e9sormais les moteurs EMK IE3 en version prot\u00e9g\u00e9e contre les explosions de poussi\u00e8res en version zone 22.<\/span><\/p>\n<p><span style=\"color: #ffffff;\">Les informations techniques et sch\u00e9mas dimensionnels sont disponibles dans le configurateur o\u00f9 la zone 22 est indiqu\u00e9e en option.<\/span><\/p>\n","protected":false},"excerpt":{"rendered":"<p>Moteurs IE3 pour la zone 22 disponibles en stock! EMZ propose d\u00e9sormais les moteurs EMK IE3 en version prot\u00e9g\u00e9e contre les explosions de poussi\u00e8res en version zone 22. Les informations techniques et sch\u00e9mas dimensionnels sont disponibles dans le configurateur o\u00f9 la zone 22 est indiqu\u00e9e en option.<\/p>\n","protected":false},"author":6,"featured_media":5677,"comment_status":"closed","ping_status":"open","sticky":false,"template":"","format":"standard","meta":{"footnotes":""},"categories":[605],"tags":[606,728,729],"class_list":["post-4353","post","type-post","status-publish","format-standard","has-post-thumbnail","hentry","category-generalites","tag-emz-fr","tag-moteurs-ie3","tag-zone-22-fr"],"yoast_head":"<!-- This site is optimized with the Yoast SEO plugin v27.4 - https:\/\/yoast.com\/product\/yoast-seo-wordpress\/ -->\n<title>Moteurs IE3 pour la zone 22 disponibles en stock! | EMZ<\/title>\n<meta name=\"robots\" content=\"index, follow, max-snippet:-1, max-image-preview:large, max-video-preview:-1\" \/>\n<link rel=\"canonical\" href=\"https:\/\/www.emz.de\/fr\/generalites\/moteurs-ie3-pour-la-zone-22-disponibles-en-stock\/\" \/>\n<meta property=\"og:locale\" content=\"fr_FR\" \/>\n<meta property=\"og:type\" content=\"article\" \/>\n<meta property=\"og:title\" content=\"Moteurs IE3 pour la zone 22 disponibles en stock! | EMZ\" \/>\n<meta property=\"og:description\" content=\"Moteurs IE3 pour la zone 22 disponibles en stock! EMZ propose d\u00e9sormais les moteurs EMK IE3 en version prot\u00e9g\u00e9e contre les explosions de poussi\u00e8res en version zone 22. Les informations techniques et sch\u00e9mas dimensionnels sont disponibles dans le configurateur o\u00f9 la zone 22 est indiqu\u00e9e en option.\" \/>\n<meta property=\"og:url\" content=\"https:\/\/www.emz.de\/fr\/generalites\/moteurs-ie3-pour-la-zone-22-disponibles-en-stock\/\" \/>\n<meta property=\"og:site_name\" content=\"EMZ\" \/>\n<meta property=\"article:publisher\" content=\"https:\/\/www.facebook.com\/EMZdeutschland\" \/>\n<meta property=\"article:published_time\" content=\"2016-02-29T07:00:31+00:00\" \/>\n<meta property=\"og:image\" content=\"https:\/\/www.emz.de\/wp-content\/uploads\/2016\/02\/EMZ-News-Nachrichten_0000s_0026_20160229_EMK-IE3-Motoren-1.jpg\" \/>\n\t<meta property=\"og:image:width\" content=\"1200\" \/>\n\t<meta property=\"og:image:height\" content=\"800\" \/>\n\t<meta property=\"og:image:type\" content=\"image\/jpeg\" \/>\n<meta name=\"author\" content=\"Azra Yelmen\" \/>\n<meta name=\"twitter:card\" content=\"summary_large_image\" \/>\n<script type=\"application\/ld+json\" class=\"yoast-schema-graph\">{\"@context\":\"https:\\\/\\\/schema.org\",\"@graph\":[{\"@type\":\"NewsArticle\",\"@id\":\"https:\\\/\\\/www.emz.de\\\/fr\\\/generalites\\\/moteurs-ie3-pour-la-zone-22-disponibles-en-stock\\\/#article\",\"isPartOf\":{\"@id\":\"https:\\\/\\\/www.emz.de\\\/fr\\\/generalites\\\/moteurs-ie3-pour-la-zone-22-disponibles-en-stock\\\/\"},\"author\":{\"name\":\"Azra Yelmen\",\"@id\":\"https:\\\/\\\/www.emz.de\\\/fr\\\/#\\\/schema\\\/person\\\/26f60b7d341bd325a1b226e6c0fa8f91\"},\"headline\":\"Moteurs IE3 pour la zone 22 disponibles en stock!\",\"datePublished\":\"2016-02-29T07:00:31+00:00\",\"mainEntityOfPage\":{\"@id\":\"https:\\\/\\\/www.emz.de\\\/fr\\\/generalites\\\/moteurs-ie3-pour-la-zone-22-disponibles-en-stock\\\/\"},\"wordCount\":58,\"publisher\":{\"@id\":\"https:\\\/\\\/www.emz.de\\\/fr\\\/#organization\"},\"image\":{\"@id\":\"https:\\\/\\\/www.emz.de\\\/fr\\\/generalites\\\/moteurs-ie3-pour-la-zone-22-disponibles-en-stock\\\/#primaryimage\"},\"thumbnailUrl\":\"https:\\\/\\\/www.emz.de\\\/wp-content\\\/uploads\\\/2016\\\/02\\\/EMZ-News-Nachrichten_0000s_0026_20160229_EMK-IE3-Motoren-1.jpg\",\"keywords\":[\"emz\",\"Moteurs IE3\",\"Zone 22\"],\"articleSection\":[\"GENERALITES\"],\"inLanguage\":\"fr-FR\"},{\"@type\":\"WebPage\",\"@id\":\"https:\\\/\\\/www.emz.de\\\/fr\\\/generalites\\\/moteurs-ie3-pour-la-zone-22-disponibles-en-stock\\\/\",\"url\":\"https:\\\/\\\/www.emz.de\\\/fr\\\/generalites\\\/moteurs-ie3-pour-la-zone-22-disponibles-en-stock\\\/\",\"name\":\"Moteurs IE3 pour la zone 22 disponibles en stock! | EMZ\",\"isPartOf\":{\"@id\":\"https:\\\/\\\/www.emz.de\\\/fr\\\/#website\"},\"primaryImageOfPage\":{\"@id\":\"https:\\\/\\\/www.emz.de\\\/fr\\\/generalites\\\/moteurs-ie3-pour-la-zone-22-disponibles-en-stock\\\/#primaryimage\"},\"image\":{\"@id\":\"https:\\\/\\\/www.emz.de\\\/fr\\\/generalites\\\/moteurs-ie3-pour-la-zone-22-disponibles-en-stock\\\/#primaryimage\"},\"thumbnailUrl\":\"https:\\\/\\\/www.emz.de\\\/wp-content\\\/uploads\\\/2016\\\/02\\\/EMZ-News-Nachrichten_0000s_0026_20160229_EMK-IE3-Motoren-1.jpg\",\"datePublished\":\"2016-02-29T07:00:31+00:00\",\"breadcrumb\":{\"@id\":\"https:\\\/\\\/www.emz.de\\\/fr\\\/generalites\\\/moteurs-ie3-pour-la-zone-22-disponibles-en-stock\\\/#breadcrumb\"},\"inLanguage\":\"fr-FR\",\"potentialAction\":[{\"@type\":\"ReadAction\",\"target\":[\"https:\\\/\\\/www.emz.de\\\/fr\\\/generalites\\\/moteurs-ie3-pour-la-zone-22-disponibles-en-stock\\\/\"]}]},{\"@type\":\"ImageObject\",\"inLanguage\":\"fr-FR\",\"@id\":\"https:\\\/\\\/www.emz.de\\\/fr\\\/generalites\\\/moteurs-ie3-pour-la-zone-22-disponibles-en-stock\\\/#primaryimage\",\"url\":\"https:\\\/\\\/www.emz.de\\\/wp-content\\\/uploads\\\/2016\\\/02\\\/EMZ-News-Nachrichten_0000s_0026_20160229_EMK-IE3-Motoren-1.jpg\",\"contentUrl\":\"https:\\\/\\\/www.emz.de\\\/wp-content\\\/uploads\\\/2016\\\/02\\\/EMZ-News-Nachrichten_0000s_0026_20160229_EMK-IE3-Motoren-1.jpg\",\"width\":1200,\"height\":800},{\"@type\":\"BreadcrumbList\",\"@id\":\"https:\\\/\\\/www.emz.de\\\/fr\\\/generalites\\\/moteurs-ie3-pour-la-zone-22-disponibles-en-stock\\\/#breadcrumb\",\"itemListElement\":[{\"@type\":\"ListItem\",\"position\":1,\"name\":\"Home\",\"item\":\"https:\\\/\\\/www.emz.de\\\/fr\\\/\"},{\"@type\":\"ListItem\",\"position\":2,\"name\":\"Moteurs IE3 pour la zone 22 disponibles en stock!\"}]},{\"@type\":\"WebSite\",\"@id\":\"https:\\\/\\\/www.emz.de\\\/fr\\\/#website\",\"url\":\"https:\\\/\\\/www.emz.de\\\/fr\\\/\",\"name\":\"EMZ Elektromotoren f\u00fcr Hochspannung und Niederspannung\",\"description\":\"Spezialist f\u00fcr elektrische Antriebstechnik\",\"publisher\":{\"@id\":\"https:\\\/\\\/www.emz.de\\\/fr\\\/#organization\"},\"alternateName\":\"EMZ\",\"potentialAction\":[{\"@type\":\"SearchAction\",\"target\":{\"@type\":\"EntryPoint\",\"urlTemplate\":\"https:\\\/\\\/www.emz.de\\\/fr\\\/?s={search_term_string}\"},\"query-input\":{\"@type\":\"PropertyValueSpecification\",\"valueRequired\":true,\"valueName\":\"search_term_string\"}}],\"inLanguage\":\"fr-FR\"},{\"@type\":\"Organization\",\"@id\":\"https:\\\/\\\/www.emz.de\\\/fr\\\/#organization\",\"name\":\"EMZ Elektro-Maschinen-Zentrale GmbH\",\"alternateName\":\"EMZ\",\"url\":\"https:\\\/\\\/www.emz.de\\\/fr\\\/\",\"logo\":{\"@type\":\"ImageObject\",\"inLanguage\":\"fr-FR\",\"@id\":\"https:\\\/\\\/www.emz.de\\\/fr\\\/#\\\/schema\\\/logo\\\/image\\\/\",\"url\":\"https:\\\/\\\/www.emz.de\\\/wp-content\\\/uploads\\\/2022\\\/07\\\/EMZ_Logo_RGB_mitClaim_Positiv_2-farbig_Hellblau-Dunkelblau.svg\",\"contentUrl\":\"https:\\\/\\\/www.emz.de\\\/wp-content\\\/uploads\\\/2022\\\/07\\\/EMZ_Logo_RGB_mitClaim_Positiv_2-farbig_Hellblau-Dunkelblau.svg\",\"width\":\"1024\",\"height\":\"1024\",\"caption\":\"EMZ Elektro-Maschinen-Zentrale GmbH\"},\"image\":{\"@id\":\"https:\\\/\\\/www.emz.de\\\/fr\\\/#\\\/schema\\\/logo\\\/image\\\/\"},\"sameAs\":[\"https:\\\/\\\/www.facebook.com\\\/EMZdeutschland\",\"https:\\\/\\\/www.linkedin.com\\\/company\\\/emz-elektro-maschinen-zentrale-gmbh\\\/?originalSubdomain=de\",\"https:\\\/\\\/www.youtube.com\\\/channel\\\/UCajQ_5Xm-hS2H16Liwf5UAQ\\\/featured\",\"https:\\\/\\\/www.xing.com\\\/pages\\\/emz-elektro-maschinen-zentrale-gmbh\"]},{\"@type\":\"Person\",\"@id\":\"https:\\\/\\\/www.emz.de\\\/fr\\\/#\\\/schema\\\/person\\\/26f60b7d341bd325a1b226e6c0fa8f91\",\"name\":\"Azra Yelmen\"}]}<\/script>\n<!-- \/ Yoast SEO plugin. -->","yoast_head_json":{"title":"Moteurs IE3 pour la zone 22 disponibles en stock! | EMZ","robots":{"index":"index","follow":"follow","max-snippet":"max-snippet:-1","max-image-preview":"max-image-preview:large","max-video-preview":"max-video-preview:-1"},"canonical":"https:\/\/www.emz.de\/fr\/generalites\/moteurs-ie3-pour-la-zone-22-disponibles-en-stock\/","og_locale":"fr_FR","og_type":"article","og_title":"Moteurs IE3 pour la zone 22 disponibles en stock! | EMZ","og_description":"Moteurs IE3 pour la zone 22 disponibles en stock! EMZ propose d\u00e9sormais les moteurs EMK IE3 en version prot\u00e9g\u00e9e contre les explosions de poussi\u00e8res en version zone 22. Les informations techniques et sch\u00e9mas dimensionnels sont disponibles dans le configurateur o\u00f9 la zone 22 est indiqu\u00e9e en option.","og_url":"https:\/\/www.emz.de\/fr\/generalites\/moteurs-ie3-pour-la-zone-22-disponibles-en-stock\/","og_site_name":"EMZ","article_publisher":"https:\/\/www.facebook.com\/EMZdeutschland","article_published_time":"2016-02-29T07:00:31+00:00","og_image":[{"width":1200,"height":800,"url":"https:\/\/www.emz.de\/wp-content\/uploads\/2016\/02\/EMZ-News-Nachrichten_0000s_0026_20160229_EMK-IE3-Motoren-1.jpg","type":"image\/jpeg"}],"author":"Azra Yelmen","twitter_card":"summary_large_image","schema":{"@context":"https:\/\/schema.org","@graph":[{"@type":"NewsArticle","@id":"https:\/\/www.emz.de\/fr\/generalites\/moteurs-ie3-pour-la-zone-22-disponibles-en-stock\/#article","isPartOf":{"@id":"https:\/\/www.emz.de\/fr\/generalites\/moteurs-ie3-pour-la-zone-22-disponibles-en-stock\/"},"author":{"name":"Azra Yelmen","@id":"https:\/\/www.emz.de\/fr\/#\/schema\/person\/26f60b7d341bd325a1b226e6c0fa8f91"},"headline":"Moteurs IE3 pour la zone 22 disponibles en stock!","datePublished":"2016-02-29T07:00:31+00:00","mainEntityOfPage":{"@id":"https:\/\/www.emz.de\/fr\/generalites\/moteurs-ie3-pour-la-zone-22-disponibles-en-stock\/"},"wordCount":58,"publisher":{"@id":"https:\/\/www.emz.de\/fr\/#organization"},"image":{"@id":"https:\/\/www.emz.de\/fr\/generalites\/moteurs-ie3-pour-la-zone-22-disponibles-en-stock\/#primaryimage"},"thumbnailUrl":"https:\/\/www.emz.de\/wp-content\/uploads\/2016\/02\/EMZ-News-Nachrichten_0000s_0026_20160229_EMK-IE3-Motoren-1.jpg","keywords":["emz","Moteurs IE3","Zone 22"],"articleSection":["GENERALITES"],"inLanguage":"fr-FR"},{"@type":"WebPage","@id":"https:\/\/www.emz.de\/fr\/generalites\/moteurs-ie3-pour-la-zone-22-disponibles-en-stock\/","url":"https:\/\/www.emz.de\/fr\/generalites\/moteurs-ie3-pour-la-zone-22-disponibles-en-stock\/","name":"Moteurs IE3 pour la zone 22 disponibles en stock! | EMZ","isPartOf":{"@id":"https:\/\/www.emz.de\/fr\/#website"},"primaryImageOfPage":{"@id":"https:\/\/www.emz.de\/fr\/generalites\/moteurs-ie3-pour-la-zone-22-disponibles-en-stock\/#primaryimage"},"image":{"@id":"https:\/\/www.emz.de\/fr\/generalites\/moteurs-ie3-pour-la-zone-22-disponibles-en-stock\/#primaryimage"},"thumbnailUrl":"https:\/\/www.emz.de\/wp-content\/uploads\/2016\/02\/EMZ-News-Nachrichten_0000s_0026_20160229_EMK-IE3-Motoren-1.jpg","datePublished":"2016-02-29T07:00:31+00:00","breadcrumb":{"@id":"https:\/\/www.emz.de\/fr\/generalites\/moteurs-ie3-pour-la-zone-22-disponibles-en-stock\/#breadcrumb"},"inLanguage":"fr-FR","potentialAction":[{"@type":"ReadAction","target":["https:\/\/www.emz.de\/fr\/generalites\/moteurs-ie3-pour-la-zone-22-disponibles-en-stock\/"]}]},{"@type":"ImageObject","inLanguage":"fr-FR","@id":"https:\/\/www.emz.de\/fr\/generalites\/moteurs-ie3-pour-la-zone-22-disponibles-en-stock\/#primaryimage","url":"https:\/\/www.emz.de\/wp-content\/uploads\/2016\/02\/EMZ-News-Nachrichten_0000s_0026_20160229_EMK-IE3-Motoren-1.jpg","contentUrl":"https:\/\/www.emz.de\/wp-content\/uploads\/2016\/02\/EMZ-News-Nachrichten_0000s_0026_20160229_EMK-IE3-Motoren-1.jpg","width":1200,"height":800},{"@type":"BreadcrumbList","@id":"https:\/\/www.emz.de\/fr\/generalites\/moteurs-ie3-pour-la-zone-22-disponibles-en-stock\/#breadcrumb","itemListElement":[{"@type":"ListItem","position":1,"name":"Home","item":"https:\/\/www.emz.de\/fr\/"},{"@type":"ListItem","position":2,"name":"Moteurs IE3 pour la zone 22 disponibles en stock!"}]},{"@type":"WebSite","@id":"https:\/\/www.emz.de\/fr\/#website","url":"https:\/\/www.emz.de\/fr\/","name":"EMZ Elektromotoren f\u00fcr Hochspannung und Niederspannung","description":"Spezialist f\u00fcr elektrische Antriebstechnik","publisher":{"@id":"https:\/\/www.emz.de\/fr\/#organization"},"alternateName":"EMZ","potentialAction":[{"@type":"SearchAction","target":{"@type":"EntryPoint","urlTemplate":"https:\/\/www.emz.de\/fr\/?s={search_term_string}"},"query-input":{"@type":"PropertyValueSpecification","valueRequired":true,"valueName":"search_term_string"}}],"inLanguage":"fr-FR"},{"@type":"Organization","@id":"https:\/\/www.emz.de\/fr\/#organization","name":"EMZ Elektro-Maschinen-Zentrale GmbH","alternateName":"EMZ","url":"https:\/\/www.emz.de\/fr\/","logo":{"@type":"ImageObject","inLanguage":"fr-FR","@id":"https:\/\/www.emz.de\/fr\/#\/schema\/logo\/image\/","url":"https:\/\/www.emz.de\/wp-content\/uploads\/2022\/07\/EMZ_Logo_RGB_mitClaim_Positiv_2-farbig_Hellblau-Dunkelblau.svg","contentUrl":"https:\/\/www.emz.de\/wp-content\/uploads\/2022\/07\/EMZ_Logo_RGB_mitClaim_Positiv_2-farbig_Hellblau-Dunkelblau.svg","width":"1024","height":"1024","caption":"EMZ Elektro-Maschinen-Zentrale GmbH"},"image":{"@id":"https:\/\/www.emz.de\/fr\/#\/schema\/logo\/image\/"},"sameAs":["https:\/\/www.facebook.com\/EMZdeutschland","https:\/\/www.linkedin.com\/company\/emz-elektro-maschinen-zentrale-gmbh\/?originalSubdomain=de","https:\/\/www.youtube.com\/channel\/UCajQ_5Xm-hS2H16Liwf5UAQ\/featured","https:\/\/www.xing.com\/pages\/emz-elektro-maschinen-zentrale-gmbh"]},{"@type":"Person","@id":"https:\/\/www.emz.de\/fr\/#\/schema\/person\/26f60b7d341bd325a1b226e6c0fa8f91","name":"Azra Yelmen"}]}},"_links":{"self":[{"href":"https:\/\/www.emz.de\/fr\/wp-json\/wp\/v2\/posts\/4353","targetHints":{"allow":["GET"]}}],"collection":[{"href":"https:\/\/www.emz.de\/fr\/wp-json\/wp\/v2\/posts"}],"about":[{"href":"https:\/\/www.emz.de\/fr\/wp-json\/wp\/v2\/types\/post"}],"author":[{"embeddable":true,"href":"https:\/\/www.emz.de\/fr\/wp-json\/wp\/v2\/users\/6"}],"replies":[{"embeddable":true,"href":"https:\/\/www.emz.de\/fr\/wp-json\/wp\/v2\/comments?post=4353"}],"version-history":[{"count":0,"href":"https:\/\/www.emz.de\/fr\/wp-json\/wp\/v2\/posts\/4353\/revisions"}],"wp:featuredmedia":[{"embeddable":true,"href":"https:\/\/www.emz.de\/fr\/wp-json\/wp\/v2\/media\/5677"}],"wp:attachment":[{"href":"https:\/\/www.emz.de\/fr\/wp-json\/wp\/v2\/media?parent=4353"}],"wp:term":[{"taxonomy":"category","embeddable":true,"href":"https:\/\/www.emz.de\/fr\/wp-json\/wp\/v2\/categories?post=4353"},{"taxonomy":"post_tag","embeddable":true,"href":"https:\/\/www.emz.de\/fr\/wp-json\/wp\/v2\/tags?post=4353"}],"curies":[{"name":"wp","href":"https:\/\/api.w.org\/{rel}","templated":true}]}}