{"id":4354,"date":"2015-09-02T08:00:07","date_gmt":"2015-09-02T06:00:07","guid":{"rendered":"https:\/\/staging.emz.de\/non-classifiee\/emz-participe-a-la-competition-b2run\/"},"modified":"2015-09-02T08:00:07","modified_gmt":"2015-09-02T06:00:07","slug":"emz-participe-a-la-competition-b2run","status":"publish","type":"post","link":"https:\/\/www.emz.de\/fr\/generalites\/emz-participe-a-la-competition-b2run\/","title":{"rendered":"EMZ participe \u00e0 la comp\u00e9tition B2RUN"},"content":{"rendered":"<p><span style=\"color: #ffffff;\">Onze employ\u00e9s de la soci\u00e9t\u00e9 EMZ ont pris part \u00e0 la course B2RUN au parc Veltins Arena \u00e0 Gelsenkirchen.<\/span><\/p>\n<p><span style=\"color: #ffffff;\">Jeudi 13 ao\u00fbt, c\u2019est le d\u00e9part de la course B2RUN avec une m\u00e9t\u00e9o agr\u00e9able et 30\u00b0C. En cette soir\u00e9e d\u2019\u00e9t\u00e9 ensoleill\u00e9e, ce sont environ 1500 personnes qui participent \u00e0 cette course de 6 kilom\u00e8tres et parmi eux, 11 employ\u00e9s motiv\u00e9s de la soci\u00e9t\u00e9 EMZ. L\u2019entrainement qu\u2019ils ont suivi les semaines pr\u00e9c\u00e9dentes a port\u00e9 ses fruits, tous sont satisfaits de leur temps effectu\u00e9 et ont atteint leurs objectifs. Nico Zemelka, le plus jeune de l\u2019\u00e9quipe EMZ a effectu\u00e9 un temps de 26,3 minutes, et est class\u00e9 27i\u00e8me au classement g\u00e9n\u00e9ral.<\/span><\/p>\n","protected":false},"excerpt":{"rendered":"<p>Onze employ\u00e9s de la soci\u00e9t\u00e9 EMZ ont pris part \u00e0 la course B2RUN au parc Veltins Arena \u00e0 Gelsenkirchen. Jeudi 13 ao\u00fbt, c\u2019est le d\u00e9part de la course B2RUN avec une m\u00e9t\u00e9o agr\u00e9able et 30\u00b0C. En cette soir\u00e9e d\u2019\u00e9t\u00e9 ensoleill\u00e9e, ce sont environ 1500 personnes qui participent \u00e0 cette course de 6 kilom\u00e8tres et parmi&#8230;<\/p>\n","protected":false},"author":6,"featured_media":5641,"comment_status":"closed","ping_status":"open","sticky":false,"template":"","format":"standard","meta":{"footnotes":""},"categories":[605],"tags":[723,724,606,731,732,689,730],"class_list":["post-4354","post","type-post","status-publish","format-standard","has-post-thumbnail","hentry","category-generalites","tag-b2run-fr","tag-course-dentreprises","tag-emz-fr","tag-gelsenkirchen-fr","tag-motive","tag-nico-zemelka-fr","tag-veltins-arena-fr"],"yoast_head":"<!-- This site is optimized with the Yoast SEO plugin v27.4 - https:\/\/yoast.com\/product\/yoast-seo-wordpress\/ -->\n<title>EMZ participe \u00e0 la comp\u00e9tition B2RUN | EMZ<\/title>\n<meta name=\"robots\" content=\"index, follow, max-snippet:-1, max-image-preview:large, max-video-preview:-1\" \/>\n<link rel=\"canonical\" href=\"https:\/\/www.emz.de\/fr\/generalites\/emz-participe-a-la-competition-b2run\/\" \/>\n<meta property=\"og:locale\" content=\"fr_FR\" \/>\n<meta property=\"og:type\" content=\"article\" \/>\n<meta property=\"og:title\" content=\"EMZ participe \u00e0 la comp\u00e9tition B2RUN | EMZ\" \/>\n<meta property=\"og:description\" content=\"Onze employ\u00e9s de la soci\u00e9t\u00e9 EMZ ont pris part \u00e0 la course B2RUN au parc Veltins Arena \u00e0 Gelsenkirchen. Jeudi 13 ao\u00fbt, c\u2019est le d\u00e9part de la course B2RUN avec une m\u00e9t\u00e9o agr\u00e9able et 30\u00b0C. En cette soir\u00e9e d\u2019\u00e9t\u00e9 ensoleill\u00e9e, ce sont environ 1500 personnes qui participent \u00e0 cette course de 6 kilom\u00e8tres et parmi...\" \/>\n<meta property=\"og:url\" content=\"https:\/\/www.emz.de\/fr\/generalites\/emz-participe-a-la-competition-b2run\/\" \/>\n<meta property=\"og:site_name\" content=\"EMZ\" \/>\n<meta property=\"article:publisher\" content=\"https:\/\/www.facebook.com\/EMZdeutschland\" \/>\n<meta property=\"article:published_time\" content=\"2015-09-02T06:00:07+00:00\" \/>\n<meta property=\"og:image\" content=\"https:\/\/www.emz.de\/wp-content\/uploads\/2015\/09\/EMZ-News-Nachrichten_0000s_0028_20150902_B2Run-Firmenlauf-1.jpg\" \/>\n\t<meta property=\"og:image:width\" content=\"1200\" \/>\n\t<meta property=\"og:image:height\" content=\"800\" \/>\n\t<meta property=\"og:image:type\" content=\"image\/jpeg\" \/>\n<meta name=\"author\" content=\"Azra Yelmen\" \/>\n<meta name=\"twitter:card\" content=\"summary_large_image\" \/>\n<script type=\"application\/ld+json\" class=\"yoast-schema-graph\">{\"@context\":\"https:\\\/\\\/schema.org\",\"@graph\":[{\"@type\":\"NewsArticle\",\"@id\":\"https:\\\/\\\/www.emz.de\\\/fr\\\/generalites\\\/emz-participe-a-la-competition-b2run\\\/#article\",\"isPartOf\":{\"@id\":\"https:\\\/\\\/www.emz.de\\\/fr\\\/generalites\\\/emz-participe-a-la-competition-b2run\\\/\"},\"author\":{\"name\":\"Azra Yelmen\",\"@id\":\"https:\\\/\\\/www.emz.de\\\/fr\\\/#\\\/schema\\\/person\\\/26f60b7d341bd325a1b226e6c0fa8f91\"},\"headline\":\"EMZ participe \u00e0 la comp\u00e9tition B2RUN\",\"datePublished\":\"2015-09-02T06:00:07+00:00\",\"mainEntityOfPage\":{\"@id\":\"https:\\\/\\\/www.emz.de\\\/fr\\\/generalites\\\/emz-participe-a-la-competition-b2run\\\/\"},\"wordCount\":132,\"publisher\":{\"@id\":\"https:\\\/\\\/www.emz.de\\\/fr\\\/#organization\"},\"image\":{\"@id\":\"https:\\\/\\\/www.emz.de\\\/fr\\\/generalites\\\/emz-participe-a-la-competition-b2run\\\/#primaryimage\"},\"thumbnailUrl\":\"https:\\\/\\\/www.emz.de\\\/wp-content\\\/uploads\\\/2015\\\/09\\\/EMZ-News-Nachrichten_0000s_0028_20150902_B2Run-Firmenlauf-1.jpg\",\"keywords\":[\"B2Run\",\"course d'entreprises\",\"emz\",\"Gelsenkirchen\",\"motiv\u00e9\",\"Nico Zemelka\",\"Veltins Arena\"],\"articleSection\":[\"GENERALITES\"],\"inLanguage\":\"fr-FR\"},{\"@type\":\"WebPage\",\"@id\":\"https:\\\/\\\/www.emz.de\\\/fr\\\/generalites\\\/emz-participe-a-la-competition-b2run\\\/\",\"url\":\"https:\\\/\\\/www.emz.de\\\/fr\\\/generalites\\\/emz-participe-a-la-competition-b2run\\\/\",\"name\":\"EMZ participe \u00e0 la comp\u00e9tition B2RUN | EMZ\",\"isPartOf\":{\"@id\":\"https:\\\/\\\/www.emz.de\\\/fr\\\/#website\"},\"primaryImageOfPage\":{\"@id\":\"https:\\\/\\\/www.emz.de\\\/fr\\\/generalites\\\/emz-participe-a-la-competition-b2run\\\/#primaryimage\"},\"image\":{\"@id\":\"https:\\\/\\\/www.emz.de\\\/fr\\\/generalites\\\/emz-participe-a-la-competition-b2run\\\/#primaryimage\"},\"thumbnailUrl\":\"https:\\\/\\\/www.emz.de\\\/wp-content\\\/uploads\\\/2015\\\/09\\\/EMZ-News-Nachrichten_0000s_0028_20150902_B2Run-Firmenlauf-1.jpg\",\"datePublished\":\"2015-09-02T06:00:07+00:00\",\"breadcrumb\":{\"@id\":\"https:\\\/\\\/www.emz.de\\\/fr\\\/generalites\\\/emz-participe-a-la-competition-b2run\\\/#breadcrumb\"},\"inLanguage\":\"fr-FR\",\"potentialAction\":[{\"@type\":\"ReadAction\",\"target\":[\"https:\\\/\\\/www.emz.de\\\/fr\\\/generalites\\\/emz-participe-a-la-competition-b2run\\\/\"]}]},{\"@type\":\"ImageObject\",\"inLanguage\":\"fr-FR\",\"@id\":\"https:\\\/\\\/www.emz.de\\\/fr\\\/generalites\\\/emz-participe-a-la-competition-b2run\\\/#primaryimage\",\"url\":\"https:\\\/\\\/www.emz.de\\\/wp-content\\\/uploads\\\/2015\\\/09\\\/EMZ-News-Nachrichten_0000s_0028_20150902_B2Run-Firmenlauf-1.jpg\",\"contentUrl\":\"https:\\\/\\\/www.emz.de\\\/wp-content\\\/uploads\\\/2015\\\/09\\\/EMZ-News-Nachrichten_0000s_0028_20150902_B2Run-Firmenlauf-1.jpg\",\"width\":1200,\"height\":800},{\"@type\":\"BreadcrumbList\",\"@id\":\"https:\\\/\\\/www.emz.de\\\/fr\\\/generalites\\\/emz-participe-a-la-competition-b2run\\\/#breadcrumb\",\"itemListElement\":[{\"@type\":\"ListItem\",\"position\":1,\"name\":\"Home\",\"item\":\"https:\\\/\\\/www.emz.de\\\/fr\\\/\"},{\"@type\":\"ListItem\",\"position\":2,\"name\":\"EMZ participe \u00e0 la comp\u00e9tition B2RUN\"}]},{\"@type\":\"WebSite\",\"@id\":\"https:\\\/\\\/www.emz.de\\\/fr\\\/#website\",\"url\":\"https:\\\/\\\/www.emz.de\\\/fr\\\/\",\"name\":\"EMZ Elektromotoren f\u00fcr Hochspannung und Niederspannung\",\"description\":\"Spezialist f\u00fcr elektrische Antriebstechnik\",\"publisher\":{\"@id\":\"https:\\\/\\\/www.emz.de\\\/fr\\\/#organization\"},\"alternateName\":\"EMZ\",\"potentialAction\":[{\"@type\":\"SearchAction\",\"target\":{\"@type\":\"EntryPoint\",\"urlTemplate\":\"https:\\\/\\\/www.emz.de\\\/fr\\\/?s={search_term_string}\"},\"query-input\":{\"@type\":\"PropertyValueSpecification\",\"valueRequired\":true,\"valueName\":\"search_term_string\"}}],\"inLanguage\":\"fr-FR\"},{\"@type\":\"Organization\",\"@id\":\"https:\\\/\\\/www.emz.de\\\/fr\\\/#organization\",\"name\":\"EMZ Elektro-Maschinen-Zentrale GmbH\",\"alternateName\":\"EMZ\",\"url\":\"https:\\\/\\\/www.emz.de\\\/fr\\\/\",\"logo\":{\"@type\":\"ImageObject\",\"inLanguage\":\"fr-FR\",\"@id\":\"https:\\\/\\\/www.emz.de\\\/fr\\\/#\\\/schema\\\/logo\\\/image\\\/\",\"url\":\"https:\\\/\\\/www.emz.de\\\/wp-content\\\/uploads\\\/2022\\\/07\\\/EMZ_Logo_RGB_mitClaim_Positiv_2-farbig_Hellblau-Dunkelblau.svg\",\"contentUrl\":\"https:\\\/\\\/www.emz.de\\\/wp-content\\\/uploads\\\/2022\\\/07\\\/EMZ_Logo_RGB_mitClaim_Positiv_2-farbig_Hellblau-Dunkelblau.svg\",\"width\":\"1024\",\"height\":\"1024\",\"caption\":\"EMZ Elektro-Maschinen-Zentrale GmbH\"},\"image\":{\"@id\":\"https:\\\/\\\/www.emz.de\\\/fr\\\/#\\\/schema\\\/logo\\\/image\\\/\"},\"sameAs\":[\"https:\\\/\\\/www.facebook.com\\\/EMZdeutschland\",\"https:\\\/\\\/www.linkedin.com\\\/company\\\/emz-elektro-maschinen-zentrale-gmbh\\\/?originalSubdomain=de\",\"https:\\\/\\\/www.youtube.com\\\/channel\\\/UCajQ_5Xm-hS2H16Liwf5UAQ\\\/featured\",\"https:\\\/\\\/www.xing.com\\\/pages\\\/emz-elektro-maschinen-zentrale-gmbh\"]},{\"@type\":\"Person\",\"@id\":\"https:\\\/\\\/www.emz.de\\\/fr\\\/#\\\/schema\\\/person\\\/26f60b7d341bd325a1b226e6c0fa8f91\",\"name\":\"Azra Yelmen\"}]}<\/script>\n<!-- \/ Yoast SEO plugin. -->","yoast_head_json":{"title":"EMZ participe \u00e0 la comp\u00e9tition B2RUN | EMZ","robots":{"index":"index","follow":"follow","max-snippet":"max-snippet:-1","max-image-preview":"max-image-preview:large","max-video-preview":"max-video-preview:-1"},"canonical":"https:\/\/www.emz.de\/fr\/generalites\/emz-participe-a-la-competition-b2run\/","og_locale":"fr_FR","og_type":"article","og_title":"EMZ participe \u00e0 la comp\u00e9tition B2RUN | EMZ","og_description":"Onze employ\u00e9s de la soci\u00e9t\u00e9 EMZ ont pris part \u00e0 la course B2RUN au parc Veltins Arena \u00e0 Gelsenkirchen. Jeudi 13 ao\u00fbt, c\u2019est le d\u00e9part de la course B2RUN avec une m\u00e9t\u00e9o agr\u00e9able et 30\u00b0C. En cette soir\u00e9e d\u2019\u00e9t\u00e9 ensoleill\u00e9e, ce sont environ 1500 personnes qui participent \u00e0 cette course de 6 kilom\u00e8tres et parmi...","og_url":"https:\/\/www.emz.de\/fr\/generalites\/emz-participe-a-la-competition-b2run\/","og_site_name":"EMZ","article_publisher":"https:\/\/www.facebook.com\/EMZdeutschland","article_published_time":"2015-09-02T06:00:07+00:00","og_image":[{"width":1200,"height":800,"url":"https:\/\/www.emz.de\/wp-content\/uploads\/2015\/09\/EMZ-News-Nachrichten_0000s_0028_20150902_B2Run-Firmenlauf-1.jpg","type":"image\/jpeg"}],"author":"Azra Yelmen","twitter_card":"summary_large_image","schema":{"@context":"https:\/\/schema.org","@graph":[{"@type":"NewsArticle","@id":"https:\/\/www.emz.de\/fr\/generalites\/emz-participe-a-la-competition-b2run\/#article","isPartOf":{"@id":"https:\/\/www.emz.de\/fr\/generalites\/emz-participe-a-la-competition-b2run\/"},"author":{"name":"Azra Yelmen","@id":"https:\/\/www.emz.de\/fr\/#\/schema\/person\/26f60b7d341bd325a1b226e6c0fa8f91"},"headline":"EMZ participe \u00e0 la comp\u00e9tition B2RUN","datePublished":"2015-09-02T06:00:07+00:00","mainEntityOfPage":{"@id":"https:\/\/www.emz.de\/fr\/generalites\/emz-participe-a-la-competition-b2run\/"},"wordCount":132,"publisher":{"@id":"https:\/\/www.emz.de\/fr\/#organization"},"image":{"@id":"https:\/\/www.emz.de\/fr\/generalites\/emz-participe-a-la-competition-b2run\/#primaryimage"},"thumbnailUrl":"https:\/\/www.emz.de\/wp-content\/uploads\/2015\/09\/EMZ-News-Nachrichten_0000s_0028_20150902_B2Run-Firmenlauf-1.jpg","keywords":["B2Run","course d'entreprises","emz","Gelsenkirchen","motiv\u00e9","Nico Zemelka","Veltins Arena"],"articleSection":["GENERALITES"],"inLanguage":"fr-FR"},{"@type":"WebPage","@id":"https:\/\/www.emz.de\/fr\/generalites\/emz-participe-a-la-competition-b2run\/","url":"https:\/\/www.emz.de\/fr\/generalites\/emz-participe-a-la-competition-b2run\/","name":"EMZ participe \u00e0 la comp\u00e9tition B2RUN | EMZ","isPartOf":{"@id":"https:\/\/www.emz.de\/fr\/#website"},"primaryImageOfPage":{"@id":"https:\/\/www.emz.de\/fr\/generalites\/emz-participe-a-la-competition-b2run\/#primaryimage"},"image":{"@id":"https:\/\/www.emz.de\/fr\/generalites\/emz-participe-a-la-competition-b2run\/#primaryimage"},"thumbnailUrl":"https:\/\/www.emz.de\/wp-content\/uploads\/2015\/09\/EMZ-News-Nachrichten_0000s_0028_20150902_B2Run-Firmenlauf-1.jpg","datePublished":"2015-09-02T06:00:07+00:00","breadcrumb":{"@id":"https:\/\/www.emz.de\/fr\/generalites\/emz-participe-a-la-competition-b2run\/#breadcrumb"},"inLanguage":"fr-FR","potentialAction":[{"@type":"ReadAction","target":["https:\/\/www.emz.de\/fr\/generalites\/emz-participe-a-la-competition-b2run\/"]}]},{"@type":"ImageObject","inLanguage":"fr-FR","@id":"https:\/\/www.emz.de\/fr\/generalites\/emz-participe-a-la-competition-b2run\/#primaryimage","url":"https:\/\/www.emz.de\/wp-content\/uploads\/2015\/09\/EMZ-News-Nachrichten_0000s_0028_20150902_B2Run-Firmenlauf-1.jpg","contentUrl":"https:\/\/www.emz.de\/wp-content\/uploads\/2015\/09\/EMZ-News-Nachrichten_0000s_0028_20150902_B2Run-Firmenlauf-1.jpg","width":1200,"height":800},{"@type":"BreadcrumbList","@id":"https:\/\/www.emz.de\/fr\/generalites\/emz-participe-a-la-competition-b2run\/#breadcrumb","itemListElement":[{"@type":"ListItem","position":1,"name":"Home","item":"https:\/\/www.emz.de\/fr\/"},{"@type":"ListItem","position":2,"name":"EMZ participe \u00e0 la comp\u00e9tition B2RUN"}]},{"@type":"WebSite","@id":"https:\/\/www.emz.de\/fr\/#website","url":"https:\/\/www.emz.de\/fr\/","name":"EMZ Elektromotoren f\u00fcr Hochspannung und Niederspannung","description":"Spezialist f\u00fcr elektrische Antriebstechnik","publisher":{"@id":"https:\/\/www.emz.de\/fr\/#organization"},"alternateName":"EMZ","potentialAction":[{"@type":"SearchAction","target":{"@type":"EntryPoint","urlTemplate":"https:\/\/www.emz.de\/fr\/?s={search_term_string}"},"query-input":{"@type":"PropertyValueSpecification","valueRequired":true,"valueName":"search_term_string"}}],"inLanguage":"fr-FR"},{"@type":"Organization","@id":"https:\/\/www.emz.de\/fr\/#organization","name":"EMZ Elektro-Maschinen-Zentrale GmbH","alternateName":"EMZ","url":"https:\/\/www.emz.de\/fr\/","logo":{"@type":"ImageObject","inLanguage":"fr-FR","@id":"https:\/\/www.emz.de\/fr\/#\/schema\/logo\/image\/","url":"https:\/\/www.emz.de\/wp-content\/uploads\/2022\/07\/EMZ_Logo_RGB_mitClaim_Positiv_2-farbig_Hellblau-Dunkelblau.svg","contentUrl":"https:\/\/www.emz.de\/wp-content\/uploads\/2022\/07\/EMZ_Logo_RGB_mitClaim_Positiv_2-farbig_Hellblau-Dunkelblau.svg","width":"1024","height":"1024","caption":"EMZ Elektro-Maschinen-Zentrale GmbH"},"image":{"@id":"https:\/\/www.emz.de\/fr\/#\/schema\/logo\/image\/"},"sameAs":["https:\/\/www.facebook.com\/EMZdeutschland","https:\/\/www.linkedin.com\/company\/emz-elektro-maschinen-zentrale-gmbh\/?originalSubdomain=de","https:\/\/www.youtube.com\/channel\/UCajQ_5Xm-hS2H16Liwf5UAQ\/featured","https:\/\/www.xing.com\/pages\/emz-elektro-maschinen-zentrale-gmbh"]},{"@type":"Person","@id":"https:\/\/www.emz.de\/fr\/#\/schema\/person\/26f60b7d341bd325a1b226e6c0fa8f91","name":"Azra Yelmen"}]}},"_links":{"self":[{"href":"https:\/\/www.emz.de\/fr\/wp-json\/wp\/v2\/posts\/4354","targetHints":{"allow":["GET"]}}],"collection":[{"href":"https:\/\/www.emz.de\/fr\/wp-json\/wp\/v2\/posts"}],"about":[{"href":"https:\/\/www.emz.de\/fr\/wp-json\/wp\/v2\/types\/post"}],"author":[{"embeddable":true,"href":"https:\/\/www.emz.de\/fr\/wp-json\/wp\/v2\/users\/6"}],"replies":[{"embeddable":true,"href":"https:\/\/www.emz.de\/fr\/wp-json\/wp\/v2\/comments?post=4354"}],"version-history":[{"count":0,"href":"https:\/\/www.emz.de\/fr\/wp-json\/wp\/v2\/posts\/4354\/revisions"}],"wp:featuredmedia":[{"embeddable":true,"href":"https:\/\/www.emz.de\/fr\/wp-json\/wp\/v2\/media\/5641"}],"wp:attachment":[{"href":"https:\/\/www.emz.de\/fr\/wp-json\/wp\/v2\/media?parent=4354"}],"wp:term":[{"taxonomy":"category","embeddable":true,"href":"https:\/\/www.emz.de\/fr\/wp-json\/wp\/v2\/categories?post=4354"},{"taxonomy":"post_tag","embeddable":true,"href":"https:\/\/www.emz.de\/fr\/wp-json\/wp\/v2\/tags?post=4354"}],"curies":[{"name":"wp","href":"https:\/\/api.w.org\/{rel}","templated":true}]}}