{"id":4356,"date":"2015-04-20T08:00:27","date_gmt":"2015-04-20T06:00:27","guid":{"rendered":"https:\/\/staging.emz.de\/non-classifiee\/merci-pour-votre-visite-sur-notre-stand\/"},"modified":"2015-04-20T08:00:27","modified_gmt":"2015-04-20T06:00:27","slug":"merci-pour-votre-visite-sur-notre-stand","status":"publish","type":"post","link":"https:\/\/www.emz.de\/fr\/generalites\/merci-pour-votre-visite-sur-notre-stand\/","title":{"rendered":"Merci pour votre visite sur notre stand"},"content":{"rendered":"<h3 class=\"\">Merci pour votre visite sur notre stand<\/h3>\n<p><span style=\"color: #ffffff;\">Nous vous remercions vivement pour votre visite sur notre stand \u00e0 Hanovre.<\/span><\/p>\n<p><span style=\"color: #ffffff;\">Nous esp\u00e9rons que l\u2019exposition a \u00e9t\u00e9 un succ\u00e8s et une bonne source d\u2019informations pour vous, autant que cela l\u2019a \u00e9t\u00e9 pour nous. Une fois encore, cela montre qu\u2019un contact personnalis\u00e9 est la base d\u2019une bonne coop\u00e9ration.<\/span><\/p>\n<p><span style=\"color: #ffffff;\">Sinc\u00e8res salutations de Recklinghausen,<\/span><\/p>\n<p><span style=\"color: #ffffff;\">Votre \u00c9quipe EMZ.<\/span><\/p>\n","protected":false},"excerpt":{"rendered":"<p>Merci pour votre visite sur notre stand Nous vous remercions vivement pour votre visite sur notre stand \u00e0 Hanovre. Nous esp\u00e9rons que l\u2019exposition a \u00e9t\u00e9 un succ\u00e8s et une bonne source d\u2019informations pour vous, autant que cela l\u2019a \u00e9t\u00e9 pour nous. Une fois encore, cela montre qu\u2019un contact personnalis\u00e9 est la base d\u2019une bonne coop\u00e9ration&#8230;.<\/p>\n","protected":false},"author":6,"featured_media":5324,"comment_status":"closed","ping_status":"open","sticky":false,"template":"","format":"standard","meta":{"footnotes":""},"categories":[605],"tags":[606,740],"class_list":["post-4356","post","type-post","status-publish","format-standard","has-post-thumbnail","hentry","category-generalites","tag-emz-fr","tag-stand"],"yoast_head":"<!-- This site is optimized with the Yoast SEO plugin v27.4 - https:\/\/yoast.com\/product\/yoast-seo-wordpress\/ -->\n<title>Merci pour votre visite sur notre stand | EMZ<\/title>\n<meta name=\"robots\" content=\"index, follow, max-snippet:-1, max-image-preview:large, max-video-preview:-1\" \/>\n<link rel=\"canonical\" href=\"https:\/\/www.emz.de\/fr\/generalites\/merci-pour-votre-visite-sur-notre-stand\/\" \/>\n<meta property=\"og:locale\" content=\"fr_FR\" \/>\n<meta property=\"og:type\" content=\"article\" \/>\n<meta property=\"og:title\" content=\"Merci pour votre visite sur notre stand | EMZ\" \/>\n<meta property=\"og:description\" content=\"Merci pour votre visite sur notre stand Nous vous remercions vivement pour votre visite sur notre stand \u00e0 Hanovre. Nous esp\u00e9rons que l\u2019exposition a \u00e9t\u00e9 un succ\u00e8s et une bonne source d\u2019informations pour vous, autant que cela l\u2019a \u00e9t\u00e9 pour nous. Une fois encore, cela montre qu\u2019un contact personnalis\u00e9 est la base d\u2019une bonne coop\u00e9ration....\" \/>\n<meta property=\"og:url\" content=\"https:\/\/www.emz.de\/fr\/generalites\/merci-pour-votre-visite-sur-notre-stand\/\" \/>\n<meta property=\"og:site_name\" content=\"EMZ\" \/>\n<meta property=\"article:publisher\" content=\"https:\/\/www.facebook.com\/EMZdeutschland\" \/>\n<meta property=\"article:published_time\" content=\"2015-04-20T06:00:27+00:00\" \/>\n<meta property=\"og:image\" content=\"https:\/\/www.emz.de\/wp-content\/uploads\/2015\/04\/EMZ-News-Nachrichten_0000s_0030_20150420_Hannovermesse.jpg\" \/>\n\t<meta property=\"og:image:width\" content=\"1200\" \/>\n\t<meta property=\"og:image:height\" content=\"800\" \/>\n\t<meta property=\"og:image:type\" content=\"image\/jpeg\" \/>\n<meta name=\"author\" content=\"Azra Yelmen\" \/>\n<meta name=\"twitter:card\" content=\"summary_large_image\" \/>\n<script type=\"application\/ld+json\" class=\"yoast-schema-graph\">{\"@context\":\"https:\\\/\\\/schema.org\",\"@graph\":[{\"@type\":\"NewsArticle\",\"@id\":\"https:\\\/\\\/www.emz.de\\\/fr\\\/generalites\\\/merci-pour-votre-visite-sur-notre-stand\\\/#article\",\"isPartOf\":{\"@id\":\"https:\\\/\\\/www.emz.de\\\/fr\\\/generalites\\\/merci-pour-votre-visite-sur-notre-stand\\\/\"},\"author\":{\"name\":\"Azra Yelmen\",\"@id\":\"https:\\\/\\\/www.emz.de\\\/fr\\\/#\\\/schema\\\/person\\\/26f60b7d341bd325a1b226e6c0fa8f91\"},\"headline\":\"Merci pour votre visite sur notre stand\",\"datePublished\":\"2015-04-20T06:00:27+00:00\",\"mainEntityOfPage\":{\"@id\":\"https:\\\/\\\/www.emz.de\\\/fr\\\/generalites\\\/merci-pour-votre-visite-sur-notre-stand\\\/\"},\"wordCount\":77,\"publisher\":{\"@id\":\"https:\\\/\\\/www.emz.de\\\/fr\\\/#organization\"},\"image\":{\"@id\":\"https:\\\/\\\/www.emz.de\\\/fr\\\/generalites\\\/merci-pour-votre-visite-sur-notre-stand\\\/#primaryimage\"},\"thumbnailUrl\":\"https:\\\/\\\/www.emz.de\\\/wp-content\\\/uploads\\\/2015\\\/04\\\/EMZ-News-Nachrichten_0000s_0030_20150420_Hannovermesse.jpg\",\"keywords\":[\"emz\",\"stand\"],\"articleSection\":[\"GENERALITES\"],\"inLanguage\":\"fr-FR\"},{\"@type\":\"WebPage\",\"@id\":\"https:\\\/\\\/www.emz.de\\\/fr\\\/generalites\\\/merci-pour-votre-visite-sur-notre-stand\\\/\",\"url\":\"https:\\\/\\\/www.emz.de\\\/fr\\\/generalites\\\/merci-pour-votre-visite-sur-notre-stand\\\/\",\"name\":\"Merci pour votre visite sur notre stand | EMZ\",\"isPartOf\":{\"@id\":\"https:\\\/\\\/www.emz.de\\\/fr\\\/#website\"},\"primaryImageOfPage\":{\"@id\":\"https:\\\/\\\/www.emz.de\\\/fr\\\/generalites\\\/merci-pour-votre-visite-sur-notre-stand\\\/#primaryimage\"},\"image\":{\"@id\":\"https:\\\/\\\/www.emz.de\\\/fr\\\/generalites\\\/merci-pour-votre-visite-sur-notre-stand\\\/#primaryimage\"},\"thumbnailUrl\":\"https:\\\/\\\/www.emz.de\\\/wp-content\\\/uploads\\\/2015\\\/04\\\/EMZ-News-Nachrichten_0000s_0030_20150420_Hannovermesse.jpg\",\"datePublished\":\"2015-04-20T06:00:27+00:00\",\"breadcrumb\":{\"@id\":\"https:\\\/\\\/www.emz.de\\\/fr\\\/generalites\\\/merci-pour-votre-visite-sur-notre-stand\\\/#breadcrumb\"},\"inLanguage\":\"fr-FR\",\"potentialAction\":[{\"@type\":\"ReadAction\",\"target\":[\"https:\\\/\\\/www.emz.de\\\/fr\\\/generalites\\\/merci-pour-votre-visite-sur-notre-stand\\\/\"]}]},{\"@type\":\"ImageObject\",\"inLanguage\":\"fr-FR\",\"@id\":\"https:\\\/\\\/www.emz.de\\\/fr\\\/generalites\\\/merci-pour-votre-visite-sur-notre-stand\\\/#primaryimage\",\"url\":\"https:\\\/\\\/www.emz.de\\\/wp-content\\\/uploads\\\/2015\\\/04\\\/EMZ-News-Nachrichten_0000s_0030_20150420_Hannovermesse.jpg\",\"contentUrl\":\"https:\\\/\\\/www.emz.de\\\/wp-content\\\/uploads\\\/2015\\\/04\\\/EMZ-News-Nachrichten_0000s_0030_20150420_Hannovermesse.jpg\",\"width\":1200,\"height\":800},{\"@type\":\"BreadcrumbList\",\"@id\":\"https:\\\/\\\/www.emz.de\\\/fr\\\/generalites\\\/merci-pour-votre-visite-sur-notre-stand\\\/#breadcrumb\",\"itemListElement\":[{\"@type\":\"ListItem\",\"position\":1,\"name\":\"Home\",\"item\":\"https:\\\/\\\/www.emz.de\\\/fr\\\/\"},{\"@type\":\"ListItem\",\"position\":2,\"name\":\"Merci pour votre visite sur notre stand\"}]},{\"@type\":\"WebSite\",\"@id\":\"https:\\\/\\\/www.emz.de\\\/fr\\\/#website\",\"url\":\"https:\\\/\\\/www.emz.de\\\/fr\\\/\",\"name\":\"EMZ Elektromotoren f\u00fcr Hochspannung und Niederspannung\",\"description\":\"Spezialist f\u00fcr elektrische Antriebstechnik\",\"publisher\":{\"@id\":\"https:\\\/\\\/www.emz.de\\\/fr\\\/#organization\"},\"alternateName\":\"EMZ\",\"potentialAction\":[{\"@type\":\"SearchAction\",\"target\":{\"@type\":\"EntryPoint\",\"urlTemplate\":\"https:\\\/\\\/www.emz.de\\\/fr\\\/?s={search_term_string}\"},\"query-input\":{\"@type\":\"PropertyValueSpecification\",\"valueRequired\":true,\"valueName\":\"search_term_string\"}}],\"inLanguage\":\"fr-FR\"},{\"@type\":\"Organization\",\"@id\":\"https:\\\/\\\/www.emz.de\\\/fr\\\/#organization\",\"name\":\"EMZ Elektro-Maschinen-Zentrale GmbH\",\"alternateName\":\"EMZ\",\"url\":\"https:\\\/\\\/www.emz.de\\\/fr\\\/\",\"logo\":{\"@type\":\"ImageObject\",\"inLanguage\":\"fr-FR\",\"@id\":\"https:\\\/\\\/www.emz.de\\\/fr\\\/#\\\/schema\\\/logo\\\/image\\\/\",\"url\":\"https:\\\/\\\/www.emz.de\\\/wp-content\\\/uploads\\\/2022\\\/07\\\/EMZ_Logo_RGB_mitClaim_Positiv_2-farbig_Hellblau-Dunkelblau.svg\",\"contentUrl\":\"https:\\\/\\\/www.emz.de\\\/wp-content\\\/uploads\\\/2022\\\/07\\\/EMZ_Logo_RGB_mitClaim_Positiv_2-farbig_Hellblau-Dunkelblau.svg\",\"width\":\"1024\",\"height\":\"1024\",\"caption\":\"EMZ Elektro-Maschinen-Zentrale GmbH\"},\"image\":{\"@id\":\"https:\\\/\\\/www.emz.de\\\/fr\\\/#\\\/schema\\\/logo\\\/image\\\/\"},\"sameAs\":[\"https:\\\/\\\/www.facebook.com\\\/EMZdeutschland\",\"https:\\\/\\\/www.linkedin.com\\\/company\\\/emz-elektro-maschinen-zentrale-gmbh\\\/?originalSubdomain=de\",\"https:\\\/\\\/www.youtube.com\\\/channel\\\/UCajQ_5Xm-hS2H16Liwf5UAQ\\\/featured\",\"https:\\\/\\\/www.xing.com\\\/pages\\\/emz-elektro-maschinen-zentrale-gmbh\"]},{\"@type\":\"Person\",\"@id\":\"https:\\\/\\\/www.emz.de\\\/fr\\\/#\\\/schema\\\/person\\\/26f60b7d341bd325a1b226e6c0fa8f91\",\"name\":\"Azra Yelmen\"}]}<\/script>\n<!-- \/ Yoast SEO plugin. -->","yoast_head_json":{"title":"Merci pour votre visite sur notre stand | EMZ","robots":{"index":"index","follow":"follow","max-snippet":"max-snippet:-1","max-image-preview":"max-image-preview:large","max-video-preview":"max-video-preview:-1"},"canonical":"https:\/\/www.emz.de\/fr\/generalites\/merci-pour-votre-visite-sur-notre-stand\/","og_locale":"fr_FR","og_type":"article","og_title":"Merci pour votre visite sur notre stand | EMZ","og_description":"Merci pour votre visite sur notre stand Nous vous remercions vivement pour votre visite sur notre stand \u00e0 Hanovre. Nous esp\u00e9rons que l\u2019exposition a \u00e9t\u00e9 un succ\u00e8s et une bonne source d\u2019informations pour vous, autant que cela l\u2019a \u00e9t\u00e9 pour nous. Une fois encore, cela montre qu\u2019un contact personnalis\u00e9 est la base d\u2019une bonne coop\u00e9ration....","og_url":"https:\/\/www.emz.de\/fr\/generalites\/merci-pour-votre-visite-sur-notre-stand\/","og_site_name":"EMZ","article_publisher":"https:\/\/www.facebook.com\/EMZdeutschland","article_published_time":"2015-04-20T06:00:27+00:00","og_image":[{"width":1200,"height":800,"url":"https:\/\/www.emz.de\/wp-content\/uploads\/2015\/04\/EMZ-News-Nachrichten_0000s_0030_20150420_Hannovermesse.jpg","type":"image\/jpeg"}],"author":"Azra Yelmen","twitter_card":"summary_large_image","schema":{"@context":"https:\/\/schema.org","@graph":[{"@type":"NewsArticle","@id":"https:\/\/www.emz.de\/fr\/generalites\/merci-pour-votre-visite-sur-notre-stand\/#article","isPartOf":{"@id":"https:\/\/www.emz.de\/fr\/generalites\/merci-pour-votre-visite-sur-notre-stand\/"},"author":{"name":"Azra Yelmen","@id":"https:\/\/www.emz.de\/fr\/#\/schema\/person\/26f60b7d341bd325a1b226e6c0fa8f91"},"headline":"Merci pour votre visite sur notre stand","datePublished":"2015-04-20T06:00:27+00:00","mainEntityOfPage":{"@id":"https:\/\/www.emz.de\/fr\/generalites\/merci-pour-votre-visite-sur-notre-stand\/"},"wordCount":77,"publisher":{"@id":"https:\/\/www.emz.de\/fr\/#organization"},"image":{"@id":"https:\/\/www.emz.de\/fr\/generalites\/merci-pour-votre-visite-sur-notre-stand\/#primaryimage"},"thumbnailUrl":"https:\/\/www.emz.de\/wp-content\/uploads\/2015\/04\/EMZ-News-Nachrichten_0000s_0030_20150420_Hannovermesse.jpg","keywords":["emz","stand"],"articleSection":["GENERALITES"],"inLanguage":"fr-FR"},{"@type":"WebPage","@id":"https:\/\/www.emz.de\/fr\/generalites\/merci-pour-votre-visite-sur-notre-stand\/","url":"https:\/\/www.emz.de\/fr\/generalites\/merci-pour-votre-visite-sur-notre-stand\/","name":"Merci pour votre visite sur notre stand | EMZ","isPartOf":{"@id":"https:\/\/www.emz.de\/fr\/#website"},"primaryImageOfPage":{"@id":"https:\/\/www.emz.de\/fr\/generalites\/merci-pour-votre-visite-sur-notre-stand\/#primaryimage"},"image":{"@id":"https:\/\/www.emz.de\/fr\/generalites\/merci-pour-votre-visite-sur-notre-stand\/#primaryimage"},"thumbnailUrl":"https:\/\/www.emz.de\/wp-content\/uploads\/2015\/04\/EMZ-News-Nachrichten_0000s_0030_20150420_Hannovermesse.jpg","datePublished":"2015-04-20T06:00:27+00:00","breadcrumb":{"@id":"https:\/\/www.emz.de\/fr\/generalites\/merci-pour-votre-visite-sur-notre-stand\/#breadcrumb"},"inLanguage":"fr-FR","potentialAction":[{"@type":"ReadAction","target":["https:\/\/www.emz.de\/fr\/generalites\/merci-pour-votre-visite-sur-notre-stand\/"]}]},{"@type":"ImageObject","inLanguage":"fr-FR","@id":"https:\/\/www.emz.de\/fr\/generalites\/merci-pour-votre-visite-sur-notre-stand\/#primaryimage","url":"https:\/\/www.emz.de\/wp-content\/uploads\/2015\/04\/EMZ-News-Nachrichten_0000s_0030_20150420_Hannovermesse.jpg","contentUrl":"https:\/\/www.emz.de\/wp-content\/uploads\/2015\/04\/EMZ-News-Nachrichten_0000s_0030_20150420_Hannovermesse.jpg","width":1200,"height":800},{"@type":"BreadcrumbList","@id":"https:\/\/www.emz.de\/fr\/generalites\/merci-pour-votre-visite-sur-notre-stand\/#breadcrumb","itemListElement":[{"@type":"ListItem","position":1,"name":"Home","item":"https:\/\/www.emz.de\/fr\/"},{"@type":"ListItem","position":2,"name":"Merci pour votre visite sur notre stand"}]},{"@type":"WebSite","@id":"https:\/\/www.emz.de\/fr\/#website","url":"https:\/\/www.emz.de\/fr\/","name":"EMZ Elektromotoren f\u00fcr Hochspannung und Niederspannung","description":"Spezialist f\u00fcr elektrische Antriebstechnik","publisher":{"@id":"https:\/\/www.emz.de\/fr\/#organization"},"alternateName":"EMZ","potentialAction":[{"@type":"SearchAction","target":{"@type":"EntryPoint","urlTemplate":"https:\/\/www.emz.de\/fr\/?s={search_term_string}"},"query-input":{"@type":"PropertyValueSpecification","valueRequired":true,"valueName":"search_term_string"}}],"inLanguage":"fr-FR"},{"@type":"Organization","@id":"https:\/\/www.emz.de\/fr\/#organization","name":"EMZ Elektro-Maschinen-Zentrale GmbH","alternateName":"EMZ","url":"https:\/\/www.emz.de\/fr\/","logo":{"@type":"ImageObject","inLanguage":"fr-FR","@id":"https:\/\/www.emz.de\/fr\/#\/schema\/logo\/image\/","url":"https:\/\/www.emz.de\/wp-content\/uploads\/2022\/07\/EMZ_Logo_RGB_mitClaim_Positiv_2-farbig_Hellblau-Dunkelblau.svg","contentUrl":"https:\/\/www.emz.de\/wp-content\/uploads\/2022\/07\/EMZ_Logo_RGB_mitClaim_Positiv_2-farbig_Hellblau-Dunkelblau.svg","width":"1024","height":"1024","caption":"EMZ Elektro-Maschinen-Zentrale GmbH"},"image":{"@id":"https:\/\/www.emz.de\/fr\/#\/schema\/logo\/image\/"},"sameAs":["https:\/\/www.facebook.com\/EMZdeutschland","https:\/\/www.linkedin.com\/company\/emz-elektro-maschinen-zentrale-gmbh\/?originalSubdomain=de","https:\/\/www.youtube.com\/channel\/UCajQ_5Xm-hS2H16Liwf5UAQ\/featured","https:\/\/www.xing.com\/pages\/emz-elektro-maschinen-zentrale-gmbh"]},{"@type":"Person","@id":"https:\/\/www.emz.de\/fr\/#\/schema\/person\/26f60b7d341bd325a1b226e6c0fa8f91","name":"Azra Yelmen"}]}},"_links":{"self":[{"href":"https:\/\/www.emz.de\/fr\/wp-json\/wp\/v2\/posts\/4356","targetHints":{"allow":["GET"]}}],"collection":[{"href":"https:\/\/www.emz.de\/fr\/wp-json\/wp\/v2\/posts"}],"about":[{"href":"https:\/\/www.emz.de\/fr\/wp-json\/wp\/v2\/types\/post"}],"author":[{"embeddable":true,"href":"https:\/\/www.emz.de\/fr\/wp-json\/wp\/v2\/users\/6"}],"replies":[{"embeddable":true,"href":"https:\/\/www.emz.de\/fr\/wp-json\/wp\/v2\/comments?post=4356"}],"version-history":[{"count":0,"href":"https:\/\/www.emz.de\/fr\/wp-json\/wp\/v2\/posts\/4356\/revisions"}],"wp:featuredmedia":[{"embeddable":true,"href":"https:\/\/www.emz.de\/fr\/wp-json\/wp\/v2\/media\/5324"}],"wp:attachment":[{"href":"https:\/\/www.emz.de\/fr\/wp-json\/wp\/v2\/media?parent=4356"}],"wp:term":[{"taxonomy":"category","embeddable":true,"href":"https:\/\/www.emz.de\/fr\/wp-json\/wp\/v2\/categories?post=4356"},{"taxonomy":"post_tag","embeddable":true,"href":"https:\/\/www.emz.de\/fr\/wp-json\/wp\/v2\/tags?post=4356"}],"curies":[{"name":"wp","href":"https:\/\/api.w.org\/{rel}","templated":true}]}}