{"id":4357,"date":"2014-06-04T08:00:06","date_gmt":"2014-06-04T06:00:06","guid":{"rendered":"https:\/\/staging.emz.de\/non-classifiee\/emz-livre-suite-a-une-panne-un-moteur-de-compresseur-de-5300-kw-a-un-producteur-de-gaz-industriel\/"},"modified":"2014-06-04T08:00:06","modified_gmt":"2014-06-04T06:00:06","slug":"emz-livre-suite-a-une-panne-un-moteur-de-compresseur-de-5300-kw-a-un-producteur-de-gaz-industriel","status":"publish","type":"post","link":"https:\/\/www.emz.de\/fr\/generalites\/emz-livre-suite-a-une-panne-un-moteur-de-compresseur-de-5300-kw-a-un-producteur-de-gaz-industriel\/","title":{"rendered":"EMZ livre suite \u00e0 une panne, un moteur de compresseur de 5300 kW \u00e0 un producteur de gaz industriel"},"content":{"rendered":"<h3 class=\"\">EMZ livre suite \u00e0 une panne, un moteur de compresseur de 5300 kW \u00e0 un producteur de gaz industriel<\/h3>\n<p><span style=\"color: #ffffff;\">D\u00e9but mai 2014, une panne du moteur d&rsquo;entrainement d&rsquo;un compresseur stoppe la production d&rsquo;une nouvelle unit\u00e9 de fractionnement d&rsquo;air en Autriche.<\/span><\/p>\n<p><span style=\"color: #ffffff;\">Pour ce cas d&rsquo;urgence, EMZ a su proposer un moteur disponible sur stock, proc\u00e9der \u00e0 toutes les modifications et adaptations n\u00e9cessaires et livrer le moteur pr\u00e8s de Vienne en Autriche, le tout en 14 jours.<\/span><\/p>\n<p><span style=\"color: #ffffff;\">Afin que le moteur r\u00e9ponde aux exigences du Client, EMZ a apport\u00e9 les modifications suivantes au moteur \u00e0 cage de 5300kW ; ces travaux ont \u00e9t\u00e9 effectu\u00e9s au sein de l&rsquo;usine EMZ \u00e0 Recklinghausen:<\/span><\/p>\n<p><span style=\"color: #ffffff;\">Modification du mode de refroidissement de IC 611 \u00e0 IC 01, y compris fabrication de 2 nouveaux capots de ventilateurs pour l&rsquo;entr\u00e9e et la sortie de l&rsquo;air<\/span><\/p>\n<p><span style=\"color: #ffffff;\">Adaptation des emplacements des fixations du moteur au ch\u00e2ssis existant<\/span><\/p>\n<p><span style=\"color: #ffffff;\">Modification des entr\u00e9es de c\u00e2ble 6 kV dans la boite \u00e0 bornes<\/span><\/p>\n<p><span style=\"color: #ffffff;\">Modification et adaptation des tuyauteries sur raccordement circuit d&rsquo;huile pour les paliers lisses<\/span><\/p>\n<p><span style=\"color: #ffffff;\">Modification du bout d&rsquo;arbre avec une 2\u00e8me clavette<\/span><\/p>\n<p><span style=\"color: #ffffff;\">En \u00e9troite collaboration avec l&rsquo;exploitant et le constructeur du compresseur, toutes les donn\u00e9es techniques ont \u00e9t\u00e9 rassembl\u00e9es et analys\u00e9es pour garantir notamment un bon d\u00e9marrage de l&rsquo;ensemble moteur-compresseur ; ainsi toutes les pr\u00e9cautions ont \u00e9t\u00e9 prises d\u00e8s le d\u00e9part et les risques minimis\u00e9s pour assurer avant m\u00eame le montage, une mise en service r\u00e9ussie par l&rsquo;Equipe Service de EMZ.<\/span><\/p>\n<p><span style=\"color: #ffffff;\">Caract\u00e9ristiques techniques du Moteur Haute Tension livr\u00e9:<\/span><\/p>\n<p><span style=\"color: #ffffff;\">Marque: ABB<\/span><\/p>\n<p><span style=\"color: #ffffff;\">Puissance: 5300 kW<\/span><\/p>\n<p><span style=\"color: #ffffff;\">Tension: 6100 V<\/span><\/p>\n<p><span style=\"color: #ffffff;\">Fr\u00e9quence: 50Hz<\/span><\/p>\n<p><span style=\"color: #ffffff;\">Vitesse: 1490 rpm<\/span><\/p>\n<p><span style=\"color: #ffffff;\">Indice de protection: IP 23<\/span><\/p>\n","protected":false},"excerpt":{"rendered":"<p>EMZ livre suite \u00e0 une panne, un moteur de compresseur de 5300 kW \u00e0 un producteur de gaz industriel D\u00e9but mai 2014, une panne du moteur d&rsquo;entrainement d&rsquo;un compresseur stoppe la production d&rsquo;une nouvelle unit\u00e9 de fractionnement d&rsquo;air en Autriche. Pour ce cas d&rsquo;urgence, EMZ a su proposer un moteur disponible sur stock, proc\u00e9der \u00e0&#8230;<\/p>\n","protected":false},"author":6,"featured_media":5654,"comment_status":"closed","ping_status":"open","sticky":false,"template":"","format":"standard","meta":{"footnotes":""},"categories":[741,605,894],"tags":[747,742,606,743,745,694,746,744],"class_list":["post-4357","post","type-post","status-publish","format-standard","has-post-thumbnail","hentry","category-chimie","category-generalites","category-references-moteurs-haute-tension","tag-5-300-kw","tag-autriche","tag-emz-fr","tag-entrainement-dun-compresseur","tag-moteur-a-cage","tag-moteur-haute-tension","tag-panne","tag-unite-de-fractionnement-dair"],"yoast_head":"<!-- This site is optimized with the Yoast SEO plugin v27.4 - https:\/\/yoast.com\/product\/yoast-seo-wordpress\/ -->\n<title>EMZ livre suite \u00e0 une panne, un moteur de compresseur de 5300 kW \u00e0 un producteur de gaz industriel | EMZ<\/title>\n<meta name=\"robots\" content=\"index, follow, max-snippet:-1, max-image-preview:large, max-video-preview:-1\" \/>\n<link rel=\"canonical\" href=\"https:\/\/www.emz.de\/fr\/generalites\/emz-livre-suite-a-une-panne-un-moteur-de-compresseur-de-5300-kw-a-un-producteur-de-gaz-industriel\/\" \/>\n<meta property=\"og:locale\" content=\"fr_FR\" \/>\n<meta property=\"og:type\" content=\"article\" \/>\n<meta property=\"og:title\" content=\"EMZ livre suite \u00e0 une panne, un moteur de compresseur de 5300 kW \u00e0 un producteur de gaz industriel | EMZ\" \/>\n<meta property=\"og:description\" content=\"EMZ livre suite \u00e0 une panne, un moteur de compresseur de 5300 kW \u00e0 un producteur de gaz industriel D\u00e9but mai 2014, une panne du moteur d&rsquo;entrainement d&rsquo;un compresseur stoppe la production d&rsquo;une nouvelle unit\u00e9 de fractionnement d&rsquo;air en Autriche. Pour ce cas d&rsquo;urgence, EMZ a su proposer un moteur disponible sur stock, proc\u00e9der \u00e0...\" \/>\n<meta property=\"og:url\" content=\"https:\/\/www.emz.de\/fr\/generalites\/emz-livre-suite-a-une-panne-un-moteur-de-compresseur-de-5300-kw-a-un-producteur-de-gaz-industriel\/\" \/>\n<meta property=\"og:site_name\" content=\"EMZ\" \/>\n<meta property=\"article:publisher\" content=\"https:\/\/www.facebook.com\/EMZdeutschland\" \/>\n<meta property=\"article:published_time\" content=\"2014-06-04T06:00:06+00:00\" \/>\n<meta property=\"og:image\" content=\"https:\/\/www.emz.de\/wp-content\/uploads\/2014\/06\/EMZ-News-Nachrichten_0000s_0034_20140604_Luftzerlegungsanlage-Oestereich-1.jpg\" \/>\n\t<meta property=\"og:image:width\" content=\"1200\" \/>\n\t<meta property=\"og:image:height\" content=\"800\" \/>\n\t<meta property=\"og:image:type\" content=\"image\/jpeg\" \/>\n<meta name=\"author\" content=\"Azra Yelmen\" \/>\n<meta name=\"twitter:card\" content=\"summary_large_image\" \/>\n<script type=\"application\/ld+json\" class=\"yoast-schema-graph\">{\"@context\":\"https:\\\/\\\/schema.org\",\"@graph\":[{\"@type\":\"NewsArticle\",\"@id\":\"https:\\\/\\\/www.emz.de\\\/fr\\\/generalites\\\/emz-livre-suite-a-une-panne-un-moteur-de-compresseur-de-5300-kw-a-un-producteur-de-gaz-industriel\\\/#article\",\"isPartOf\":{\"@id\":\"https:\\\/\\\/www.emz.de\\\/fr\\\/generalites\\\/emz-livre-suite-a-une-panne-un-moteur-de-compresseur-de-5300-kw-a-un-producteur-de-gaz-industriel\\\/\"},\"author\":{\"name\":\"Azra Yelmen\",\"@id\":\"https:\\\/\\\/www.emz.de\\\/fr\\\/#\\\/schema\\\/person\\\/26f60b7d341bd325a1b226e6c0fa8f91\"},\"headline\":\"EMZ livre suite \u00e0 une panne, un moteur de compresseur de 5300 kW \u00e0 un producteur de gaz industriel\",\"datePublished\":\"2014-06-04T06:00:06+00:00\",\"mainEntityOfPage\":{\"@id\":\"https:\\\/\\\/www.emz.de\\\/fr\\\/generalites\\\/emz-livre-suite-a-une-panne-un-moteur-de-compresseur-de-5300-kw-a-un-producteur-de-gaz-industriel\\\/\"},\"wordCount\":294,\"publisher\":{\"@id\":\"https:\\\/\\\/www.emz.de\\\/fr\\\/#organization\"},\"image\":{\"@id\":\"https:\\\/\\\/www.emz.de\\\/fr\\\/generalites\\\/emz-livre-suite-a-une-panne-un-moteur-de-compresseur-de-5300-kw-a-un-producteur-de-gaz-industriel\\\/#primaryimage\"},\"thumbnailUrl\":\"https:\\\/\\\/www.emz.de\\\/wp-content\\\/uploads\\\/2014\\\/06\\\/EMZ-News-Nachrichten_0000s_0034_20140604_Luftzerlegungsanlage-Oestereich-1.jpg\",\"keywords\":[\"5 300 kW\",\"Autriche\",\"emz\",\"entra\u00eenement d'un compresseur\",\"moteur \u00e0 cage\",\"moteur haute tension\",\"panne\",\"unit\u00e9 de fractionnement d'air\"],\"articleSection\":[\"chimie\",\"GENERALITES\",\"references moteurs haute tension\"],\"inLanguage\":\"fr-FR\"},{\"@type\":\"WebPage\",\"@id\":\"https:\\\/\\\/www.emz.de\\\/fr\\\/generalites\\\/emz-livre-suite-a-une-panne-un-moteur-de-compresseur-de-5300-kw-a-un-producteur-de-gaz-industriel\\\/\",\"url\":\"https:\\\/\\\/www.emz.de\\\/fr\\\/generalites\\\/emz-livre-suite-a-une-panne-un-moteur-de-compresseur-de-5300-kw-a-un-producteur-de-gaz-industriel\\\/\",\"name\":\"EMZ livre suite \u00e0 une panne, un moteur de compresseur de 5300 kW \u00e0 un producteur de gaz industriel | EMZ\",\"isPartOf\":{\"@id\":\"https:\\\/\\\/www.emz.de\\\/fr\\\/#website\"},\"primaryImageOfPage\":{\"@id\":\"https:\\\/\\\/www.emz.de\\\/fr\\\/generalites\\\/emz-livre-suite-a-une-panne-un-moteur-de-compresseur-de-5300-kw-a-un-producteur-de-gaz-industriel\\\/#primaryimage\"},\"image\":{\"@id\":\"https:\\\/\\\/www.emz.de\\\/fr\\\/generalites\\\/emz-livre-suite-a-une-panne-un-moteur-de-compresseur-de-5300-kw-a-un-producteur-de-gaz-industriel\\\/#primaryimage\"},\"thumbnailUrl\":\"https:\\\/\\\/www.emz.de\\\/wp-content\\\/uploads\\\/2014\\\/06\\\/EMZ-News-Nachrichten_0000s_0034_20140604_Luftzerlegungsanlage-Oestereich-1.jpg\",\"datePublished\":\"2014-06-04T06:00:06+00:00\",\"breadcrumb\":{\"@id\":\"https:\\\/\\\/www.emz.de\\\/fr\\\/generalites\\\/emz-livre-suite-a-une-panne-un-moteur-de-compresseur-de-5300-kw-a-un-producteur-de-gaz-industriel\\\/#breadcrumb\"},\"inLanguage\":\"fr-FR\",\"potentialAction\":[{\"@type\":\"ReadAction\",\"target\":[\"https:\\\/\\\/www.emz.de\\\/fr\\\/generalites\\\/emz-livre-suite-a-une-panne-un-moteur-de-compresseur-de-5300-kw-a-un-producteur-de-gaz-industriel\\\/\"]}]},{\"@type\":\"ImageObject\",\"inLanguage\":\"fr-FR\",\"@id\":\"https:\\\/\\\/www.emz.de\\\/fr\\\/generalites\\\/emz-livre-suite-a-une-panne-un-moteur-de-compresseur-de-5300-kw-a-un-producteur-de-gaz-industriel\\\/#primaryimage\",\"url\":\"https:\\\/\\\/www.emz.de\\\/wp-content\\\/uploads\\\/2014\\\/06\\\/EMZ-News-Nachrichten_0000s_0034_20140604_Luftzerlegungsanlage-Oestereich-1.jpg\",\"contentUrl\":\"https:\\\/\\\/www.emz.de\\\/wp-content\\\/uploads\\\/2014\\\/06\\\/EMZ-News-Nachrichten_0000s_0034_20140604_Luftzerlegungsanlage-Oestereich-1.jpg\",\"width\":1200,\"height\":800},{\"@type\":\"BreadcrumbList\",\"@id\":\"https:\\\/\\\/www.emz.de\\\/fr\\\/generalites\\\/emz-livre-suite-a-une-panne-un-moteur-de-compresseur-de-5300-kw-a-un-producteur-de-gaz-industriel\\\/#breadcrumb\",\"itemListElement\":[{\"@type\":\"ListItem\",\"position\":1,\"name\":\"Home\",\"item\":\"https:\\\/\\\/www.emz.de\\\/fr\\\/\"},{\"@type\":\"ListItem\",\"position\":2,\"name\":\"EMZ livre suite \u00e0 une panne, un moteur de compresseur de 5300 kW \u00e0 un producteur de gaz industriel\"}]},{\"@type\":\"WebSite\",\"@id\":\"https:\\\/\\\/www.emz.de\\\/fr\\\/#website\",\"url\":\"https:\\\/\\\/www.emz.de\\\/fr\\\/\",\"name\":\"EMZ Elektromotoren f\u00fcr Hochspannung und Niederspannung\",\"description\":\"Spezialist f\u00fcr elektrische Antriebstechnik\",\"publisher\":{\"@id\":\"https:\\\/\\\/www.emz.de\\\/fr\\\/#organization\"},\"alternateName\":\"EMZ\",\"potentialAction\":[{\"@type\":\"SearchAction\",\"target\":{\"@type\":\"EntryPoint\",\"urlTemplate\":\"https:\\\/\\\/www.emz.de\\\/fr\\\/?s={search_term_string}\"},\"query-input\":{\"@type\":\"PropertyValueSpecification\",\"valueRequired\":true,\"valueName\":\"search_term_string\"}}],\"inLanguage\":\"fr-FR\"},{\"@type\":\"Organization\",\"@id\":\"https:\\\/\\\/www.emz.de\\\/fr\\\/#organization\",\"name\":\"EMZ Elektro-Maschinen-Zentrale GmbH\",\"alternateName\":\"EMZ\",\"url\":\"https:\\\/\\\/www.emz.de\\\/fr\\\/\",\"logo\":{\"@type\":\"ImageObject\",\"inLanguage\":\"fr-FR\",\"@id\":\"https:\\\/\\\/www.emz.de\\\/fr\\\/#\\\/schema\\\/logo\\\/image\\\/\",\"url\":\"https:\\\/\\\/www.emz.de\\\/wp-content\\\/uploads\\\/2022\\\/07\\\/EMZ_Logo_RGB_mitClaim_Positiv_2-farbig_Hellblau-Dunkelblau.svg\",\"contentUrl\":\"https:\\\/\\\/www.emz.de\\\/wp-content\\\/uploads\\\/2022\\\/07\\\/EMZ_Logo_RGB_mitClaim_Positiv_2-farbig_Hellblau-Dunkelblau.svg\",\"width\":\"1024\",\"height\":\"1024\",\"caption\":\"EMZ Elektro-Maschinen-Zentrale GmbH\"},\"image\":{\"@id\":\"https:\\\/\\\/www.emz.de\\\/fr\\\/#\\\/schema\\\/logo\\\/image\\\/\"},\"sameAs\":[\"https:\\\/\\\/www.facebook.com\\\/EMZdeutschland\",\"https:\\\/\\\/www.linkedin.com\\\/company\\\/emz-elektro-maschinen-zentrale-gmbh\\\/?originalSubdomain=de\",\"https:\\\/\\\/www.youtube.com\\\/channel\\\/UCajQ_5Xm-hS2H16Liwf5UAQ\\\/featured\",\"https:\\\/\\\/www.xing.com\\\/pages\\\/emz-elektro-maschinen-zentrale-gmbh\"]},{\"@type\":\"Person\",\"@id\":\"https:\\\/\\\/www.emz.de\\\/fr\\\/#\\\/schema\\\/person\\\/26f60b7d341bd325a1b226e6c0fa8f91\",\"name\":\"Azra Yelmen\"}]}<\/script>\n<!-- \/ Yoast SEO plugin. -->","yoast_head_json":{"title":"EMZ livre suite \u00e0 une panne, un moteur de compresseur de 5300 kW \u00e0 un producteur de gaz industriel | EMZ","robots":{"index":"index","follow":"follow","max-snippet":"max-snippet:-1","max-image-preview":"max-image-preview:large","max-video-preview":"max-video-preview:-1"},"canonical":"https:\/\/www.emz.de\/fr\/generalites\/emz-livre-suite-a-une-panne-un-moteur-de-compresseur-de-5300-kw-a-un-producteur-de-gaz-industriel\/","og_locale":"fr_FR","og_type":"article","og_title":"EMZ livre suite \u00e0 une panne, un moteur de compresseur de 5300 kW \u00e0 un producteur de gaz industriel | EMZ","og_description":"EMZ livre suite \u00e0 une panne, un moteur de compresseur de 5300 kW \u00e0 un producteur de gaz industriel D\u00e9but mai 2014, une panne du moteur d&rsquo;entrainement d&rsquo;un compresseur stoppe la production d&rsquo;une nouvelle unit\u00e9 de fractionnement d&rsquo;air en Autriche. Pour ce cas d&rsquo;urgence, EMZ a su proposer un moteur disponible sur stock, proc\u00e9der \u00e0...","og_url":"https:\/\/www.emz.de\/fr\/generalites\/emz-livre-suite-a-une-panne-un-moteur-de-compresseur-de-5300-kw-a-un-producteur-de-gaz-industriel\/","og_site_name":"EMZ","article_publisher":"https:\/\/www.facebook.com\/EMZdeutschland","article_published_time":"2014-06-04T06:00:06+00:00","og_image":[{"width":1200,"height":800,"url":"https:\/\/www.emz.de\/wp-content\/uploads\/2014\/06\/EMZ-News-Nachrichten_0000s_0034_20140604_Luftzerlegungsanlage-Oestereich-1.jpg","type":"image\/jpeg"}],"author":"Azra Yelmen","twitter_card":"summary_large_image","schema":{"@context":"https:\/\/schema.org","@graph":[{"@type":"NewsArticle","@id":"https:\/\/www.emz.de\/fr\/generalites\/emz-livre-suite-a-une-panne-un-moteur-de-compresseur-de-5300-kw-a-un-producteur-de-gaz-industriel\/#article","isPartOf":{"@id":"https:\/\/www.emz.de\/fr\/generalites\/emz-livre-suite-a-une-panne-un-moteur-de-compresseur-de-5300-kw-a-un-producteur-de-gaz-industriel\/"},"author":{"name":"Azra Yelmen","@id":"https:\/\/www.emz.de\/fr\/#\/schema\/person\/26f60b7d341bd325a1b226e6c0fa8f91"},"headline":"EMZ livre suite \u00e0 une panne, un moteur de compresseur de 5300 kW \u00e0 un producteur de gaz industriel","datePublished":"2014-06-04T06:00:06+00:00","mainEntityOfPage":{"@id":"https:\/\/www.emz.de\/fr\/generalites\/emz-livre-suite-a-une-panne-un-moteur-de-compresseur-de-5300-kw-a-un-producteur-de-gaz-industriel\/"},"wordCount":294,"publisher":{"@id":"https:\/\/www.emz.de\/fr\/#organization"},"image":{"@id":"https:\/\/www.emz.de\/fr\/generalites\/emz-livre-suite-a-une-panne-un-moteur-de-compresseur-de-5300-kw-a-un-producteur-de-gaz-industriel\/#primaryimage"},"thumbnailUrl":"https:\/\/www.emz.de\/wp-content\/uploads\/2014\/06\/EMZ-News-Nachrichten_0000s_0034_20140604_Luftzerlegungsanlage-Oestereich-1.jpg","keywords":["5 300 kW","Autriche","emz","entra\u00eenement d'un compresseur","moteur \u00e0 cage","moteur haute tension","panne","unit\u00e9 de fractionnement d'air"],"articleSection":["chimie","GENERALITES","references moteurs haute tension"],"inLanguage":"fr-FR"},{"@type":"WebPage","@id":"https:\/\/www.emz.de\/fr\/generalites\/emz-livre-suite-a-une-panne-un-moteur-de-compresseur-de-5300-kw-a-un-producteur-de-gaz-industriel\/","url":"https:\/\/www.emz.de\/fr\/generalites\/emz-livre-suite-a-une-panne-un-moteur-de-compresseur-de-5300-kw-a-un-producteur-de-gaz-industriel\/","name":"EMZ livre suite \u00e0 une panne, un moteur de compresseur de 5300 kW \u00e0 un producteur de gaz industriel | EMZ","isPartOf":{"@id":"https:\/\/www.emz.de\/fr\/#website"},"primaryImageOfPage":{"@id":"https:\/\/www.emz.de\/fr\/generalites\/emz-livre-suite-a-une-panne-un-moteur-de-compresseur-de-5300-kw-a-un-producteur-de-gaz-industriel\/#primaryimage"},"image":{"@id":"https:\/\/www.emz.de\/fr\/generalites\/emz-livre-suite-a-une-panne-un-moteur-de-compresseur-de-5300-kw-a-un-producteur-de-gaz-industriel\/#primaryimage"},"thumbnailUrl":"https:\/\/www.emz.de\/wp-content\/uploads\/2014\/06\/EMZ-News-Nachrichten_0000s_0034_20140604_Luftzerlegungsanlage-Oestereich-1.jpg","datePublished":"2014-06-04T06:00:06+00:00","breadcrumb":{"@id":"https:\/\/www.emz.de\/fr\/generalites\/emz-livre-suite-a-une-panne-un-moteur-de-compresseur-de-5300-kw-a-un-producteur-de-gaz-industriel\/#breadcrumb"},"inLanguage":"fr-FR","potentialAction":[{"@type":"ReadAction","target":["https:\/\/www.emz.de\/fr\/generalites\/emz-livre-suite-a-une-panne-un-moteur-de-compresseur-de-5300-kw-a-un-producteur-de-gaz-industriel\/"]}]},{"@type":"ImageObject","inLanguage":"fr-FR","@id":"https:\/\/www.emz.de\/fr\/generalites\/emz-livre-suite-a-une-panne-un-moteur-de-compresseur-de-5300-kw-a-un-producteur-de-gaz-industriel\/#primaryimage","url":"https:\/\/www.emz.de\/wp-content\/uploads\/2014\/06\/EMZ-News-Nachrichten_0000s_0034_20140604_Luftzerlegungsanlage-Oestereich-1.jpg","contentUrl":"https:\/\/www.emz.de\/wp-content\/uploads\/2014\/06\/EMZ-News-Nachrichten_0000s_0034_20140604_Luftzerlegungsanlage-Oestereich-1.jpg","width":1200,"height":800},{"@type":"BreadcrumbList","@id":"https:\/\/www.emz.de\/fr\/generalites\/emz-livre-suite-a-une-panne-un-moteur-de-compresseur-de-5300-kw-a-un-producteur-de-gaz-industriel\/#breadcrumb","itemListElement":[{"@type":"ListItem","position":1,"name":"Home","item":"https:\/\/www.emz.de\/fr\/"},{"@type":"ListItem","position":2,"name":"EMZ livre suite \u00e0 une panne, un moteur de compresseur de 5300 kW \u00e0 un producteur de gaz industriel"}]},{"@type":"WebSite","@id":"https:\/\/www.emz.de\/fr\/#website","url":"https:\/\/www.emz.de\/fr\/","name":"EMZ Elektromotoren f\u00fcr Hochspannung und Niederspannung","description":"Spezialist f\u00fcr elektrische Antriebstechnik","publisher":{"@id":"https:\/\/www.emz.de\/fr\/#organization"},"alternateName":"EMZ","potentialAction":[{"@type":"SearchAction","target":{"@type":"EntryPoint","urlTemplate":"https:\/\/www.emz.de\/fr\/?s={search_term_string}"},"query-input":{"@type":"PropertyValueSpecification","valueRequired":true,"valueName":"search_term_string"}}],"inLanguage":"fr-FR"},{"@type":"Organization","@id":"https:\/\/www.emz.de\/fr\/#organization","name":"EMZ Elektro-Maschinen-Zentrale GmbH","alternateName":"EMZ","url":"https:\/\/www.emz.de\/fr\/","logo":{"@type":"ImageObject","inLanguage":"fr-FR","@id":"https:\/\/www.emz.de\/fr\/#\/schema\/logo\/image\/","url":"https:\/\/www.emz.de\/wp-content\/uploads\/2022\/07\/EMZ_Logo_RGB_mitClaim_Positiv_2-farbig_Hellblau-Dunkelblau.svg","contentUrl":"https:\/\/www.emz.de\/wp-content\/uploads\/2022\/07\/EMZ_Logo_RGB_mitClaim_Positiv_2-farbig_Hellblau-Dunkelblau.svg","width":"1024","height":"1024","caption":"EMZ Elektro-Maschinen-Zentrale GmbH"},"image":{"@id":"https:\/\/www.emz.de\/fr\/#\/schema\/logo\/image\/"},"sameAs":["https:\/\/www.facebook.com\/EMZdeutschland","https:\/\/www.linkedin.com\/company\/emz-elektro-maschinen-zentrale-gmbh\/?originalSubdomain=de","https:\/\/www.youtube.com\/channel\/UCajQ_5Xm-hS2H16Liwf5UAQ\/featured","https:\/\/www.xing.com\/pages\/emz-elektro-maschinen-zentrale-gmbh"]},{"@type":"Person","@id":"https:\/\/www.emz.de\/fr\/#\/schema\/person\/26f60b7d341bd325a1b226e6c0fa8f91","name":"Azra Yelmen"}]}},"_links":{"self":[{"href":"https:\/\/www.emz.de\/fr\/wp-json\/wp\/v2\/posts\/4357","targetHints":{"allow":["GET"]}}],"collection":[{"href":"https:\/\/www.emz.de\/fr\/wp-json\/wp\/v2\/posts"}],"about":[{"href":"https:\/\/www.emz.de\/fr\/wp-json\/wp\/v2\/types\/post"}],"author":[{"embeddable":true,"href":"https:\/\/www.emz.de\/fr\/wp-json\/wp\/v2\/users\/6"}],"replies":[{"embeddable":true,"href":"https:\/\/www.emz.de\/fr\/wp-json\/wp\/v2\/comments?post=4357"}],"version-history":[{"count":0,"href":"https:\/\/www.emz.de\/fr\/wp-json\/wp\/v2\/posts\/4357\/revisions"}],"wp:featuredmedia":[{"embeddable":true,"href":"https:\/\/www.emz.de\/fr\/wp-json\/wp\/v2\/media\/5654"}],"wp:attachment":[{"href":"https:\/\/www.emz.de\/fr\/wp-json\/wp\/v2\/media?parent=4357"}],"wp:term":[{"taxonomy":"category","embeddable":true,"href":"https:\/\/www.emz.de\/fr\/wp-json\/wp\/v2\/categories?post=4357"},{"taxonomy":"post_tag","embeddable":true,"href":"https:\/\/www.emz.de\/fr\/wp-json\/wp\/v2\/tags?post=4357"}],"curies":[{"name":"wp","href":"https:\/\/api.w.org\/{rel}","templated":true}]}}