{"id":4358,"date":"2014-04-03T08:00:56","date_gmt":"2014-04-03T06:00:56","guid":{"rendered":"https:\/\/staging.emz.de\/non-classifiee\/emz-livre-deux-moteurs-de-laminoir-pour-une-acierie-au-perou\/"},"modified":"2014-04-03T08:00:56","modified_gmt":"2014-04-03T06:00:56","slug":"emz-livre-deux-moteurs-de-laminoir-pour-une-acierie-au-perou","status":"publish","type":"post","link":"https:\/\/www.emz.de\/fr\/generalites\/emz-livre-deux-moteurs-de-laminoir-pour-une-acierie-au-perou\/","title":{"rendered":"EMZ livre deux moteurs de laminoir pour une aci\u00e9rie au P\u00e9rou"},"content":{"rendered":"<h3 class=\"\">EMZ livre deux moteurs de laminoir pour une aci\u00e9rie au P\u00e9rou<\/h3>\n<p><span style=\"color: #ffffff;\">En Avril 2013 EMZ Sarl France a obtenu la commande pour la fabrication et livraison de deux moteurs \u00e0 rotor bobin\u00e9s pour un laminoir au P\u00e9rou.<\/span><\/p>\n<p><span style=\"color: #ffffff;\">Ces Machines ont fait l&rsquo;objet d&rsquo;une construction renforc\u00e9e pour utilisation sous conditions \u00ab\u00a0s\u00e9v\u00e8res\u00a0\u00bb en aci\u00e9rie \/laminoir. De plus nous avons r\u00e9alis\u00e9 toutes les pr\u00e9conisations impos\u00e9es par le client afin de garantir l&rsquo;interchangeabilit\u00e9 parfaite tant au point de vue \u00e9lectrique que m\u00e9canique.<\/span><\/p>\n<p><span style=\"color: #ffffff;\">interchangeable m\u00e9caniquement et \u00e9lectriquement<\/span><\/p>\n<p><span style=\"color: #ffffff;\">Construction sp\u00e9ciale pour utilisation dans les laminoirs<\/span><\/p>\n<p><span style=\"color: #ffffff;\">Respect de la position des connexions stator et rotor<\/span><\/p>\n<p><span style=\"color: #ffffff;\">Construction sp\u00e9ciale pour tension d&rsquo;alimentation 13 200V avec parafoudres et compteur d&rsquo;impulsions<\/span><\/p>\n<p><span style=\"color: #ffffff;\">R\u00e9ception client avec essai dans la nouvelle plateforme d&rsquo;essai en D\u00e9cembre 2013<\/span><\/p>\n<p><span style=\"color: #ffffff;\">2 moteurs \u00e0 rotor bobin\u00e9s<\/span><\/p>\n<p><span style=\"color: #ffffff;\">Marque: EMZ<\/span><\/p>\n<p><span style=\"color: #ffffff;\">Puissance: 1.480 kW<\/span><\/p>\n<p><span style=\"color: #ffffff;\">Tension: 4.160 V<\/span><\/p>\n<p><span style=\"color: #ffffff;\">Vitesse: 512 U\/min.<\/span><\/p>\n<p><span style=\"color: #ffffff;\">Type de Protection: IP55<\/span><\/p>\n<p><span style=\"color: #ffffff;\">Marque: EMZ<\/span><\/p>\n<p><span style=\"color: #ffffff;\">Puissance: 1.800 kW<\/span><\/p>\n<p><span style=\"color: #ffffff;\">Tension: 13.200 V<\/span><\/p>\n<p><span style=\"color: #ffffff;\">Vitesse: 714 U\/min.<\/span><\/p>\n<p><span style=\"color: #ffffff;\">Type de Protection: IP55<\/span><\/p>\n","protected":false},"excerpt":{"rendered":"<p>EMZ livre deux moteurs de laminoir pour une aci\u00e9rie au P\u00e9rou En Avril 2013 EMZ Sarl France a obtenu la commande pour la fabrication et livraison de deux moteurs \u00e0 rotor bobin\u00e9s pour un laminoir au P\u00e9rou. Ces Machines ont fait l&rsquo;objet d&rsquo;une construction renforc\u00e9e pour utilisation sous conditions \u00ab\u00a0s\u00e9v\u00e8res\u00a0\u00bb en aci\u00e9rie \/laminoir. De plus&#8230;<\/p>\n","protected":false},"author":6,"featured_media":5309,"comment_status":"closed","ping_status":"open","sticky":false,"template":"","format":"standard","meta":{"footnotes":""},"categories":[605],"tags":[695,606,739,622,749,748,628],"class_list":["post-4358","post","type-post","status-publish","format-standard","has-post-thumbnail","hentry","category-generalites","tag-acierie","tag-emz-fr","tag-emz-france-sarl-fr","tag-moteurs","tag-moteurs-de-laminoir-une-acierie","tag-perou","tag-rotor-a-bagues"],"yoast_head":"<!-- This site is optimized with the Yoast SEO plugin v27.4 - https:\/\/yoast.com\/product\/yoast-seo-wordpress\/ -->\n<title>EMZ livre deux moteurs de laminoir pour une aci\u00e9rie au P\u00e9rou | EMZ<\/title>\n<meta name=\"robots\" content=\"index, follow, max-snippet:-1, max-image-preview:large, max-video-preview:-1\" \/>\n<link rel=\"canonical\" href=\"https:\/\/www.emz.de\/fr\/generalites\/emz-livre-deux-moteurs-de-laminoir-pour-une-acierie-au-perou\/\" \/>\n<meta property=\"og:locale\" content=\"fr_FR\" \/>\n<meta property=\"og:type\" content=\"article\" \/>\n<meta property=\"og:title\" content=\"EMZ livre deux moteurs de laminoir pour une aci\u00e9rie au P\u00e9rou | EMZ\" \/>\n<meta property=\"og:description\" content=\"EMZ livre deux moteurs de laminoir pour une aci\u00e9rie au P\u00e9rou En Avril 2013 EMZ Sarl France a obtenu la commande pour la fabrication et livraison de deux moteurs \u00e0 rotor bobin\u00e9s pour un laminoir au P\u00e9rou. Ces Machines ont fait l&rsquo;objet d&rsquo;une construction renforc\u00e9e pour utilisation sous conditions \u00ab\u00a0s\u00e9v\u00e8res\u00a0\u00bb en aci\u00e9rie \/laminoir. De plus...\" \/>\n<meta property=\"og:url\" content=\"https:\/\/www.emz.de\/fr\/generalites\/emz-livre-deux-moteurs-de-laminoir-pour-une-acierie-au-perou\/\" \/>\n<meta property=\"og:site_name\" content=\"EMZ\" \/>\n<meta property=\"article:publisher\" content=\"https:\/\/www.facebook.com\/EMZdeutschland\" \/>\n<meta property=\"article:published_time\" content=\"2014-04-03T06:00:56+00:00\" \/>\n<meta property=\"og:image\" content=\"https:\/\/www.emz.de\/wp-content\/uploads\/2014\/04\/EMZ-News-Nachrichten_0000s_0035_20140403_Stahlwerk-Peru.jpg\" \/>\n\t<meta property=\"og:image:width\" content=\"1200\" \/>\n\t<meta property=\"og:image:height\" content=\"800\" \/>\n\t<meta property=\"og:image:type\" content=\"image\/jpeg\" \/>\n<meta name=\"author\" content=\"Azra Yelmen\" \/>\n<meta name=\"twitter:card\" content=\"summary_large_image\" \/>\n<script type=\"application\/ld+json\" class=\"yoast-schema-graph\">{\"@context\":\"https:\\\/\\\/schema.org\",\"@graph\":[{\"@type\":\"NewsArticle\",\"@id\":\"https:\\\/\\\/www.emz.de\\\/fr\\\/generalites\\\/emz-livre-deux-moteurs-de-laminoir-pour-une-acierie-au-perou\\\/#article\",\"isPartOf\":{\"@id\":\"https:\\\/\\\/www.emz.de\\\/fr\\\/generalites\\\/emz-livre-deux-moteurs-de-laminoir-pour-une-acierie-au-perou\\\/\"},\"author\":{\"name\":\"Azra Yelmen\",\"@id\":\"https:\\\/\\\/www.emz.de\\\/fr\\\/#\\\/schema\\\/person\\\/26f60b7d341bd325a1b226e6c0fa8f91\"},\"headline\":\"EMZ livre deux moteurs de laminoir pour une aci\u00e9rie au P\u00e9rou\",\"datePublished\":\"2014-04-03T06:00:56+00:00\",\"mainEntityOfPage\":{\"@id\":\"https:\\\/\\\/www.emz.de\\\/fr\\\/generalites\\\/emz-livre-deux-moteurs-de-laminoir-pour-une-acierie-au-perou\\\/\"},\"wordCount\":184,\"publisher\":{\"@id\":\"https:\\\/\\\/www.emz.de\\\/fr\\\/#organization\"},\"image\":{\"@id\":\"https:\\\/\\\/www.emz.de\\\/fr\\\/generalites\\\/emz-livre-deux-moteurs-de-laminoir-pour-une-acierie-au-perou\\\/#primaryimage\"},\"thumbnailUrl\":\"https:\\\/\\\/www.emz.de\\\/wp-content\\\/uploads\\\/2014\\\/04\\\/EMZ-News-Nachrichten_0000s_0035_20140403_Stahlwerk-Peru.jpg\",\"keywords\":[\"aci\u00e9rie\",\"emz\",\"EMZ France Sarl\",\"moteurs\",\"moteurs de laminoir une aci\u00e9rie\",\"P\u00e9rou\",\"rotor \u00e0 bagues\"],\"articleSection\":[\"GENERALITES\"],\"inLanguage\":\"fr-FR\"},{\"@type\":\"WebPage\",\"@id\":\"https:\\\/\\\/www.emz.de\\\/fr\\\/generalites\\\/emz-livre-deux-moteurs-de-laminoir-pour-une-acierie-au-perou\\\/\",\"url\":\"https:\\\/\\\/www.emz.de\\\/fr\\\/generalites\\\/emz-livre-deux-moteurs-de-laminoir-pour-une-acierie-au-perou\\\/\",\"name\":\"EMZ livre deux moteurs de laminoir pour une aci\u00e9rie au P\u00e9rou | EMZ\",\"isPartOf\":{\"@id\":\"https:\\\/\\\/www.emz.de\\\/fr\\\/#website\"},\"primaryImageOfPage\":{\"@id\":\"https:\\\/\\\/www.emz.de\\\/fr\\\/generalites\\\/emz-livre-deux-moteurs-de-laminoir-pour-une-acierie-au-perou\\\/#primaryimage\"},\"image\":{\"@id\":\"https:\\\/\\\/www.emz.de\\\/fr\\\/generalites\\\/emz-livre-deux-moteurs-de-laminoir-pour-une-acierie-au-perou\\\/#primaryimage\"},\"thumbnailUrl\":\"https:\\\/\\\/www.emz.de\\\/wp-content\\\/uploads\\\/2014\\\/04\\\/EMZ-News-Nachrichten_0000s_0035_20140403_Stahlwerk-Peru.jpg\",\"datePublished\":\"2014-04-03T06:00:56+00:00\",\"breadcrumb\":{\"@id\":\"https:\\\/\\\/www.emz.de\\\/fr\\\/generalites\\\/emz-livre-deux-moteurs-de-laminoir-pour-une-acierie-au-perou\\\/#breadcrumb\"},\"inLanguage\":\"fr-FR\",\"potentialAction\":[{\"@type\":\"ReadAction\",\"target\":[\"https:\\\/\\\/www.emz.de\\\/fr\\\/generalites\\\/emz-livre-deux-moteurs-de-laminoir-pour-une-acierie-au-perou\\\/\"]}]},{\"@type\":\"ImageObject\",\"inLanguage\":\"fr-FR\",\"@id\":\"https:\\\/\\\/www.emz.de\\\/fr\\\/generalites\\\/emz-livre-deux-moteurs-de-laminoir-pour-une-acierie-au-perou\\\/#primaryimage\",\"url\":\"https:\\\/\\\/www.emz.de\\\/wp-content\\\/uploads\\\/2014\\\/04\\\/EMZ-News-Nachrichten_0000s_0035_20140403_Stahlwerk-Peru.jpg\",\"contentUrl\":\"https:\\\/\\\/www.emz.de\\\/wp-content\\\/uploads\\\/2014\\\/04\\\/EMZ-News-Nachrichten_0000s_0035_20140403_Stahlwerk-Peru.jpg\",\"width\":1200,\"height\":800},{\"@type\":\"BreadcrumbList\",\"@id\":\"https:\\\/\\\/www.emz.de\\\/fr\\\/generalites\\\/emz-livre-deux-moteurs-de-laminoir-pour-une-acierie-au-perou\\\/#breadcrumb\",\"itemListElement\":[{\"@type\":\"ListItem\",\"position\":1,\"name\":\"Home\",\"item\":\"https:\\\/\\\/www.emz.de\\\/fr\\\/\"},{\"@type\":\"ListItem\",\"position\":2,\"name\":\"EMZ livre deux moteurs de laminoir pour une aci\u00e9rie au P\u00e9rou\"}]},{\"@type\":\"WebSite\",\"@id\":\"https:\\\/\\\/www.emz.de\\\/fr\\\/#website\",\"url\":\"https:\\\/\\\/www.emz.de\\\/fr\\\/\",\"name\":\"EMZ Elektromotoren f\u00fcr Hochspannung und Niederspannung\",\"description\":\"Spezialist f\u00fcr elektrische Antriebstechnik\",\"publisher\":{\"@id\":\"https:\\\/\\\/www.emz.de\\\/fr\\\/#organization\"},\"alternateName\":\"EMZ\",\"potentialAction\":[{\"@type\":\"SearchAction\",\"target\":{\"@type\":\"EntryPoint\",\"urlTemplate\":\"https:\\\/\\\/www.emz.de\\\/fr\\\/?s={search_term_string}\"},\"query-input\":{\"@type\":\"PropertyValueSpecification\",\"valueRequired\":true,\"valueName\":\"search_term_string\"}}],\"inLanguage\":\"fr-FR\"},{\"@type\":\"Organization\",\"@id\":\"https:\\\/\\\/www.emz.de\\\/fr\\\/#organization\",\"name\":\"EMZ Elektro-Maschinen-Zentrale GmbH\",\"alternateName\":\"EMZ\",\"url\":\"https:\\\/\\\/www.emz.de\\\/fr\\\/\",\"logo\":{\"@type\":\"ImageObject\",\"inLanguage\":\"fr-FR\",\"@id\":\"https:\\\/\\\/www.emz.de\\\/fr\\\/#\\\/schema\\\/logo\\\/image\\\/\",\"url\":\"https:\\\/\\\/www.emz.de\\\/wp-content\\\/uploads\\\/2022\\\/07\\\/EMZ_Logo_RGB_mitClaim_Positiv_2-farbig_Hellblau-Dunkelblau.svg\",\"contentUrl\":\"https:\\\/\\\/www.emz.de\\\/wp-content\\\/uploads\\\/2022\\\/07\\\/EMZ_Logo_RGB_mitClaim_Positiv_2-farbig_Hellblau-Dunkelblau.svg\",\"width\":\"1024\",\"height\":\"1024\",\"caption\":\"EMZ Elektro-Maschinen-Zentrale GmbH\"},\"image\":{\"@id\":\"https:\\\/\\\/www.emz.de\\\/fr\\\/#\\\/schema\\\/logo\\\/image\\\/\"},\"sameAs\":[\"https:\\\/\\\/www.facebook.com\\\/EMZdeutschland\",\"https:\\\/\\\/www.linkedin.com\\\/company\\\/emz-elektro-maschinen-zentrale-gmbh\\\/?originalSubdomain=de\",\"https:\\\/\\\/www.youtube.com\\\/channel\\\/UCajQ_5Xm-hS2H16Liwf5UAQ\\\/featured\",\"https:\\\/\\\/www.xing.com\\\/pages\\\/emz-elektro-maschinen-zentrale-gmbh\"]},{\"@type\":\"Person\",\"@id\":\"https:\\\/\\\/www.emz.de\\\/fr\\\/#\\\/schema\\\/person\\\/26f60b7d341bd325a1b226e6c0fa8f91\",\"name\":\"Azra Yelmen\"}]}<\/script>\n<!-- \/ Yoast SEO plugin. -->","yoast_head_json":{"title":"EMZ livre deux moteurs de laminoir pour une aci\u00e9rie au P\u00e9rou | EMZ","robots":{"index":"index","follow":"follow","max-snippet":"max-snippet:-1","max-image-preview":"max-image-preview:large","max-video-preview":"max-video-preview:-1"},"canonical":"https:\/\/www.emz.de\/fr\/generalites\/emz-livre-deux-moteurs-de-laminoir-pour-une-acierie-au-perou\/","og_locale":"fr_FR","og_type":"article","og_title":"EMZ livre deux moteurs de laminoir pour une aci\u00e9rie au P\u00e9rou | EMZ","og_description":"EMZ livre deux moteurs de laminoir pour une aci\u00e9rie au P\u00e9rou En Avril 2013 EMZ Sarl France a obtenu la commande pour la fabrication et livraison de deux moteurs \u00e0 rotor bobin\u00e9s pour un laminoir au P\u00e9rou. Ces Machines ont fait l&rsquo;objet d&rsquo;une construction renforc\u00e9e pour utilisation sous conditions \u00ab\u00a0s\u00e9v\u00e8res\u00a0\u00bb en aci\u00e9rie \/laminoir. De plus...","og_url":"https:\/\/www.emz.de\/fr\/generalites\/emz-livre-deux-moteurs-de-laminoir-pour-une-acierie-au-perou\/","og_site_name":"EMZ","article_publisher":"https:\/\/www.facebook.com\/EMZdeutschland","article_published_time":"2014-04-03T06:00:56+00:00","og_image":[{"width":1200,"height":800,"url":"https:\/\/www.emz.de\/wp-content\/uploads\/2014\/04\/EMZ-News-Nachrichten_0000s_0035_20140403_Stahlwerk-Peru.jpg","type":"image\/jpeg"}],"author":"Azra Yelmen","twitter_card":"summary_large_image","schema":{"@context":"https:\/\/schema.org","@graph":[{"@type":"NewsArticle","@id":"https:\/\/www.emz.de\/fr\/generalites\/emz-livre-deux-moteurs-de-laminoir-pour-une-acierie-au-perou\/#article","isPartOf":{"@id":"https:\/\/www.emz.de\/fr\/generalites\/emz-livre-deux-moteurs-de-laminoir-pour-une-acierie-au-perou\/"},"author":{"name":"Azra Yelmen","@id":"https:\/\/www.emz.de\/fr\/#\/schema\/person\/26f60b7d341bd325a1b226e6c0fa8f91"},"headline":"EMZ livre deux moteurs de laminoir pour une aci\u00e9rie au P\u00e9rou","datePublished":"2014-04-03T06:00:56+00:00","mainEntityOfPage":{"@id":"https:\/\/www.emz.de\/fr\/generalites\/emz-livre-deux-moteurs-de-laminoir-pour-une-acierie-au-perou\/"},"wordCount":184,"publisher":{"@id":"https:\/\/www.emz.de\/fr\/#organization"},"image":{"@id":"https:\/\/www.emz.de\/fr\/generalites\/emz-livre-deux-moteurs-de-laminoir-pour-une-acierie-au-perou\/#primaryimage"},"thumbnailUrl":"https:\/\/www.emz.de\/wp-content\/uploads\/2014\/04\/EMZ-News-Nachrichten_0000s_0035_20140403_Stahlwerk-Peru.jpg","keywords":["aci\u00e9rie","emz","EMZ France Sarl","moteurs","moteurs de laminoir une aci\u00e9rie","P\u00e9rou","rotor \u00e0 bagues"],"articleSection":["GENERALITES"],"inLanguage":"fr-FR"},{"@type":"WebPage","@id":"https:\/\/www.emz.de\/fr\/generalites\/emz-livre-deux-moteurs-de-laminoir-pour-une-acierie-au-perou\/","url":"https:\/\/www.emz.de\/fr\/generalites\/emz-livre-deux-moteurs-de-laminoir-pour-une-acierie-au-perou\/","name":"EMZ livre deux moteurs de laminoir pour une aci\u00e9rie au P\u00e9rou | EMZ","isPartOf":{"@id":"https:\/\/www.emz.de\/fr\/#website"},"primaryImageOfPage":{"@id":"https:\/\/www.emz.de\/fr\/generalites\/emz-livre-deux-moteurs-de-laminoir-pour-une-acierie-au-perou\/#primaryimage"},"image":{"@id":"https:\/\/www.emz.de\/fr\/generalites\/emz-livre-deux-moteurs-de-laminoir-pour-une-acierie-au-perou\/#primaryimage"},"thumbnailUrl":"https:\/\/www.emz.de\/wp-content\/uploads\/2014\/04\/EMZ-News-Nachrichten_0000s_0035_20140403_Stahlwerk-Peru.jpg","datePublished":"2014-04-03T06:00:56+00:00","breadcrumb":{"@id":"https:\/\/www.emz.de\/fr\/generalites\/emz-livre-deux-moteurs-de-laminoir-pour-une-acierie-au-perou\/#breadcrumb"},"inLanguage":"fr-FR","potentialAction":[{"@type":"ReadAction","target":["https:\/\/www.emz.de\/fr\/generalites\/emz-livre-deux-moteurs-de-laminoir-pour-une-acierie-au-perou\/"]}]},{"@type":"ImageObject","inLanguage":"fr-FR","@id":"https:\/\/www.emz.de\/fr\/generalites\/emz-livre-deux-moteurs-de-laminoir-pour-une-acierie-au-perou\/#primaryimage","url":"https:\/\/www.emz.de\/wp-content\/uploads\/2014\/04\/EMZ-News-Nachrichten_0000s_0035_20140403_Stahlwerk-Peru.jpg","contentUrl":"https:\/\/www.emz.de\/wp-content\/uploads\/2014\/04\/EMZ-News-Nachrichten_0000s_0035_20140403_Stahlwerk-Peru.jpg","width":1200,"height":800},{"@type":"BreadcrumbList","@id":"https:\/\/www.emz.de\/fr\/generalites\/emz-livre-deux-moteurs-de-laminoir-pour-une-acierie-au-perou\/#breadcrumb","itemListElement":[{"@type":"ListItem","position":1,"name":"Home","item":"https:\/\/www.emz.de\/fr\/"},{"@type":"ListItem","position":2,"name":"EMZ livre deux moteurs de laminoir pour une aci\u00e9rie au P\u00e9rou"}]},{"@type":"WebSite","@id":"https:\/\/www.emz.de\/fr\/#website","url":"https:\/\/www.emz.de\/fr\/","name":"EMZ Elektromotoren f\u00fcr Hochspannung und Niederspannung","description":"Spezialist f\u00fcr elektrische Antriebstechnik","publisher":{"@id":"https:\/\/www.emz.de\/fr\/#organization"},"alternateName":"EMZ","potentialAction":[{"@type":"SearchAction","target":{"@type":"EntryPoint","urlTemplate":"https:\/\/www.emz.de\/fr\/?s={search_term_string}"},"query-input":{"@type":"PropertyValueSpecification","valueRequired":true,"valueName":"search_term_string"}}],"inLanguage":"fr-FR"},{"@type":"Organization","@id":"https:\/\/www.emz.de\/fr\/#organization","name":"EMZ Elektro-Maschinen-Zentrale GmbH","alternateName":"EMZ","url":"https:\/\/www.emz.de\/fr\/","logo":{"@type":"ImageObject","inLanguage":"fr-FR","@id":"https:\/\/www.emz.de\/fr\/#\/schema\/logo\/image\/","url":"https:\/\/www.emz.de\/wp-content\/uploads\/2022\/07\/EMZ_Logo_RGB_mitClaim_Positiv_2-farbig_Hellblau-Dunkelblau.svg","contentUrl":"https:\/\/www.emz.de\/wp-content\/uploads\/2022\/07\/EMZ_Logo_RGB_mitClaim_Positiv_2-farbig_Hellblau-Dunkelblau.svg","width":"1024","height":"1024","caption":"EMZ Elektro-Maschinen-Zentrale GmbH"},"image":{"@id":"https:\/\/www.emz.de\/fr\/#\/schema\/logo\/image\/"},"sameAs":["https:\/\/www.facebook.com\/EMZdeutschland","https:\/\/www.linkedin.com\/company\/emz-elektro-maschinen-zentrale-gmbh\/?originalSubdomain=de","https:\/\/www.youtube.com\/channel\/UCajQ_5Xm-hS2H16Liwf5UAQ\/featured","https:\/\/www.xing.com\/pages\/emz-elektro-maschinen-zentrale-gmbh"]},{"@type":"Person","@id":"https:\/\/www.emz.de\/fr\/#\/schema\/person\/26f60b7d341bd325a1b226e6c0fa8f91","name":"Azra Yelmen"}]}},"_links":{"self":[{"href":"https:\/\/www.emz.de\/fr\/wp-json\/wp\/v2\/posts\/4358","targetHints":{"allow":["GET"]}}],"collection":[{"href":"https:\/\/www.emz.de\/fr\/wp-json\/wp\/v2\/posts"}],"about":[{"href":"https:\/\/www.emz.de\/fr\/wp-json\/wp\/v2\/types\/post"}],"author":[{"embeddable":true,"href":"https:\/\/www.emz.de\/fr\/wp-json\/wp\/v2\/users\/6"}],"replies":[{"embeddable":true,"href":"https:\/\/www.emz.de\/fr\/wp-json\/wp\/v2\/comments?post=4358"}],"version-history":[{"count":0,"href":"https:\/\/www.emz.de\/fr\/wp-json\/wp\/v2\/posts\/4358\/revisions"}],"wp:featuredmedia":[{"embeddable":true,"href":"https:\/\/www.emz.de\/fr\/wp-json\/wp\/v2\/media\/5309"}],"wp:attachment":[{"href":"https:\/\/www.emz.de\/fr\/wp-json\/wp\/v2\/media?parent=4358"}],"wp:term":[{"taxonomy":"category","embeddable":true,"href":"https:\/\/www.emz.de\/fr\/wp-json\/wp\/v2\/categories?post=4358"},{"taxonomy":"post_tag","embeddable":true,"href":"https:\/\/www.emz.de\/fr\/wp-json\/wp\/v2\/tags?post=4358"}],"curies":[{"name":"wp","href":"https:\/\/api.w.org\/{rel}","templated":true}]}}