{"id":4366,"date":"2012-07-30T08:00:20","date_gmt":"2012-07-30T06:00:20","guid":{"rendered":"https:\/\/staging.emz.de\/non-classifiee\/emz-reprend-unitec-ag-en-suisse\/"},"modified":"2012-07-30T08:00:20","modified_gmt":"2012-07-30T06:00:20","slug":"emz-reprend-unitec-ag-en-suisse","status":"publish","type":"post","link":"https:\/\/www.emz.de\/fr\/generalites\/emz-reprend-unitec-ag-en-suisse\/","title":{"rendered":"EMZ reprend Unitec AG en Suisse"},"content":{"rendered":"<p><span style=\"color: #ffffff;\">Le 25 juillet 2012 EMZ GmbH a rendu public le rachat des activit\u00e9s commerciales de Unitec AG ( Pfungen en Suisse ). La nouvelle filiale exerce \u00e0 compter du 01 Ao\u00fbt 2012 sous le nom de EMZ-Unitec AG.<\/span><\/p>\n<p><span style=\"color: #ffffff;\">La Direction de l&rsquo;Entreprise est assur\u00e9e par Serge Sutter qui exerce pour EMZ depuis 2010 sur le march\u00e9 Suisse en tant que Key Account Manager.<\/span><\/p>\n<p><span style=\"color: #ffffff;\">La soci\u00e9t\u00e9 Unitec AG est active depuis 50 ans dans le domaine des syst\u00e8mes d&rsquo;entra\u00eenements \u00e9lectriques et est reconnue parmi les Leaders en Suisse dans son domaine. Par cette acquisition EMZ d\u00e9veloppe ses activit\u00e9s en Suisse. La gamme de produits Unitec est renforc\u00e9e et compl\u00e9t\u00e9e par EMZ. Les clients ont ainsi \u00e0 leur disposition une palette de produits \u00e9largie, qui comprend dor\u00e9navant \u00e9galement entre autres des moteurs HT, des moteurs Siemens et des transformateurs.<\/span><\/p>\n<p><span style=\"color: #ffffff;\">Gr\u00e2ce au stock tr\u00e8s important en Suisse, nos clients b\u00e9n\u00e9ficient de d\u00e9lais de livraison tr\u00e8s courts et un traitement des affaires dans les meilleures conditions de rapidit\u00e9.<\/span><\/p>\n<p>&nbsp;<\/p>\n","protected":false},"excerpt":{"rendered":"<p>Le 25 juillet 2012 EMZ GmbH a rendu public le rachat des activit\u00e9s commerciales de Unitec AG ( Pfungen en Suisse ). La nouvelle filiale exerce \u00e0 compter du 01 Ao\u00fbt 2012 sous le nom de EMZ-Unitec AG. La Direction de l&rsquo;Entreprise est assur\u00e9e par Serge Sutter qui exerce pour EMZ depuis 2010 sur le&#8230;<\/p>\n","protected":false},"author":6,"featured_media":5272,"comment_status":"open","ping_status":"open","sticky":false,"template":"","format":"standard","meta":{"footnotes":""},"categories":[605],"tags":[606,781,784,783,703,785,782],"class_list":["post-4366","post","type-post","status-publish","format-standard","has-post-thumbnail","hentry","category-generalites","tag-emz-fr","tag-moteurs-haute-tension","tag-moteurs-siemens","tag-serge-sutter-fr","tag-suisse","tag-transformateurs","tag-unitec-ag-fr"],"yoast_head":"<!-- This site is optimized with the Yoast SEO plugin v27.4 - https:\/\/yoast.com\/product\/yoast-seo-wordpress\/ -->\n<title>EMZ reprend Unitec AG en Suisse | EMZ<\/title>\n<meta name=\"robots\" content=\"index, follow, max-snippet:-1, max-image-preview:large, max-video-preview:-1\" \/>\n<link rel=\"canonical\" href=\"https:\/\/www.emz.de\/fr\/generalites\/emz-reprend-unitec-ag-en-suisse\/\" \/>\n<meta property=\"og:locale\" content=\"fr_FR\" \/>\n<meta property=\"og:type\" content=\"article\" \/>\n<meta property=\"og:title\" content=\"EMZ reprend Unitec AG en Suisse | EMZ\" \/>\n<meta property=\"og:description\" content=\"Le 25 juillet 2012 EMZ GmbH a rendu public le rachat des activit\u00e9s commerciales de Unitec AG ( Pfungen en Suisse ). La nouvelle filiale exerce \u00e0 compter du 01 Ao\u00fbt 2012 sous le nom de EMZ-Unitec AG. La Direction de l&rsquo;Entreprise est assur\u00e9e par Serge Sutter qui exerce pour EMZ depuis 2010 sur le...\" \/>\n<meta property=\"og:url\" content=\"https:\/\/www.emz.de\/fr\/generalites\/emz-reprend-unitec-ag-en-suisse\/\" \/>\n<meta property=\"og:site_name\" content=\"EMZ\" \/>\n<meta property=\"article:publisher\" content=\"https:\/\/www.facebook.com\/EMZdeutschland\" \/>\n<meta property=\"article:published_time\" content=\"2012-07-30T06:00:20+00:00\" \/>\n<meta property=\"og:image\" content=\"https:\/\/www.emz.de\/wp-content\/uploads\/2012\/07\/EMZ-News-Nachrichten_0000s_0047_20120630_Uebernahme-Unitec-AG-CH.jpg\" \/>\n\t<meta property=\"og:image:width\" content=\"1200\" \/>\n\t<meta property=\"og:image:height\" content=\"800\" \/>\n\t<meta property=\"og:image:type\" content=\"image\/jpeg\" \/>\n<meta name=\"author\" content=\"Azra Yelmen\" \/>\n<meta name=\"twitter:card\" content=\"summary_large_image\" \/>\n<script type=\"application\/ld+json\" class=\"yoast-schema-graph\">{\"@context\":\"https:\\\/\\\/schema.org\",\"@graph\":[{\"@type\":\"NewsArticle\",\"@id\":\"https:\\\/\\\/www.emz.de\\\/fr\\\/generalites\\\/emz-reprend-unitec-ag-en-suisse\\\/#article\",\"isPartOf\":{\"@id\":\"https:\\\/\\\/www.emz.de\\\/fr\\\/generalites\\\/emz-reprend-unitec-ag-en-suisse\\\/\"},\"author\":{\"name\":\"Azra Yelmen\",\"@id\":\"https:\\\/\\\/www.emz.de\\\/fr\\\/#\\\/schema\\\/person\\\/26f60b7d341bd325a1b226e6c0fa8f91\"},\"headline\":\"EMZ reprend Unitec AG en Suisse\",\"datePublished\":\"2012-07-30T06:00:20+00:00\",\"mainEntityOfPage\":{\"@id\":\"https:\\\/\\\/www.emz.de\\\/fr\\\/generalites\\\/emz-reprend-unitec-ag-en-suisse\\\/\"},\"wordCount\":181,\"commentCount\":0,\"publisher\":{\"@id\":\"https:\\\/\\\/www.emz.de\\\/fr\\\/#organization\"},\"image\":{\"@id\":\"https:\\\/\\\/www.emz.de\\\/fr\\\/generalites\\\/emz-reprend-unitec-ag-en-suisse\\\/#primaryimage\"},\"thumbnailUrl\":\"https:\\\/\\\/www.emz.de\\\/wp-content\\\/uploads\\\/2012\\\/07\\\/EMZ-News-Nachrichten_0000s_0047_20120630_Uebernahme-Unitec-AG-CH.jpg\",\"keywords\":[\"emz\",\"moteurs Haute Tension\",\"moteurs Siemens\",\"Serge Sutter\",\"Suisse\",\"transformateurs\",\"Unitec AG\"],\"articleSection\":[\"GENERALITES\"],\"inLanguage\":\"fr-FR\",\"potentialAction\":[{\"@type\":\"CommentAction\",\"name\":\"Comment\",\"target\":[\"https:\\\/\\\/www.emz.de\\\/fr\\\/generalites\\\/emz-reprend-unitec-ag-en-suisse\\\/#respond\"]}]},{\"@type\":\"WebPage\",\"@id\":\"https:\\\/\\\/www.emz.de\\\/fr\\\/generalites\\\/emz-reprend-unitec-ag-en-suisse\\\/\",\"url\":\"https:\\\/\\\/www.emz.de\\\/fr\\\/generalites\\\/emz-reprend-unitec-ag-en-suisse\\\/\",\"name\":\"EMZ reprend Unitec AG en Suisse | EMZ\",\"isPartOf\":{\"@id\":\"https:\\\/\\\/www.emz.de\\\/fr\\\/#website\"},\"primaryImageOfPage\":{\"@id\":\"https:\\\/\\\/www.emz.de\\\/fr\\\/generalites\\\/emz-reprend-unitec-ag-en-suisse\\\/#primaryimage\"},\"image\":{\"@id\":\"https:\\\/\\\/www.emz.de\\\/fr\\\/generalites\\\/emz-reprend-unitec-ag-en-suisse\\\/#primaryimage\"},\"thumbnailUrl\":\"https:\\\/\\\/www.emz.de\\\/wp-content\\\/uploads\\\/2012\\\/07\\\/EMZ-News-Nachrichten_0000s_0047_20120630_Uebernahme-Unitec-AG-CH.jpg\",\"datePublished\":\"2012-07-30T06:00:20+00:00\",\"breadcrumb\":{\"@id\":\"https:\\\/\\\/www.emz.de\\\/fr\\\/generalites\\\/emz-reprend-unitec-ag-en-suisse\\\/#breadcrumb\"},\"inLanguage\":\"fr-FR\",\"potentialAction\":[{\"@type\":\"ReadAction\",\"target\":[\"https:\\\/\\\/www.emz.de\\\/fr\\\/generalites\\\/emz-reprend-unitec-ag-en-suisse\\\/\"]}]},{\"@type\":\"ImageObject\",\"inLanguage\":\"fr-FR\",\"@id\":\"https:\\\/\\\/www.emz.de\\\/fr\\\/generalites\\\/emz-reprend-unitec-ag-en-suisse\\\/#primaryimage\",\"url\":\"https:\\\/\\\/www.emz.de\\\/wp-content\\\/uploads\\\/2012\\\/07\\\/EMZ-News-Nachrichten_0000s_0047_20120630_Uebernahme-Unitec-AG-CH.jpg\",\"contentUrl\":\"https:\\\/\\\/www.emz.de\\\/wp-content\\\/uploads\\\/2012\\\/07\\\/EMZ-News-Nachrichten_0000s_0047_20120630_Uebernahme-Unitec-AG-CH.jpg\",\"width\":1200,\"height\":800},{\"@type\":\"BreadcrumbList\",\"@id\":\"https:\\\/\\\/www.emz.de\\\/fr\\\/generalites\\\/emz-reprend-unitec-ag-en-suisse\\\/#breadcrumb\",\"itemListElement\":[{\"@type\":\"ListItem\",\"position\":1,\"name\":\"Home\",\"item\":\"https:\\\/\\\/www.emz.de\\\/fr\\\/\"},{\"@type\":\"ListItem\",\"position\":2,\"name\":\"EMZ reprend Unitec AG en Suisse\"}]},{\"@type\":\"WebSite\",\"@id\":\"https:\\\/\\\/www.emz.de\\\/fr\\\/#website\",\"url\":\"https:\\\/\\\/www.emz.de\\\/fr\\\/\",\"name\":\"EMZ Elektromotoren f\u00fcr Hochspannung und Niederspannung\",\"description\":\"Spezialist f\u00fcr elektrische Antriebstechnik\",\"publisher\":{\"@id\":\"https:\\\/\\\/www.emz.de\\\/fr\\\/#organization\"},\"alternateName\":\"EMZ\",\"potentialAction\":[{\"@type\":\"SearchAction\",\"target\":{\"@type\":\"EntryPoint\",\"urlTemplate\":\"https:\\\/\\\/www.emz.de\\\/fr\\\/?s={search_term_string}\"},\"query-input\":{\"@type\":\"PropertyValueSpecification\",\"valueRequired\":true,\"valueName\":\"search_term_string\"}}],\"inLanguage\":\"fr-FR\"},{\"@type\":\"Organization\",\"@id\":\"https:\\\/\\\/www.emz.de\\\/fr\\\/#organization\",\"name\":\"EMZ Elektro-Maschinen-Zentrale GmbH\",\"alternateName\":\"EMZ\",\"url\":\"https:\\\/\\\/www.emz.de\\\/fr\\\/\",\"logo\":{\"@type\":\"ImageObject\",\"inLanguage\":\"fr-FR\",\"@id\":\"https:\\\/\\\/www.emz.de\\\/fr\\\/#\\\/schema\\\/logo\\\/image\\\/\",\"url\":\"https:\\\/\\\/www.emz.de\\\/wp-content\\\/uploads\\\/2022\\\/07\\\/EMZ_Logo_RGB_mitClaim_Positiv_2-farbig_Hellblau-Dunkelblau.svg\",\"contentUrl\":\"https:\\\/\\\/www.emz.de\\\/wp-content\\\/uploads\\\/2022\\\/07\\\/EMZ_Logo_RGB_mitClaim_Positiv_2-farbig_Hellblau-Dunkelblau.svg\",\"width\":\"1024\",\"height\":\"1024\",\"caption\":\"EMZ Elektro-Maschinen-Zentrale GmbH\"},\"image\":{\"@id\":\"https:\\\/\\\/www.emz.de\\\/fr\\\/#\\\/schema\\\/logo\\\/image\\\/\"},\"sameAs\":[\"https:\\\/\\\/www.facebook.com\\\/EMZdeutschland\",\"https:\\\/\\\/www.linkedin.com\\\/company\\\/emz-elektro-maschinen-zentrale-gmbh\\\/?originalSubdomain=de\",\"https:\\\/\\\/www.youtube.com\\\/channel\\\/UCajQ_5Xm-hS2H16Liwf5UAQ\\\/featured\",\"https:\\\/\\\/www.xing.com\\\/pages\\\/emz-elektro-maschinen-zentrale-gmbh\"]},{\"@type\":\"Person\",\"@id\":\"https:\\\/\\\/www.emz.de\\\/fr\\\/#\\\/schema\\\/person\\\/26f60b7d341bd325a1b226e6c0fa8f91\",\"name\":\"Azra Yelmen\"}]}<\/script>\n<!-- \/ Yoast SEO plugin. -->","yoast_head_json":{"title":"EMZ reprend Unitec AG en Suisse | EMZ","robots":{"index":"index","follow":"follow","max-snippet":"max-snippet:-1","max-image-preview":"max-image-preview:large","max-video-preview":"max-video-preview:-1"},"canonical":"https:\/\/www.emz.de\/fr\/generalites\/emz-reprend-unitec-ag-en-suisse\/","og_locale":"fr_FR","og_type":"article","og_title":"EMZ reprend Unitec AG en Suisse | EMZ","og_description":"Le 25 juillet 2012 EMZ GmbH a rendu public le rachat des activit\u00e9s commerciales de Unitec AG ( Pfungen en Suisse ). La nouvelle filiale exerce \u00e0 compter du 01 Ao\u00fbt 2012 sous le nom de EMZ-Unitec AG. La Direction de l&rsquo;Entreprise est assur\u00e9e par Serge Sutter qui exerce pour EMZ depuis 2010 sur le...","og_url":"https:\/\/www.emz.de\/fr\/generalites\/emz-reprend-unitec-ag-en-suisse\/","og_site_name":"EMZ","article_publisher":"https:\/\/www.facebook.com\/EMZdeutschland","article_published_time":"2012-07-30T06:00:20+00:00","og_image":[{"width":1200,"height":800,"url":"https:\/\/www.emz.de\/wp-content\/uploads\/2012\/07\/EMZ-News-Nachrichten_0000s_0047_20120630_Uebernahme-Unitec-AG-CH.jpg","type":"image\/jpeg"}],"author":"Azra Yelmen","twitter_card":"summary_large_image","schema":{"@context":"https:\/\/schema.org","@graph":[{"@type":"NewsArticle","@id":"https:\/\/www.emz.de\/fr\/generalites\/emz-reprend-unitec-ag-en-suisse\/#article","isPartOf":{"@id":"https:\/\/www.emz.de\/fr\/generalites\/emz-reprend-unitec-ag-en-suisse\/"},"author":{"name":"Azra Yelmen","@id":"https:\/\/www.emz.de\/fr\/#\/schema\/person\/26f60b7d341bd325a1b226e6c0fa8f91"},"headline":"EMZ reprend Unitec AG en Suisse","datePublished":"2012-07-30T06:00:20+00:00","mainEntityOfPage":{"@id":"https:\/\/www.emz.de\/fr\/generalites\/emz-reprend-unitec-ag-en-suisse\/"},"wordCount":181,"commentCount":0,"publisher":{"@id":"https:\/\/www.emz.de\/fr\/#organization"},"image":{"@id":"https:\/\/www.emz.de\/fr\/generalites\/emz-reprend-unitec-ag-en-suisse\/#primaryimage"},"thumbnailUrl":"https:\/\/www.emz.de\/wp-content\/uploads\/2012\/07\/EMZ-News-Nachrichten_0000s_0047_20120630_Uebernahme-Unitec-AG-CH.jpg","keywords":["emz","moteurs Haute Tension","moteurs Siemens","Serge Sutter","Suisse","transformateurs","Unitec AG"],"articleSection":["GENERALITES"],"inLanguage":"fr-FR","potentialAction":[{"@type":"CommentAction","name":"Comment","target":["https:\/\/www.emz.de\/fr\/generalites\/emz-reprend-unitec-ag-en-suisse\/#respond"]}]},{"@type":"WebPage","@id":"https:\/\/www.emz.de\/fr\/generalites\/emz-reprend-unitec-ag-en-suisse\/","url":"https:\/\/www.emz.de\/fr\/generalites\/emz-reprend-unitec-ag-en-suisse\/","name":"EMZ reprend Unitec AG en Suisse | EMZ","isPartOf":{"@id":"https:\/\/www.emz.de\/fr\/#website"},"primaryImageOfPage":{"@id":"https:\/\/www.emz.de\/fr\/generalites\/emz-reprend-unitec-ag-en-suisse\/#primaryimage"},"image":{"@id":"https:\/\/www.emz.de\/fr\/generalites\/emz-reprend-unitec-ag-en-suisse\/#primaryimage"},"thumbnailUrl":"https:\/\/www.emz.de\/wp-content\/uploads\/2012\/07\/EMZ-News-Nachrichten_0000s_0047_20120630_Uebernahme-Unitec-AG-CH.jpg","datePublished":"2012-07-30T06:00:20+00:00","breadcrumb":{"@id":"https:\/\/www.emz.de\/fr\/generalites\/emz-reprend-unitec-ag-en-suisse\/#breadcrumb"},"inLanguage":"fr-FR","potentialAction":[{"@type":"ReadAction","target":["https:\/\/www.emz.de\/fr\/generalites\/emz-reprend-unitec-ag-en-suisse\/"]}]},{"@type":"ImageObject","inLanguage":"fr-FR","@id":"https:\/\/www.emz.de\/fr\/generalites\/emz-reprend-unitec-ag-en-suisse\/#primaryimage","url":"https:\/\/www.emz.de\/wp-content\/uploads\/2012\/07\/EMZ-News-Nachrichten_0000s_0047_20120630_Uebernahme-Unitec-AG-CH.jpg","contentUrl":"https:\/\/www.emz.de\/wp-content\/uploads\/2012\/07\/EMZ-News-Nachrichten_0000s_0047_20120630_Uebernahme-Unitec-AG-CH.jpg","width":1200,"height":800},{"@type":"BreadcrumbList","@id":"https:\/\/www.emz.de\/fr\/generalites\/emz-reprend-unitec-ag-en-suisse\/#breadcrumb","itemListElement":[{"@type":"ListItem","position":1,"name":"Home","item":"https:\/\/www.emz.de\/fr\/"},{"@type":"ListItem","position":2,"name":"EMZ reprend Unitec AG en Suisse"}]},{"@type":"WebSite","@id":"https:\/\/www.emz.de\/fr\/#website","url":"https:\/\/www.emz.de\/fr\/","name":"EMZ Elektromotoren f\u00fcr Hochspannung und Niederspannung","description":"Spezialist f\u00fcr elektrische Antriebstechnik","publisher":{"@id":"https:\/\/www.emz.de\/fr\/#organization"},"alternateName":"EMZ","potentialAction":[{"@type":"SearchAction","target":{"@type":"EntryPoint","urlTemplate":"https:\/\/www.emz.de\/fr\/?s={search_term_string}"},"query-input":{"@type":"PropertyValueSpecification","valueRequired":true,"valueName":"search_term_string"}}],"inLanguage":"fr-FR"},{"@type":"Organization","@id":"https:\/\/www.emz.de\/fr\/#organization","name":"EMZ Elektro-Maschinen-Zentrale GmbH","alternateName":"EMZ","url":"https:\/\/www.emz.de\/fr\/","logo":{"@type":"ImageObject","inLanguage":"fr-FR","@id":"https:\/\/www.emz.de\/fr\/#\/schema\/logo\/image\/","url":"https:\/\/www.emz.de\/wp-content\/uploads\/2022\/07\/EMZ_Logo_RGB_mitClaim_Positiv_2-farbig_Hellblau-Dunkelblau.svg","contentUrl":"https:\/\/www.emz.de\/wp-content\/uploads\/2022\/07\/EMZ_Logo_RGB_mitClaim_Positiv_2-farbig_Hellblau-Dunkelblau.svg","width":"1024","height":"1024","caption":"EMZ Elektro-Maschinen-Zentrale GmbH"},"image":{"@id":"https:\/\/www.emz.de\/fr\/#\/schema\/logo\/image\/"},"sameAs":["https:\/\/www.facebook.com\/EMZdeutschland","https:\/\/www.linkedin.com\/company\/emz-elektro-maschinen-zentrale-gmbh\/?originalSubdomain=de","https:\/\/www.youtube.com\/channel\/UCajQ_5Xm-hS2H16Liwf5UAQ\/featured","https:\/\/www.xing.com\/pages\/emz-elektro-maschinen-zentrale-gmbh"]},{"@type":"Person","@id":"https:\/\/www.emz.de\/fr\/#\/schema\/person\/26f60b7d341bd325a1b226e6c0fa8f91","name":"Azra Yelmen"}]}},"_links":{"self":[{"href":"https:\/\/www.emz.de\/fr\/wp-json\/wp\/v2\/posts\/4366","targetHints":{"allow":["GET"]}}],"collection":[{"href":"https:\/\/www.emz.de\/fr\/wp-json\/wp\/v2\/posts"}],"about":[{"href":"https:\/\/www.emz.de\/fr\/wp-json\/wp\/v2\/types\/post"}],"author":[{"embeddable":true,"href":"https:\/\/www.emz.de\/fr\/wp-json\/wp\/v2\/users\/6"}],"replies":[{"embeddable":true,"href":"https:\/\/www.emz.de\/fr\/wp-json\/wp\/v2\/comments?post=4366"}],"version-history":[{"count":0,"href":"https:\/\/www.emz.de\/fr\/wp-json\/wp\/v2\/posts\/4366\/revisions"}],"wp:featuredmedia":[{"embeddable":true,"href":"https:\/\/www.emz.de\/fr\/wp-json\/wp\/v2\/media\/5272"}],"wp:attachment":[{"href":"https:\/\/www.emz.de\/fr\/wp-json\/wp\/v2\/media?parent=4366"}],"wp:term":[{"taxonomy":"category","embeddable":true,"href":"https:\/\/www.emz.de\/fr\/wp-json\/wp\/v2\/categories?post=4366"},{"taxonomy":"post_tag","embeddable":true,"href":"https:\/\/www.emz.de\/fr\/wp-json\/wp\/v2\/tags?post=4366"}],"curies":[{"name":"wp","href":"https:\/\/api.w.org\/{rel}","templated":true}]}}