{"id":4367,"date":"2012-06-27T08:00:34","date_gmt":"2012-06-27T06:00:34","guid":{"rendered":"https:\/\/staging.emz.de\/non-classifiee\/lexpo-maison-emz-a-connu-un-beau-succes\/"},"modified":"2012-06-27T08:00:34","modified_gmt":"2012-06-27T06:00:34","slug":"lexpo-maison-emz-a-connu-un-beau-succes","status":"publish","type":"post","link":"https:\/\/www.emz.de\/fr\/generalites\/lexpo-maison-emz-a-connu-un-beau-succes\/","title":{"rendered":"L&rsquo;Expo Maison EMZ a connu un beau succ\u00e8s"},"content":{"rendered":"<p><span style=\"color: #ffffff;\">Le 21 juin 2012 EMZ le sp\u00e9cialiste en moteurs \u00e9lectriques a organis\u00e9 son Exposition \u00ab\u00a0Magie d&rsquo;Et\u00e9 EMZ\u00a0\u00bb dans les locaux de l&rsquo;entreprise \u00e0 Recklinghausen.<\/span><\/p>\n<p><span style=\"color: #ffffff;\">Environ 250 invit\u00e9s ont particip\u00e9 \u00e0 cette manifestation pour en appr\u00e9cier d?int\u00e9ressantes pr\u00e9sentations techniques ainsi qu&rsquo;une exposition de divers \u00e9quipements et produits. Les visiteurs ont \u00e9t\u00e9 enchant\u00e9s par le magicien international Nicolai Friedrich et des d\u00e9licatesses estivales.<\/span><\/p>\n<p><span style=\"color: #ffffff;\">La f\u00eate d&rsquo;Et\u00e9 chez EMZ a convaincu avec des exposants et des orateurs de renom ; toute la manifestation a \u00e9t\u00e9 embellie par une ambiance d&rsquo;\u00e9t\u00e9 conviviale. Les partenaires d&rsquo;exposition Siemens, Status Pro, Lenze, NORD DRIVESSYSTEMS, Knust et MKS , ont assur\u00e9 pour cette journ\u00e9e des expos\u00e9s techniques int\u00e9ressants et une exposition cons\u00e9quente.<\/span><\/p>\n<p><span style=\"color: #ffffff;\">En plus de cela, il y avait pour EMZ une raison suppl\u00e9mentaire de se r\u00e9jouir : l&rsquo;Entreprise f\u00eate cette ann\u00e9e son 60\u00e8me anniversaire. Stefan Beese, le Patron de l&rsquo;Entreprise a pr\u00e9cis\u00e9 dans son allocution d&rsquo;ouverture &lt;&gt;.<\/span><\/p>\n<p><span style=\"color: #ffffff;\">Les prestations du magicien Nicolai Friedrich ont constitu\u00e9 un attrait suppl\u00e9mentaire avec un spectacle final pr\u00e9c\u00e9d\u00e9 tout au long de la manifestation par des tours de magie qui ont bluff\u00e9 les invit\u00e9s qui ont \u00e9t\u00e9 enchant\u00e9s ; &lt;&gt; d\u00e9clare Stefan Beese.<\/span><\/p>\n","protected":false},"excerpt":{"rendered":"<p>Le 21 juin 2012 EMZ le sp\u00e9cialiste en moteurs \u00e9lectriques a organis\u00e9 son Exposition \u00ab\u00a0Magie d&rsquo;Et\u00e9 EMZ\u00a0\u00bb dans les locaux de l&rsquo;entreprise \u00e0 Recklinghausen. Environ 250 invit\u00e9s ont particip\u00e9 \u00e0 cette manifestation pour en appr\u00e9cier d?int\u00e9ressantes pr\u00e9sentations techniques ainsi qu&rsquo;une exposition de divers \u00e9quipements et produits. Les visiteurs ont \u00e9t\u00e9 enchant\u00e9s par le magicien international&#8230;<\/p>\n","protected":false},"author":6,"featured_media":5266,"comment_status":"open","ping_status":"open","sticky":false,"template":"","format":"standard","meta":{"footnotes":""},"categories":[605],"tags":[789,606,787,790,788,633,688,786],"class_list":["post-4367","post","type-post","status-publish","format-standard","has-post-thumbnail","hentry","category-generalites","tag-60eme-anniversaire-dentreprise","tag-emz-fr","tag-expo-maison","tag-magicien-nicolai-friedrich","tag-magie-dete-emz","tag-recklinghausen-fr","tag-stefan-beese-fr","tag-succes"],"yoast_head":"<!-- This site is optimized with the Yoast SEO plugin v27.4 - https:\/\/yoast.com\/product\/yoast-seo-wordpress\/ -->\n<title>L&#039;Expo Maison EMZ a connu un beau succ\u00e8s | EMZ<\/title>\n<meta name=\"robots\" content=\"index, follow, max-snippet:-1, max-image-preview:large, max-video-preview:-1\" \/>\n<link rel=\"canonical\" href=\"https:\/\/www.emz.de\/fr\/generalites\/lexpo-maison-emz-a-connu-un-beau-succes\/\" \/>\n<meta property=\"og:locale\" content=\"fr_FR\" \/>\n<meta property=\"og:type\" content=\"article\" \/>\n<meta property=\"og:title\" content=\"L&#039;Expo Maison EMZ a connu un beau succ\u00e8s | EMZ\" \/>\n<meta property=\"og:description\" content=\"Le 21 juin 2012 EMZ le sp\u00e9cialiste en moteurs \u00e9lectriques a organis\u00e9 son Exposition \u00ab\u00a0Magie d&rsquo;Et\u00e9 EMZ\u00a0\u00bb dans les locaux de l&rsquo;entreprise \u00e0 Recklinghausen. Environ 250 invit\u00e9s ont particip\u00e9 \u00e0 cette manifestation pour en appr\u00e9cier d?int\u00e9ressantes pr\u00e9sentations techniques ainsi qu&rsquo;une exposition de divers \u00e9quipements et produits. Les visiteurs ont \u00e9t\u00e9 enchant\u00e9s par le magicien international...\" \/>\n<meta property=\"og:url\" content=\"https:\/\/www.emz.de\/fr\/generalites\/lexpo-maison-emz-a-connu-un-beau-succes\/\" \/>\n<meta property=\"og:site_name\" content=\"EMZ\" \/>\n<meta property=\"article:publisher\" content=\"https:\/\/www.facebook.com\/EMZdeutschland\" \/>\n<meta property=\"article:published_time\" content=\"2012-06-27T06:00:34+00:00\" \/>\n<meta property=\"og:image\" content=\"https:\/\/www.emz.de\/wp-content\/uploads\/2012\/06\/EMZ-News-Nachrichten_0000s_0048_20120627_Hausmesse-EMZ.jpg\" \/>\n\t<meta property=\"og:image:width\" content=\"1200\" \/>\n\t<meta property=\"og:image:height\" content=\"800\" \/>\n\t<meta property=\"og:image:type\" content=\"image\/jpeg\" \/>\n<meta name=\"author\" content=\"Azra Yelmen\" \/>\n<meta name=\"twitter:card\" content=\"summary_large_image\" \/>\n<script type=\"application\/ld+json\" class=\"yoast-schema-graph\">{\"@context\":\"https:\\\/\\\/schema.org\",\"@graph\":[{\"@type\":\"NewsArticle\",\"@id\":\"https:\\\/\\\/www.emz.de\\\/fr\\\/generalites\\\/lexpo-maison-emz-a-connu-un-beau-succes\\\/#article\",\"isPartOf\":{\"@id\":\"https:\\\/\\\/www.emz.de\\\/fr\\\/generalites\\\/lexpo-maison-emz-a-connu-un-beau-succes\\\/\"},\"author\":{\"name\":\"Azra Yelmen\",\"@id\":\"https:\\\/\\\/www.emz.de\\\/fr\\\/#\\\/schema\\\/person\\\/26f60b7d341bd325a1b226e6c0fa8f91\"},\"headline\":\"L&rsquo;Expo Maison EMZ a connu un beau succ\u00e8s\",\"datePublished\":\"2012-06-27T06:00:34+00:00\",\"mainEntityOfPage\":{\"@id\":\"https:\\\/\\\/www.emz.de\\\/fr\\\/generalites\\\/lexpo-maison-emz-a-connu-un-beau-succes\\\/\"},\"wordCount\":227,\"commentCount\":0,\"publisher\":{\"@id\":\"https:\\\/\\\/www.emz.de\\\/fr\\\/#organization\"},\"image\":{\"@id\":\"https:\\\/\\\/www.emz.de\\\/fr\\\/generalites\\\/lexpo-maison-emz-a-connu-un-beau-succes\\\/#primaryimage\"},\"thumbnailUrl\":\"https:\\\/\\\/www.emz.de\\\/wp-content\\\/uploads\\\/2012\\\/06\\\/EMZ-News-Nachrichten_0000s_0048_20120627_Hausmesse-EMZ.jpg\",\"keywords\":[\"60\u00e8me anniversaire d'entreprise\",\"emz\",\"Expo Maison\",\"magicien Nicolai Friedrich\",\"Magie d'Et\u00e9 EMZ\",\"Recklinghausen\",\"Stefan Beese\",\"succ\u00e8s\"],\"articleSection\":[\"GENERALITES\"],\"inLanguage\":\"fr-FR\",\"potentialAction\":[{\"@type\":\"CommentAction\",\"name\":\"Comment\",\"target\":[\"https:\\\/\\\/www.emz.de\\\/fr\\\/generalites\\\/lexpo-maison-emz-a-connu-un-beau-succes\\\/#respond\"]}]},{\"@type\":\"WebPage\",\"@id\":\"https:\\\/\\\/www.emz.de\\\/fr\\\/generalites\\\/lexpo-maison-emz-a-connu-un-beau-succes\\\/\",\"url\":\"https:\\\/\\\/www.emz.de\\\/fr\\\/generalites\\\/lexpo-maison-emz-a-connu-un-beau-succes\\\/\",\"name\":\"L'Expo Maison EMZ a connu un beau succ\u00e8s | EMZ\",\"isPartOf\":{\"@id\":\"https:\\\/\\\/www.emz.de\\\/fr\\\/#website\"},\"primaryImageOfPage\":{\"@id\":\"https:\\\/\\\/www.emz.de\\\/fr\\\/generalites\\\/lexpo-maison-emz-a-connu-un-beau-succes\\\/#primaryimage\"},\"image\":{\"@id\":\"https:\\\/\\\/www.emz.de\\\/fr\\\/generalites\\\/lexpo-maison-emz-a-connu-un-beau-succes\\\/#primaryimage\"},\"thumbnailUrl\":\"https:\\\/\\\/www.emz.de\\\/wp-content\\\/uploads\\\/2012\\\/06\\\/EMZ-News-Nachrichten_0000s_0048_20120627_Hausmesse-EMZ.jpg\",\"datePublished\":\"2012-06-27T06:00:34+00:00\",\"breadcrumb\":{\"@id\":\"https:\\\/\\\/www.emz.de\\\/fr\\\/generalites\\\/lexpo-maison-emz-a-connu-un-beau-succes\\\/#breadcrumb\"},\"inLanguage\":\"fr-FR\",\"potentialAction\":[{\"@type\":\"ReadAction\",\"target\":[\"https:\\\/\\\/www.emz.de\\\/fr\\\/generalites\\\/lexpo-maison-emz-a-connu-un-beau-succes\\\/\"]}]},{\"@type\":\"ImageObject\",\"inLanguage\":\"fr-FR\",\"@id\":\"https:\\\/\\\/www.emz.de\\\/fr\\\/generalites\\\/lexpo-maison-emz-a-connu-un-beau-succes\\\/#primaryimage\",\"url\":\"https:\\\/\\\/www.emz.de\\\/wp-content\\\/uploads\\\/2012\\\/06\\\/EMZ-News-Nachrichten_0000s_0048_20120627_Hausmesse-EMZ.jpg\",\"contentUrl\":\"https:\\\/\\\/www.emz.de\\\/wp-content\\\/uploads\\\/2012\\\/06\\\/EMZ-News-Nachrichten_0000s_0048_20120627_Hausmesse-EMZ.jpg\",\"width\":1200,\"height\":800},{\"@type\":\"BreadcrumbList\",\"@id\":\"https:\\\/\\\/www.emz.de\\\/fr\\\/generalites\\\/lexpo-maison-emz-a-connu-un-beau-succes\\\/#breadcrumb\",\"itemListElement\":[{\"@type\":\"ListItem\",\"position\":1,\"name\":\"Home\",\"item\":\"https:\\\/\\\/www.emz.de\\\/fr\\\/\"},{\"@type\":\"ListItem\",\"position\":2,\"name\":\"L&rsquo;Expo Maison EMZ a connu un beau succ\u00e8s\"}]},{\"@type\":\"WebSite\",\"@id\":\"https:\\\/\\\/www.emz.de\\\/fr\\\/#website\",\"url\":\"https:\\\/\\\/www.emz.de\\\/fr\\\/\",\"name\":\"EMZ Elektromotoren f\u00fcr Hochspannung und Niederspannung\",\"description\":\"Spezialist f\u00fcr elektrische Antriebstechnik\",\"publisher\":{\"@id\":\"https:\\\/\\\/www.emz.de\\\/fr\\\/#organization\"},\"alternateName\":\"EMZ\",\"potentialAction\":[{\"@type\":\"SearchAction\",\"target\":{\"@type\":\"EntryPoint\",\"urlTemplate\":\"https:\\\/\\\/www.emz.de\\\/fr\\\/?s={search_term_string}\"},\"query-input\":{\"@type\":\"PropertyValueSpecification\",\"valueRequired\":true,\"valueName\":\"search_term_string\"}}],\"inLanguage\":\"fr-FR\"},{\"@type\":\"Organization\",\"@id\":\"https:\\\/\\\/www.emz.de\\\/fr\\\/#organization\",\"name\":\"EMZ Elektro-Maschinen-Zentrale GmbH\",\"alternateName\":\"EMZ\",\"url\":\"https:\\\/\\\/www.emz.de\\\/fr\\\/\",\"logo\":{\"@type\":\"ImageObject\",\"inLanguage\":\"fr-FR\",\"@id\":\"https:\\\/\\\/www.emz.de\\\/fr\\\/#\\\/schema\\\/logo\\\/image\\\/\",\"url\":\"https:\\\/\\\/www.emz.de\\\/wp-content\\\/uploads\\\/2022\\\/07\\\/EMZ_Logo_RGB_mitClaim_Positiv_2-farbig_Hellblau-Dunkelblau.svg\",\"contentUrl\":\"https:\\\/\\\/www.emz.de\\\/wp-content\\\/uploads\\\/2022\\\/07\\\/EMZ_Logo_RGB_mitClaim_Positiv_2-farbig_Hellblau-Dunkelblau.svg\",\"width\":\"1024\",\"height\":\"1024\",\"caption\":\"EMZ Elektro-Maschinen-Zentrale GmbH\"},\"image\":{\"@id\":\"https:\\\/\\\/www.emz.de\\\/fr\\\/#\\\/schema\\\/logo\\\/image\\\/\"},\"sameAs\":[\"https:\\\/\\\/www.facebook.com\\\/EMZdeutschland\",\"https:\\\/\\\/www.linkedin.com\\\/company\\\/emz-elektro-maschinen-zentrale-gmbh\\\/?originalSubdomain=de\",\"https:\\\/\\\/www.youtube.com\\\/channel\\\/UCajQ_5Xm-hS2H16Liwf5UAQ\\\/featured\",\"https:\\\/\\\/www.xing.com\\\/pages\\\/emz-elektro-maschinen-zentrale-gmbh\"]},{\"@type\":\"Person\",\"@id\":\"https:\\\/\\\/www.emz.de\\\/fr\\\/#\\\/schema\\\/person\\\/26f60b7d341bd325a1b226e6c0fa8f91\",\"name\":\"Azra Yelmen\"}]}<\/script>\n<!-- \/ Yoast SEO plugin. -->","yoast_head_json":{"title":"L'Expo Maison EMZ a connu un beau succ\u00e8s | EMZ","robots":{"index":"index","follow":"follow","max-snippet":"max-snippet:-1","max-image-preview":"max-image-preview:large","max-video-preview":"max-video-preview:-1"},"canonical":"https:\/\/www.emz.de\/fr\/generalites\/lexpo-maison-emz-a-connu-un-beau-succes\/","og_locale":"fr_FR","og_type":"article","og_title":"L'Expo Maison EMZ a connu un beau succ\u00e8s | EMZ","og_description":"Le 21 juin 2012 EMZ le sp\u00e9cialiste en moteurs \u00e9lectriques a organis\u00e9 son Exposition \u00ab\u00a0Magie d&rsquo;Et\u00e9 EMZ\u00a0\u00bb dans les locaux de l&rsquo;entreprise \u00e0 Recklinghausen. Environ 250 invit\u00e9s ont particip\u00e9 \u00e0 cette manifestation pour en appr\u00e9cier d?int\u00e9ressantes pr\u00e9sentations techniques ainsi qu&rsquo;une exposition de divers \u00e9quipements et produits. Les visiteurs ont \u00e9t\u00e9 enchant\u00e9s par le magicien international...","og_url":"https:\/\/www.emz.de\/fr\/generalites\/lexpo-maison-emz-a-connu-un-beau-succes\/","og_site_name":"EMZ","article_publisher":"https:\/\/www.facebook.com\/EMZdeutschland","article_published_time":"2012-06-27T06:00:34+00:00","og_image":[{"width":1200,"height":800,"url":"https:\/\/www.emz.de\/wp-content\/uploads\/2012\/06\/EMZ-News-Nachrichten_0000s_0048_20120627_Hausmesse-EMZ.jpg","type":"image\/jpeg"}],"author":"Azra Yelmen","twitter_card":"summary_large_image","schema":{"@context":"https:\/\/schema.org","@graph":[{"@type":"NewsArticle","@id":"https:\/\/www.emz.de\/fr\/generalites\/lexpo-maison-emz-a-connu-un-beau-succes\/#article","isPartOf":{"@id":"https:\/\/www.emz.de\/fr\/generalites\/lexpo-maison-emz-a-connu-un-beau-succes\/"},"author":{"name":"Azra Yelmen","@id":"https:\/\/www.emz.de\/fr\/#\/schema\/person\/26f60b7d341bd325a1b226e6c0fa8f91"},"headline":"L&rsquo;Expo Maison EMZ a connu un beau succ\u00e8s","datePublished":"2012-06-27T06:00:34+00:00","mainEntityOfPage":{"@id":"https:\/\/www.emz.de\/fr\/generalites\/lexpo-maison-emz-a-connu-un-beau-succes\/"},"wordCount":227,"commentCount":0,"publisher":{"@id":"https:\/\/www.emz.de\/fr\/#organization"},"image":{"@id":"https:\/\/www.emz.de\/fr\/generalites\/lexpo-maison-emz-a-connu-un-beau-succes\/#primaryimage"},"thumbnailUrl":"https:\/\/www.emz.de\/wp-content\/uploads\/2012\/06\/EMZ-News-Nachrichten_0000s_0048_20120627_Hausmesse-EMZ.jpg","keywords":["60\u00e8me anniversaire d'entreprise","emz","Expo Maison","magicien Nicolai Friedrich","Magie d'Et\u00e9 EMZ","Recklinghausen","Stefan Beese","succ\u00e8s"],"articleSection":["GENERALITES"],"inLanguage":"fr-FR","potentialAction":[{"@type":"CommentAction","name":"Comment","target":["https:\/\/www.emz.de\/fr\/generalites\/lexpo-maison-emz-a-connu-un-beau-succes\/#respond"]}]},{"@type":"WebPage","@id":"https:\/\/www.emz.de\/fr\/generalites\/lexpo-maison-emz-a-connu-un-beau-succes\/","url":"https:\/\/www.emz.de\/fr\/generalites\/lexpo-maison-emz-a-connu-un-beau-succes\/","name":"L'Expo Maison EMZ a connu un beau succ\u00e8s | EMZ","isPartOf":{"@id":"https:\/\/www.emz.de\/fr\/#website"},"primaryImageOfPage":{"@id":"https:\/\/www.emz.de\/fr\/generalites\/lexpo-maison-emz-a-connu-un-beau-succes\/#primaryimage"},"image":{"@id":"https:\/\/www.emz.de\/fr\/generalites\/lexpo-maison-emz-a-connu-un-beau-succes\/#primaryimage"},"thumbnailUrl":"https:\/\/www.emz.de\/wp-content\/uploads\/2012\/06\/EMZ-News-Nachrichten_0000s_0048_20120627_Hausmesse-EMZ.jpg","datePublished":"2012-06-27T06:00:34+00:00","breadcrumb":{"@id":"https:\/\/www.emz.de\/fr\/generalites\/lexpo-maison-emz-a-connu-un-beau-succes\/#breadcrumb"},"inLanguage":"fr-FR","potentialAction":[{"@type":"ReadAction","target":["https:\/\/www.emz.de\/fr\/generalites\/lexpo-maison-emz-a-connu-un-beau-succes\/"]}]},{"@type":"ImageObject","inLanguage":"fr-FR","@id":"https:\/\/www.emz.de\/fr\/generalites\/lexpo-maison-emz-a-connu-un-beau-succes\/#primaryimage","url":"https:\/\/www.emz.de\/wp-content\/uploads\/2012\/06\/EMZ-News-Nachrichten_0000s_0048_20120627_Hausmesse-EMZ.jpg","contentUrl":"https:\/\/www.emz.de\/wp-content\/uploads\/2012\/06\/EMZ-News-Nachrichten_0000s_0048_20120627_Hausmesse-EMZ.jpg","width":1200,"height":800},{"@type":"BreadcrumbList","@id":"https:\/\/www.emz.de\/fr\/generalites\/lexpo-maison-emz-a-connu-un-beau-succes\/#breadcrumb","itemListElement":[{"@type":"ListItem","position":1,"name":"Home","item":"https:\/\/www.emz.de\/fr\/"},{"@type":"ListItem","position":2,"name":"L&rsquo;Expo Maison EMZ a connu un beau succ\u00e8s"}]},{"@type":"WebSite","@id":"https:\/\/www.emz.de\/fr\/#website","url":"https:\/\/www.emz.de\/fr\/","name":"EMZ Elektromotoren f\u00fcr Hochspannung und Niederspannung","description":"Spezialist f\u00fcr elektrische Antriebstechnik","publisher":{"@id":"https:\/\/www.emz.de\/fr\/#organization"},"alternateName":"EMZ","potentialAction":[{"@type":"SearchAction","target":{"@type":"EntryPoint","urlTemplate":"https:\/\/www.emz.de\/fr\/?s={search_term_string}"},"query-input":{"@type":"PropertyValueSpecification","valueRequired":true,"valueName":"search_term_string"}}],"inLanguage":"fr-FR"},{"@type":"Organization","@id":"https:\/\/www.emz.de\/fr\/#organization","name":"EMZ Elektro-Maschinen-Zentrale GmbH","alternateName":"EMZ","url":"https:\/\/www.emz.de\/fr\/","logo":{"@type":"ImageObject","inLanguage":"fr-FR","@id":"https:\/\/www.emz.de\/fr\/#\/schema\/logo\/image\/","url":"https:\/\/www.emz.de\/wp-content\/uploads\/2022\/07\/EMZ_Logo_RGB_mitClaim_Positiv_2-farbig_Hellblau-Dunkelblau.svg","contentUrl":"https:\/\/www.emz.de\/wp-content\/uploads\/2022\/07\/EMZ_Logo_RGB_mitClaim_Positiv_2-farbig_Hellblau-Dunkelblau.svg","width":"1024","height":"1024","caption":"EMZ Elektro-Maschinen-Zentrale GmbH"},"image":{"@id":"https:\/\/www.emz.de\/fr\/#\/schema\/logo\/image\/"},"sameAs":["https:\/\/www.facebook.com\/EMZdeutschland","https:\/\/www.linkedin.com\/company\/emz-elektro-maschinen-zentrale-gmbh\/?originalSubdomain=de","https:\/\/www.youtube.com\/channel\/UCajQ_5Xm-hS2H16Liwf5UAQ\/featured","https:\/\/www.xing.com\/pages\/emz-elektro-maschinen-zentrale-gmbh"]},{"@type":"Person","@id":"https:\/\/www.emz.de\/fr\/#\/schema\/person\/26f60b7d341bd325a1b226e6c0fa8f91","name":"Azra Yelmen"}]}},"_links":{"self":[{"href":"https:\/\/www.emz.de\/fr\/wp-json\/wp\/v2\/posts\/4367","targetHints":{"allow":["GET"]}}],"collection":[{"href":"https:\/\/www.emz.de\/fr\/wp-json\/wp\/v2\/posts"}],"about":[{"href":"https:\/\/www.emz.de\/fr\/wp-json\/wp\/v2\/types\/post"}],"author":[{"embeddable":true,"href":"https:\/\/www.emz.de\/fr\/wp-json\/wp\/v2\/users\/6"}],"replies":[{"embeddable":true,"href":"https:\/\/www.emz.de\/fr\/wp-json\/wp\/v2\/comments?post=4367"}],"version-history":[{"count":0,"href":"https:\/\/www.emz.de\/fr\/wp-json\/wp\/v2\/posts\/4367\/revisions"}],"wp:featuredmedia":[{"embeddable":true,"href":"https:\/\/www.emz.de\/fr\/wp-json\/wp\/v2\/media\/5266"}],"wp:attachment":[{"href":"https:\/\/www.emz.de\/fr\/wp-json\/wp\/v2\/media?parent=4367"}],"wp:term":[{"taxonomy":"category","embeddable":true,"href":"https:\/\/www.emz.de\/fr\/wp-json\/wp\/v2\/categories?post=4367"},{"taxonomy":"post_tag","embeddable":true,"href":"https:\/\/www.emz.de\/fr\/wp-json\/wp\/v2\/tags?post=4367"}],"curies":[{"name":"wp","href":"https:\/\/api.w.org\/{rel}","templated":true}]}}