{"id":4368,"date":"2012-04-13T08:00:19","date_gmt":"2012-04-13T06:00:19","guid":{"rendered":"https:\/\/staging.emz.de\/non-classifiee\/emz-inaugure-un-nouveau-bureau-datelier\/"},"modified":"2012-04-13T08:00:19","modified_gmt":"2012-04-13T06:00:19","slug":"emz-inaugure-un-nouveau-bureau-datelier","status":"publish","type":"post","link":"https:\/\/www.emz.de\/fr\/generalites\/emz-inaugure-un-nouveau-bureau-datelier\/","title":{"rendered":"EMZ inaugure un nouveau Bureau d&rsquo;Atelier"},"content":{"rendered":"<p><span style=\"color: #ffffff;\">Apr\u00e8s une phase de construction de deux mois, EMZ inaugure un Bureau d&rsquo;Atelier, Neuf et Moderne.<\/span><\/p>\n<p><span style=\"color: #ffffff;\">Dans ce grand bureau de type paysager, tout est organis\u00e9 pour une communication optimale; des salles s\u00e9par\u00e9es peuvent servir pour des r\u00e9unions et permettent \u00e9galement de s&rsquo;isoler ponctuellement.<\/span><\/p>\n<p><span style=\"color: #ffffff;\">Ce nouvel ensemble s&rsquo;\u00e9tend sur une surface de 120 m2 et est directement attenant aux halls de production de EMZ.<\/span><\/p>\n<p><span style=\"color: #ffffff;\">\u00ab Gr\u00e2ce au nouveau bureau nous profitons de circuits de communication optimis\u00e9s et avons un acc\u00e8s direct \u00e0 notre Equipe de Production \u00bb Dirk Recksiek chef du Sce Production &amp; Services de EMZ.<\/span><\/p>\n","protected":false},"excerpt":{"rendered":"<p>Apr\u00e8s une phase de construction de deux mois, EMZ inaugure un Bureau d&rsquo;Atelier, Neuf et Moderne. Dans ce grand bureau de type paysager, tout est organis\u00e9 pour une communication optimale; des salles s\u00e9par\u00e9es peuvent servir pour des r\u00e9unions et permettent \u00e9galement de s&rsquo;isoler ponctuellement. Ce nouvel ensemble s&rsquo;\u00e9tend sur une surface de 120 m2 et&#8230;<\/p>\n","protected":false},"author":6,"featured_media":5263,"comment_status":"open","ping_status":"open","sticky":false,"template":"","format":"standard","meta":{"footnotes":""},"categories":[605],"tags":[791,792,793,606],"class_list":["post-4368","post","type-post","status-publish","format-standard","has-post-thumbnail","hentry","category-generalites","tag-bureau-datelier","tag-communication-fr","tag-dirk-recksiek-fr","tag-emz-fr"],"yoast_head":"<!-- This site is optimized with the Yoast SEO plugin v27.4 - https:\/\/yoast.com\/product\/yoast-seo-wordpress\/ -->\n<title>EMZ inaugure un nouveau Bureau d&#039;Atelier | EMZ<\/title>\n<meta name=\"robots\" content=\"index, follow, max-snippet:-1, max-image-preview:large, max-video-preview:-1\" \/>\n<link rel=\"canonical\" href=\"https:\/\/www.emz.de\/fr\/generalites\/emz-inaugure-un-nouveau-bureau-datelier\/\" \/>\n<meta property=\"og:locale\" content=\"fr_FR\" \/>\n<meta property=\"og:type\" content=\"article\" \/>\n<meta property=\"og:title\" content=\"EMZ inaugure un nouveau Bureau d&#039;Atelier | EMZ\" \/>\n<meta property=\"og:description\" content=\"Apr\u00e8s une phase de construction de deux mois, EMZ inaugure un Bureau d&rsquo;Atelier, Neuf et Moderne. Dans ce grand bureau de type paysager, tout est organis\u00e9 pour une communication optimale; des salles s\u00e9par\u00e9es peuvent servir pour des r\u00e9unions et permettent \u00e9galement de s&rsquo;isoler ponctuellement. Ce nouvel ensemble s&rsquo;\u00e9tend sur une surface de 120 m2 et...\" \/>\n<meta property=\"og:url\" content=\"https:\/\/www.emz.de\/fr\/generalites\/emz-inaugure-un-nouveau-bureau-datelier\/\" \/>\n<meta property=\"og:site_name\" content=\"EMZ\" \/>\n<meta property=\"article:publisher\" content=\"https:\/\/www.facebook.com\/EMZdeutschland\" \/>\n<meta property=\"article:published_time\" content=\"2012-04-13T06:00:19+00:00\" \/>\n<meta property=\"og:image\" content=\"https:\/\/www.emz.de\/wp-content\/uploads\/2012\/04\/EMZ-News-Nachrichten_0000s_0049_20120413_Servicebuero.jpg\" \/>\n\t<meta property=\"og:image:width\" content=\"1200\" \/>\n\t<meta property=\"og:image:height\" content=\"800\" \/>\n\t<meta property=\"og:image:type\" content=\"image\/jpeg\" \/>\n<meta name=\"author\" content=\"Azra Yelmen\" \/>\n<meta name=\"twitter:card\" content=\"summary_large_image\" \/>\n<script type=\"application\/ld+json\" class=\"yoast-schema-graph\">{\"@context\":\"https:\\\/\\\/schema.org\",\"@graph\":[{\"@type\":\"NewsArticle\",\"@id\":\"https:\\\/\\\/www.emz.de\\\/fr\\\/generalites\\\/emz-inaugure-un-nouveau-bureau-datelier\\\/#article\",\"isPartOf\":{\"@id\":\"https:\\\/\\\/www.emz.de\\\/fr\\\/generalites\\\/emz-inaugure-un-nouveau-bureau-datelier\\\/\"},\"author\":{\"name\":\"Azra Yelmen\",\"@id\":\"https:\\\/\\\/www.emz.de\\\/fr\\\/#\\\/schema\\\/person\\\/26f60b7d341bd325a1b226e6c0fa8f91\"},\"headline\":\"EMZ inaugure un nouveau Bureau d&rsquo;Atelier\",\"datePublished\":\"2012-04-13T06:00:19+00:00\",\"mainEntityOfPage\":{\"@id\":\"https:\\\/\\\/www.emz.de\\\/fr\\\/generalites\\\/emz-inaugure-un-nouveau-bureau-datelier\\\/\"},\"wordCount\":110,\"commentCount\":0,\"publisher\":{\"@id\":\"https:\\\/\\\/www.emz.de\\\/fr\\\/#organization\"},\"image\":{\"@id\":\"https:\\\/\\\/www.emz.de\\\/fr\\\/generalites\\\/emz-inaugure-un-nouveau-bureau-datelier\\\/#primaryimage\"},\"thumbnailUrl\":\"https:\\\/\\\/www.emz.de\\\/wp-content\\\/uploads\\\/2012\\\/04\\\/EMZ-News-Nachrichten_0000s_0049_20120413_Servicebuero.jpg\",\"keywords\":[\"Bureau d'Atelier\",\"communication\",\"Dirk Recksiek\",\"emz\"],\"articleSection\":[\"GENERALITES\"],\"inLanguage\":\"fr-FR\",\"potentialAction\":[{\"@type\":\"CommentAction\",\"name\":\"Comment\",\"target\":[\"https:\\\/\\\/www.emz.de\\\/fr\\\/generalites\\\/emz-inaugure-un-nouveau-bureau-datelier\\\/#respond\"]}]},{\"@type\":\"WebPage\",\"@id\":\"https:\\\/\\\/www.emz.de\\\/fr\\\/generalites\\\/emz-inaugure-un-nouveau-bureau-datelier\\\/\",\"url\":\"https:\\\/\\\/www.emz.de\\\/fr\\\/generalites\\\/emz-inaugure-un-nouveau-bureau-datelier\\\/\",\"name\":\"EMZ inaugure un nouveau Bureau d'Atelier | EMZ\",\"isPartOf\":{\"@id\":\"https:\\\/\\\/www.emz.de\\\/fr\\\/#website\"},\"primaryImageOfPage\":{\"@id\":\"https:\\\/\\\/www.emz.de\\\/fr\\\/generalites\\\/emz-inaugure-un-nouveau-bureau-datelier\\\/#primaryimage\"},\"image\":{\"@id\":\"https:\\\/\\\/www.emz.de\\\/fr\\\/generalites\\\/emz-inaugure-un-nouveau-bureau-datelier\\\/#primaryimage\"},\"thumbnailUrl\":\"https:\\\/\\\/www.emz.de\\\/wp-content\\\/uploads\\\/2012\\\/04\\\/EMZ-News-Nachrichten_0000s_0049_20120413_Servicebuero.jpg\",\"datePublished\":\"2012-04-13T06:00:19+00:00\",\"breadcrumb\":{\"@id\":\"https:\\\/\\\/www.emz.de\\\/fr\\\/generalites\\\/emz-inaugure-un-nouveau-bureau-datelier\\\/#breadcrumb\"},\"inLanguage\":\"fr-FR\",\"potentialAction\":[{\"@type\":\"ReadAction\",\"target\":[\"https:\\\/\\\/www.emz.de\\\/fr\\\/generalites\\\/emz-inaugure-un-nouveau-bureau-datelier\\\/\"]}]},{\"@type\":\"ImageObject\",\"inLanguage\":\"fr-FR\",\"@id\":\"https:\\\/\\\/www.emz.de\\\/fr\\\/generalites\\\/emz-inaugure-un-nouveau-bureau-datelier\\\/#primaryimage\",\"url\":\"https:\\\/\\\/www.emz.de\\\/wp-content\\\/uploads\\\/2012\\\/04\\\/EMZ-News-Nachrichten_0000s_0049_20120413_Servicebuero.jpg\",\"contentUrl\":\"https:\\\/\\\/www.emz.de\\\/wp-content\\\/uploads\\\/2012\\\/04\\\/EMZ-News-Nachrichten_0000s_0049_20120413_Servicebuero.jpg\",\"width\":1200,\"height\":800},{\"@type\":\"BreadcrumbList\",\"@id\":\"https:\\\/\\\/www.emz.de\\\/fr\\\/generalites\\\/emz-inaugure-un-nouveau-bureau-datelier\\\/#breadcrumb\",\"itemListElement\":[{\"@type\":\"ListItem\",\"position\":1,\"name\":\"Home\",\"item\":\"https:\\\/\\\/www.emz.de\\\/fr\\\/\"},{\"@type\":\"ListItem\",\"position\":2,\"name\":\"EMZ inaugure un nouveau Bureau d&rsquo;Atelier\"}]},{\"@type\":\"WebSite\",\"@id\":\"https:\\\/\\\/www.emz.de\\\/fr\\\/#website\",\"url\":\"https:\\\/\\\/www.emz.de\\\/fr\\\/\",\"name\":\"EMZ Elektromotoren f\u00fcr Hochspannung und Niederspannung\",\"description\":\"Spezialist f\u00fcr elektrische Antriebstechnik\",\"publisher\":{\"@id\":\"https:\\\/\\\/www.emz.de\\\/fr\\\/#organization\"},\"alternateName\":\"EMZ\",\"potentialAction\":[{\"@type\":\"SearchAction\",\"target\":{\"@type\":\"EntryPoint\",\"urlTemplate\":\"https:\\\/\\\/www.emz.de\\\/fr\\\/?s={search_term_string}\"},\"query-input\":{\"@type\":\"PropertyValueSpecification\",\"valueRequired\":true,\"valueName\":\"search_term_string\"}}],\"inLanguage\":\"fr-FR\"},{\"@type\":\"Organization\",\"@id\":\"https:\\\/\\\/www.emz.de\\\/fr\\\/#organization\",\"name\":\"EMZ Elektro-Maschinen-Zentrale GmbH\",\"alternateName\":\"EMZ\",\"url\":\"https:\\\/\\\/www.emz.de\\\/fr\\\/\",\"logo\":{\"@type\":\"ImageObject\",\"inLanguage\":\"fr-FR\",\"@id\":\"https:\\\/\\\/www.emz.de\\\/fr\\\/#\\\/schema\\\/logo\\\/image\\\/\",\"url\":\"https:\\\/\\\/www.emz.de\\\/wp-content\\\/uploads\\\/2022\\\/07\\\/EMZ_Logo_RGB_mitClaim_Positiv_2-farbig_Hellblau-Dunkelblau.svg\",\"contentUrl\":\"https:\\\/\\\/www.emz.de\\\/wp-content\\\/uploads\\\/2022\\\/07\\\/EMZ_Logo_RGB_mitClaim_Positiv_2-farbig_Hellblau-Dunkelblau.svg\",\"width\":\"1024\",\"height\":\"1024\",\"caption\":\"EMZ Elektro-Maschinen-Zentrale GmbH\"},\"image\":{\"@id\":\"https:\\\/\\\/www.emz.de\\\/fr\\\/#\\\/schema\\\/logo\\\/image\\\/\"},\"sameAs\":[\"https:\\\/\\\/www.facebook.com\\\/EMZdeutschland\",\"https:\\\/\\\/www.linkedin.com\\\/company\\\/emz-elektro-maschinen-zentrale-gmbh\\\/?originalSubdomain=de\",\"https:\\\/\\\/www.youtube.com\\\/channel\\\/UCajQ_5Xm-hS2H16Liwf5UAQ\\\/featured\",\"https:\\\/\\\/www.xing.com\\\/pages\\\/emz-elektro-maschinen-zentrale-gmbh\"]},{\"@type\":\"Person\",\"@id\":\"https:\\\/\\\/www.emz.de\\\/fr\\\/#\\\/schema\\\/person\\\/26f60b7d341bd325a1b226e6c0fa8f91\",\"name\":\"Azra Yelmen\"}]}<\/script>\n<!-- \/ Yoast SEO plugin. -->","yoast_head_json":{"title":"EMZ inaugure un nouveau Bureau d'Atelier | EMZ","robots":{"index":"index","follow":"follow","max-snippet":"max-snippet:-1","max-image-preview":"max-image-preview:large","max-video-preview":"max-video-preview:-1"},"canonical":"https:\/\/www.emz.de\/fr\/generalites\/emz-inaugure-un-nouveau-bureau-datelier\/","og_locale":"fr_FR","og_type":"article","og_title":"EMZ inaugure un nouveau Bureau d'Atelier | EMZ","og_description":"Apr\u00e8s une phase de construction de deux mois, EMZ inaugure un Bureau d&rsquo;Atelier, Neuf et Moderne. Dans ce grand bureau de type paysager, tout est organis\u00e9 pour une communication optimale; des salles s\u00e9par\u00e9es peuvent servir pour des r\u00e9unions et permettent \u00e9galement de s&rsquo;isoler ponctuellement. Ce nouvel ensemble s&rsquo;\u00e9tend sur une surface de 120 m2 et...","og_url":"https:\/\/www.emz.de\/fr\/generalites\/emz-inaugure-un-nouveau-bureau-datelier\/","og_site_name":"EMZ","article_publisher":"https:\/\/www.facebook.com\/EMZdeutschland","article_published_time":"2012-04-13T06:00:19+00:00","og_image":[{"width":1200,"height":800,"url":"https:\/\/www.emz.de\/wp-content\/uploads\/2012\/04\/EMZ-News-Nachrichten_0000s_0049_20120413_Servicebuero.jpg","type":"image\/jpeg"}],"author":"Azra Yelmen","twitter_card":"summary_large_image","schema":{"@context":"https:\/\/schema.org","@graph":[{"@type":"NewsArticle","@id":"https:\/\/www.emz.de\/fr\/generalites\/emz-inaugure-un-nouveau-bureau-datelier\/#article","isPartOf":{"@id":"https:\/\/www.emz.de\/fr\/generalites\/emz-inaugure-un-nouveau-bureau-datelier\/"},"author":{"name":"Azra Yelmen","@id":"https:\/\/www.emz.de\/fr\/#\/schema\/person\/26f60b7d341bd325a1b226e6c0fa8f91"},"headline":"EMZ inaugure un nouveau Bureau d&rsquo;Atelier","datePublished":"2012-04-13T06:00:19+00:00","mainEntityOfPage":{"@id":"https:\/\/www.emz.de\/fr\/generalites\/emz-inaugure-un-nouveau-bureau-datelier\/"},"wordCount":110,"commentCount":0,"publisher":{"@id":"https:\/\/www.emz.de\/fr\/#organization"},"image":{"@id":"https:\/\/www.emz.de\/fr\/generalites\/emz-inaugure-un-nouveau-bureau-datelier\/#primaryimage"},"thumbnailUrl":"https:\/\/www.emz.de\/wp-content\/uploads\/2012\/04\/EMZ-News-Nachrichten_0000s_0049_20120413_Servicebuero.jpg","keywords":["Bureau d'Atelier","communication","Dirk Recksiek","emz"],"articleSection":["GENERALITES"],"inLanguage":"fr-FR","potentialAction":[{"@type":"CommentAction","name":"Comment","target":["https:\/\/www.emz.de\/fr\/generalites\/emz-inaugure-un-nouveau-bureau-datelier\/#respond"]}]},{"@type":"WebPage","@id":"https:\/\/www.emz.de\/fr\/generalites\/emz-inaugure-un-nouveau-bureau-datelier\/","url":"https:\/\/www.emz.de\/fr\/generalites\/emz-inaugure-un-nouveau-bureau-datelier\/","name":"EMZ inaugure un nouveau Bureau d'Atelier | EMZ","isPartOf":{"@id":"https:\/\/www.emz.de\/fr\/#website"},"primaryImageOfPage":{"@id":"https:\/\/www.emz.de\/fr\/generalites\/emz-inaugure-un-nouveau-bureau-datelier\/#primaryimage"},"image":{"@id":"https:\/\/www.emz.de\/fr\/generalites\/emz-inaugure-un-nouveau-bureau-datelier\/#primaryimage"},"thumbnailUrl":"https:\/\/www.emz.de\/wp-content\/uploads\/2012\/04\/EMZ-News-Nachrichten_0000s_0049_20120413_Servicebuero.jpg","datePublished":"2012-04-13T06:00:19+00:00","breadcrumb":{"@id":"https:\/\/www.emz.de\/fr\/generalites\/emz-inaugure-un-nouveau-bureau-datelier\/#breadcrumb"},"inLanguage":"fr-FR","potentialAction":[{"@type":"ReadAction","target":["https:\/\/www.emz.de\/fr\/generalites\/emz-inaugure-un-nouveau-bureau-datelier\/"]}]},{"@type":"ImageObject","inLanguage":"fr-FR","@id":"https:\/\/www.emz.de\/fr\/generalites\/emz-inaugure-un-nouveau-bureau-datelier\/#primaryimage","url":"https:\/\/www.emz.de\/wp-content\/uploads\/2012\/04\/EMZ-News-Nachrichten_0000s_0049_20120413_Servicebuero.jpg","contentUrl":"https:\/\/www.emz.de\/wp-content\/uploads\/2012\/04\/EMZ-News-Nachrichten_0000s_0049_20120413_Servicebuero.jpg","width":1200,"height":800},{"@type":"BreadcrumbList","@id":"https:\/\/www.emz.de\/fr\/generalites\/emz-inaugure-un-nouveau-bureau-datelier\/#breadcrumb","itemListElement":[{"@type":"ListItem","position":1,"name":"Home","item":"https:\/\/www.emz.de\/fr\/"},{"@type":"ListItem","position":2,"name":"EMZ inaugure un nouveau Bureau d&rsquo;Atelier"}]},{"@type":"WebSite","@id":"https:\/\/www.emz.de\/fr\/#website","url":"https:\/\/www.emz.de\/fr\/","name":"EMZ Elektromotoren f\u00fcr Hochspannung und Niederspannung","description":"Spezialist f\u00fcr elektrische Antriebstechnik","publisher":{"@id":"https:\/\/www.emz.de\/fr\/#organization"},"alternateName":"EMZ","potentialAction":[{"@type":"SearchAction","target":{"@type":"EntryPoint","urlTemplate":"https:\/\/www.emz.de\/fr\/?s={search_term_string}"},"query-input":{"@type":"PropertyValueSpecification","valueRequired":true,"valueName":"search_term_string"}}],"inLanguage":"fr-FR"},{"@type":"Organization","@id":"https:\/\/www.emz.de\/fr\/#organization","name":"EMZ Elektro-Maschinen-Zentrale GmbH","alternateName":"EMZ","url":"https:\/\/www.emz.de\/fr\/","logo":{"@type":"ImageObject","inLanguage":"fr-FR","@id":"https:\/\/www.emz.de\/fr\/#\/schema\/logo\/image\/","url":"https:\/\/www.emz.de\/wp-content\/uploads\/2022\/07\/EMZ_Logo_RGB_mitClaim_Positiv_2-farbig_Hellblau-Dunkelblau.svg","contentUrl":"https:\/\/www.emz.de\/wp-content\/uploads\/2022\/07\/EMZ_Logo_RGB_mitClaim_Positiv_2-farbig_Hellblau-Dunkelblau.svg","width":"1024","height":"1024","caption":"EMZ Elektro-Maschinen-Zentrale GmbH"},"image":{"@id":"https:\/\/www.emz.de\/fr\/#\/schema\/logo\/image\/"},"sameAs":["https:\/\/www.facebook.com\/EMZdeutschland","https:\/\/www.linkedin.com\/company\/emz-elektro-maschinen-zentrale-gmbh\/?originalSubdomain=de","https:\/\/www.youtube.com\/channel\/UCajQ_5Xm-hS2H16Liwf5UAQ\/featured","https:\/\/www.xing.com\/pages\/emz-elektro-maschinen-zentrale-gmbh"]},{"@type":"Person","@id":"https:\/\/www.emz.de\/fr\/#\/schema\/person\/26f60b7d341bd325a1b226e6c0fa8f91","name":"Azra Yelmen"}]}},"_links":{"self":[{"href":"https:\/\/www.emz.de\/fr\/wp-json\/wp\/v2\/posts\/4368","targetHints":{"allow":["GET"]}}],"collection":[{"href":"https:\/\/www.emz.de\/fr\/wp-json\/wp\/v2\/posts"}],"about":[{"href":"https:\/\/www.emz.de\/fr\/wp-json\/wp\/v2\/types\/post"}],"author":[{"embeddable":true,"href":"https:\/\/www.emz.de\/fr\/wp-json\/wp\/v2\/users\/6"}],"replies":[{"embeddable":true,"href":"https:\/\/www.emz.de\/fr\/wp-json\/wp\/v2\/comments?post=4368"}],"version-history":[{"count":0,"href":"https:\/\/www.emz.de\/fr\/wp-json\/wp\/v2\/posts\/4368\/revisions"}],"wp:featuredmedia":[{"embeddable":true,"href":"https:\/\/www.emz.de\/fr\/wp-json\/wp\/v2\/media\/5263"}],"wp:attachment":[{"href":"https:\/\/www.emz.de\/fr\/wp-json\/wp\/v2\/media?parent=4368"}],"wp:term":[{"taxonomy":"category","embeddable":true,"href":"https:\/\/www.emz.de\/fr\/wp-json\/wp\/v2\/categories?post=4368"},{"taxonomy":"post_tag","embeddable":true,"href":"https:\/\/www.emz.de\/fr\/wp-json\/wp\/v2\/tags?post=4368"}],"curies":[{"name":"wp","href":"https:\/\/api.w.org\/{rel}","templated":true}]}}