{"id":4619,"date":"2016-08-01T08:00:41","date_gmt":"2016-08-01T06:00:41","guid":{"rendered":"https:\/\/staging.emz.de\/non-classifiee\/reconstruction-dun-moteur-de-1700-kw-de-conception-speciale\/"},"modified":"2022-11-17T16:12:58","modified_gmt":"2022-11-17T15:12:58","slug":"reconstruction-dun-moteur-de-1700-kw-de-conception-speciale","status":"publish","type":"post","link":"https:\/\/www.emz.de\/fr\/non-classifiee\/reconstruction-dun-moteur-de-1700-kw-de-conception-speciale\/","title":{"rendered":"Reconstruction d&rsquo;un moteur de 1700 kW de conception sp\u00e9ciale"},"content":{"rendered":"<section class=\"l-section wpb_row us_custom_16c2598e height_small\"><div class=\"l-section-h i-cf\"><div class=\"g-cols vc_row via_grid cols_1 laptops-cols_inherit tablets-cols_inherit mobiles-cols_1 valign_top type_default stacking_default\"><div class=\"wpb_column vc_column_container\"><div class=\"vc_column-inner\"><div class=\"wpb_text_column us_custom_3383afc0 has_text_color us_animate_this\"><div class=\"wpb_wrapper\"><h2 class=\"tec-data\">Moteur triphas\u00e9 haute tension \u00e0 rotor bobin\u00e9:<\/h2>\n<\/div><\/div><div class=\"wpb_text_column us_custom_7a813ff1 has_text_color us_animate_this\"><div class=\"wpb_wrapper\"><h3 class=\"tec-data-content\">Marque: EMZ | Puissance: 1.700 kW | Tension: 10.000 V | Vitesse: 995 t\/min. | Type de protection: IP23 | Type de refroidissement: IC31 | Poids: 8.600 kg<\/h3>\n<\/div><\/div><\/div><\/div><\/div><\/div><\/section><section class=\"l-section wpb_row height_small\"><div class=\"l-section-h i-cf\"><div class=\"g-cols vc_row via_grid cols_1 laptops-cols_inherit tablets-cols_inherit mobiles-cols_1 valign_top type_default stacking_default\"><div class=\"wpb_column vc_column_container\"><div class=\"vc_column-inner\"><div class=\"wpb_text_column us_custom_8b3d6790 has_text_color\"><div class=\"wpb_wrapper\"><p>EMZ a d\u00e9velopp\u00e9 la r\u00e9plique d\u2019un moteur , vieux de plus de 40 ans. Ce mod\u00e8le de r\u00e9serve pour 3 entra\u00eenements de broyeurs \u00e0 boulets est destin\u00e9 \u00e0 une cimenterie allemande. Du point de vue \u00e9lectrique et m\u00e9canique, le moteur de 1 700 kW a \u00e9t\u00e9 reconstruit \u00e0 l&rsquo;identique pour \u00eatre mont\u00e9 par le client sur les ch\u00e2ssis d&rsquo;origine encastr\u00e9s dans le b\u00e9ton.<\/p>\n<\/div><\/div><\/div><\/div><\/div><\/div><\/section>\n","protected":false},"excerpt":{"rendered":"Moteur triphas\u00e9 haute tension \u00e0 rotor bobin\u00e9: Marque: EMZ | Puissance: 1.700 kW | Tension: 10.000 V | Vitesse: 995 t\/min. | Type de protection: IP23 | Type de refroidissement: IC31 | Poids: 8.600 kg EMZ a d\u00e9velopp\u00e9 la r\u00e9plique d\u2019un moteur , vieux de plus de 40 ans. Ce mod\u00e8le de r\u00e9serve pour 3...","protected":false},"author":6,"featured_media":0,"comment_status":"closed","ping_status":"open","sticky":false,"template":"","format":"standard","meta":{"footnotes":""},"categories":[],"tags":[756,646,606,903,952,896],"class_list":["post-4619","post","type-post","status-publish","format-standard","hentry","tag-allemagne","tag-cimenterie","tag-emz-fr","tag-modele-special","tag-moteur-de-1-700-kw","tag-moteur-triphase-a-bagues"],"yoast_head":"<!-- This site is optimized with the Yoast SEO plugin v27.4 - https:\/\/yoast.com\/product\/yoast-seo-wordpress\/ -->\n<title>Reconstruction d&#039;un moteur de 1700 kW de conception sp\u00e9ciale | EMZ<\/title>\n<meta name=\"robots\" content=\"index, follow, max-snippet:-1, max-image-preview:large, max-video-preview:-1\" \/>\n<link rel=\"canonical\" href=\"https:\/\/www.emz.de\/fr\/non-classifiee\/reconstruction-dun-moteur-de-1700-kw-de-conception-speciale\/\" \/>\n<meta property=\"og:locale\" content=\"fr_FR\" \/>\n<meta property=\"og:type\" content=\"article\" \/>\n<meta property=\"og:title\" content=\"Reconstruction d&#039;un moteur de 1700 kW de conception sp\u00e9ciale | EMZ\" \/>\n<meta property=\"og:url\" content=\"https:\/\/www.emz.de\/fr\/non-classifiee\/reconstruction-dun-moteur-de-1700-kw-de-conception-speciale\/\" \/>\n<meta property=\"og:site_name\" content=\"EMZ\" \/>\n<meta property=\"article:publisher\" content=\"https:\/\/www.facebook.com\/EMZdeutschland\" \/>\n<meta property=\"article:published_time\" content=\"2016-08-01T06:00:41+00:00\" \/>\n<meta property=\"article:modified_time\" content=\"2022-11-17T15:12:58+00:00\" \/>\n<meta property=\"og:image\" content=\"https:\/\/www.emz.de\/wp-content\/uploads\/2022\/11\/EMZ-elektro-Maschinen-Zentrale-social.jpg\" \/>\n\t<meta property=\"og:image:width\" content=\"1200\" \/>\n\t<meta property=\"og:image:height\" content=\"630\" \/>\n\t<meta property=\"og:image:type\" content=\"image\/jpeg\" \/>\n<meta name=\"author\" content=\"Azra Yelmen\" \/>\n<meta name=\"twitter:card\" content=\"summary_large_image\" \/>\n<script type=\"application\/ld+json\" class=\"yoast-schema-graph\">{\"@context\":\"https:\\\/\\\/schema.org\",\"@graph\":[{\"@type\":\"NewsArticle\",\"@id\":\"https:\\\/\\\/www.emz.de\\\/fr\\\/non-classifiee\\\/reconstruction-dun-moteur-de-1700-kw-de-conception-speciale\\\/#article\",\"isPartOf\":{\"@id\":\"https:\\\/\\\/www.emz.de\\\/fr\\\/non-classifiee\\\/reconstruction-dun-moteur-de-1700-kw-de-conception-speciale\\\/\"},\"author\":{\"name\":\"Azra Yelmen\",\"@id\":\"https:\\\/\\\/www.emz.de\\\/fr\\\/#\\\/schema\\\/person\\\/26f60b7d341bd325a1b226e6c0fa8f91\"},\"headline\":\"Reconstruction d&rsquo;un moteur de 1700 kW de conception sp\u00e9ciale\",\"datePublished\":\"2016-08-01T06:00:41+00:00\",\"dateModified\":\"2022-11-17T15:12:58+00:00\",\"mainEntityOfPage\":{\"@id\":\"https:\\\/\\\/www.emz.de\\\/fr\\\/non-classifiee\\\/reconstruction-dun-moteur-de-1700-kw-de-conception-speciale\\\/\"},\"wordCount\":233,\"publisher\":{\"@id\":\"https:\\\/\\\/www.emz.de\\\/fr\\\/#organization\"},\"keywords\":[\"Allemagne\",\"cimenterie\",\"emz\",\"mod\u00e8le sp\u00e9cial\",\"moteur de 1 700 kW\",\"moteur triphas\u00e9 \u00e0 bagues\"],\"inLanguage\":\"fr-FR\"},{\"@type\":\"WebPage\",\"@id\":\"https:\\\/\\\/www.emz.de\\\/fr\\\/non-classifiee\\\/reconstruction-dun-moteur-de-1700-kw-de-conception-speciale\\\/\",\"url\":\"https:\\\/\\\/www.emz.de\\\/fr\\\/non-classifiee\\\/reconstruction-dun-moteur-de-1700-kw-de-conception-speciale\\\/\",\"name\":\"Reconstruction d'un moteur de 1700 kW de conception sp\u00e9ciale | EMZ\",\"isPartOf\":{\"@id\":\"https:\\\/\\\/www.emz.de\\\/fr\\\/#website\"},\"datePublished\":\"2016-08-01T06:00:41+00:00\",\"dateModified\":\"2022-11-17T15:12:58+00:00\",\"breadcrumb\":{\"@id\":\"https:\\\/\\\/www.emz.de\\\/fr\\\/non-classifiee\\\/reconstruction-dun-moteur-de-1700-kw-de-conception-speciale\\\/#breadcrumb\"},\"inLanguage\":\"fr-FR\",\"potentialAction\":[{\"@type\":\"ReadAction\",\"target\":[\"https:\\\/\\\/www.emz.de\\\/fr\\\/non-classifiee\\\/reconstruction-dun-moteur-de-1700-kw-de-conception-speciale\\\/\"]}]},{\"@type\":\"BreadcrumbList\",\"@id\":\"https:\\\/\\\/www.emz.de\\\/fr\\\/non-classifiee\\\/reconstruction-dun-moteur-de-1700-kw-de-conception-speciale\\\/#breadcrumb\",\"itemListElement\":[{\"@type\":\"ListItem\",\"position\":1,\"name\":\"Home\",\"item\":\"https:\\\/\\\/www.emz.de\\\/fr\\\/\"},{\"@type\":\"ListItem\",\"position\":2,\"name\":\"Reconstruction d&rsquo;un moteur de 1700 kW de conception sp\u00e9ciale\"}]},{\"@type\":\"WebSite\",\"@id\":\"https:\\\/\\\/www.emz.de\\\/fr\\\/#website\",\"url\":\"https:\\\/\\\/www.emz.de\\\/fr\\\/\",\"name\":\"EMZ Elektromotoren f\u00fcr Hochspannung und Niederspannung\",\"description\":\"Spezialist f\u00fcr elektrische Antriebstechnik\",\"publisher\":{\"@id\":\"https:\\\/\\\/www.emz.de\\\/fr\\\/#organization\"},\"alternateName\":\"EMZ\",\"potentialAction\":[{\"@type\":\"SearchAction\",\"target\":{\"@type\":\"EntryPoint\",\"urlTemplate\":\"https:\\\/\\\/www.emz.de\\\/fr\\\/?s={search_term_string}\"},\"query-input\":{\"@type\":\"PropertyValueSpecification\",\"valueRequired\":true,\"valueName\":\"search_term_string\"}}],\"inLanguage\":\"fr-FR\"},{\"@type\":\"Organization\",\"@id\":\"https:\\\/\\\/www.emz.de\\\/fr\\\/#organization\",\"name\":\"EMZ Elektro-Maschinen-Zentrale GmbH\",\"alternateName\":\"EMZ\",\"url\":\"https:\\\/\\\/www.emz.de\\\/fr\\\/\",\"logo\":{\"@type\":\"ImageObject\",\"inLanguage\":\"fr-FR\",\"@id\":\"https:\\\/\\\/www.emz.de\\\/fr\\\/#\\\/schema\\\/logo\\\/image\\\/\",\"url\":\"https:\\\/\\\/www.emz.de\\\/wp-content\\\/uploads\\\/2022\\\/07\\\/EMZ_Logo_RGB_mitClaim_Positiv_2-farbig_Hellblau-Dunkelblau.svg\",\"contentUrl\":\"https:\\\/\\\/www.emz.de\\\/wp-content\\\/uploads\\\/2022\\\/07\\\/EMZ_Logo_RGB_mitClaim_Positiv_2-farbig_Hellblau-Dunkelblau.svg\",\"width\":\"1024\",\"height\":\"1024\",\"caption\":\"EMZ Elektro-Maschinen-Zentrale GmbH\"},\"image\":{\"@id\":\"https:\\\/\\\/www.emz.de\\\/fr\\\/#\\\/schema\\\/logo\\\/image\\\/\"},\"sameAs\":[\"https:\\\/\\\/www.facebook.com\\\/EMZdeutschland\",\"https:\\\/\\\/www.linkedin.com\\\/company\\\/emz-elektro-maschinen-zentrale-gmbh\\\/?originalSubdomain=de\",\"https:\\\/\\\/www.youtube.com\\\/channel\\\/UCajQ_5Xm-hS2H16Liwf5UAQ\\\/featured\",\"https:\\\/\\\/www.xing.com\\\/pages\\\/emz-elektro-maschinen-zentrale-gmbh\"]},{\"@type\":\"Person\",\"@id\":\"https:\\\/\\\/www.emz.de\\\/fr\\\/#\\\/schema\\\/person\\\/26f60b7d341bd325a1b226e6c0fa8f91\",\"name\":\"Azra Yelmen\"}]}<\/script>\n<!-- \/ Yoast SEO plugin. -->","yoast_head_json":{"title":"Reconstruction d'un moteur de 1700 kW de conception sp\u00e9ciale | EMZ","robots":{"index":"index","follow":"follow","max-snippet":"max-snippet:-1","max-image-preview":"max-image-preview:large","max-video-preview":"max-video-preview:-1"},"canonical":"https:\/\/www.emz.de\/fr\/non-classifiee\/reconstruction-dun-moteur-de-1700-kw-de-conception-speciale\/","og_locale":"fr_FR","og_type":"article","og_title":"Reconstruction d'un moteur de 1700 kW de conception sp\u00e9ciale | EMZ","og_url":"https:\/\/www.emz.de\/fr\/non-classifiee\/reconstruction-dun-moteur-de-1700-kw-de-conception-speciale\/","og_site_name":"EMZ","article_publisher":"https:\/\/www.facebook.com\/EMZdeutschland","article_published_time":"2016-08-01T06:00:41+00:00","article_modified_time":"2022-11-17T15:12:58+00:00","og_image":[{"width":1200,"height":630,"url":"https:\/\/www.emz.de\/wp-content\/uploads\/2022\/11\/EMZ-elektro-Maschinen-Zentrale-social.jpg","type":"image\/jpeg"}],"author":"Azra Yelmen","twitter_card":"summary_large_image","schema":{"@context":"https:\/\/schema.org","@graph":[{"@type":"NewsArticle","@id":"https:\/\/www.emz.de\/fr\/non-classifiee\/reconstruction-dun-moteur-de-1700-kw-de-conception-speciale\/#article","isPartOf":{"@id":"https:\/\/www.emz.de\/fr\/non-classifiee\/reconstruction-dun-moteur-de-1700-kw-de-conception-speciale\/"},"author":{"name":"Azra Yelmen","@id":"https:\/\/www.emz.de\/fr\/#\/schema\/person\/26f60b7d341bd325a1b226e6c0fa8f91"},"headline":"Reconstruction d&rsquo;un moteur de 1700 kW de conception sp\u00e9ciale","datePublished":"2016-08-01T06:00:41+00:00","dateModified":"2022-11-17T15:12:58+00:00","mainEntityOfPage":{"@id":"https:\/\/www.emz.de\/fr\/non-classifiee\/reconstruction-dun-moteur-de-1700-kw-de-conception-speciale\/"},"wordCount":233,"publisher":{"@id":"https:\/\/www.emz.de\/fr\/#organization"},"keywords":["Allemagne","cimenterie","emz","mod\u00e8le sp\u00e9cial","moteur de 1 700 kW","moteur triphas\u00e9 \u00e0 bagues"],"inLanguage":"fr-FR"},{"@type":"WebPage","@id":"https:\/\/www.emz.de\/fr\/non-classifiee\/reconstruction-dun-moteur-de-1700-kw-de-conception-speciale\/","url":"https:\/\/www.emz.de\/fr\/non-classifiee\/reconstruction-dun-moteur-de-1700-kw-de-conception-speciale\/","name":"Reconstruction d'un moteur de 1700 kW de conception sp\u00e9ciale | EMZ","isPartOf":{"@id":"https:\/\/www.emz.de\/fr\/#website"},"datePublished":"2016-08-01T06:00:41+00:00","dateModified":"2022-11-17T15:12:58+00:00","breadcrumb":{"@id":"https:\/\/www.emz.de\/fr\/non-classifiee\/reconstruction-dun-moteur-de-1700-kw-de-conception-speciale\/#breadcrumb"},"inLanguage":"fr-FR","potentialAction":[{"@type":"ReadAction","target":["https:\/\/www.emz.de\/fr\/non-classifiee\/reconstruction-dun-moteur-de-1700-kw-de-conception-speciale\/"]}]},{"@type":"BreadcrumbList","@id":"https:\/\/www.emz.de\/fr\/non-classifiee\/reconstruction-dun-moteur-de-1700-kw-de-conception-speciale\/#breadcrumb","itemListElement":[{"@type":"ListItem","position":1,"name":"Home","item":"https:\/\/www.emz.de\/fr\/"},{"@type":"ListItem","position":2,"name":"Reconstruction d&rsquo;un moteur de 1700 kW de conception sp\u00e9ciale"}]},{"@type":"WebSite","@id":"https:\/\/www.emz.de\/fr\/#website","url":"https:\/\/www.emz.de\/fr\/","name":"EMZ Elektromotoren f\u00fcr Hochspannung und Niederspannung","description":"Spezialist f\u00fcr elektrische Antriebstechnik","publisher":{"@id":"https:\/\/www.emz.de\/fr\/#organization"},"alternateName":"EMZ","potentialAction":[{"@type":"SearchAction","target":{"@type":"EntryPoint","urlTemplate":"https:\/\/www.emz.de\/fr\/?s={search_term_string}"},"query-input":{"@type":"PropertyValueSpecification","valueRequired":true,"valueName":"search_term_string"}}],"inLanguage":"fr-FR"},{"@type":"Organization","@id":"https:\/\/www.emz.de\/fr\/#organization","name":"EMZ Elektro-Maschinen-Zentrale GmbH","alternateName":"EMZ","url":"https:\/\/www.emz.de\/fr\/","logo":{"@type":"ImageObject","inLanguage":"fr-FR","@id":"https:\/\/www.emz.de\/fr\/#\/schema\/logo\/image\/","url":"https:\/\/www.emz.de\/wp-content\/uploads\/2022\/07\/EMZ_Logo_RGB_mitClaim_Positiv_2-farbig_Hellblau-Dunkelblau.svg","contentUrl":"https:\/\/www.emz.de\/wp-content\/uploads\/2022\/07\/EMZ_Logo_RGB_mitClaim_Positiv_2-farbig_Hellblau-Dunkelblau.svg","width":"1024","height":"1024","caption":"EMZ Elektro-Maschinen-Zentrale GmbH"},"image":{"@id":"https:\/\/www.emz.de\/fr\/#\/schema\/logo\/image\/"},"sameAs":["https:\/\/www.facebook.com\/EMZdeutschland","https:\/\/www.linkedin.com\/company\/emz-elektro-maschinen-zentrale-gmbh\/?originalSubdomain=de","https:\/\/www.youtube.com\/channel\/UCajQ_5Xm-hS2H16Liwf5UAQ\/featured","https:\/\/www.xing.com\/pages\/emz-elektro-maschinen-zentrale-gmbh"]},{"@type":"Person","@id":"https:\/\/www.emz.de\/fr\/#\/schema\/person\/26f60b7d341bd325a1b226e6c0fa8f91","name":"Azra Yelmen"}]}},"_links":{"self":[{"href":"https:\/\/www.emz.de\/fr\/wp-json\/wp\/v2\/posts\/4619","targetHints":{"allow":["GET"]}}],"collection":[{"href":"https:\/\/www.emz.de\/fr\/wp-json\/wp\/v2\/posts"}],"about":[{"href":"https:\/\/www.emz.de\/fr\/wp-json\/wp\/v2\/types\/post"}],"author":[{"embeddable":true,"href":"https:\/\/www.emz.de\/fr\/wp-json\/wp\/v2\/users\/6"}],"replies":[{"embeddable":true,"href":"https:\/\/www.emz.de\/fr\/wp-json\/wp\/v2\/comments?post=4619"}],"version-history":[{"count":2,"href":"https:\/\/www.emz.de\/fr\/wp-json\/wp\/v2\/posts\/4619\/revisions"}],"predecessor-version":[{"id":4621,"href":"https:\/\/www.emz.de\/fr\/wp-json\/wp\/v2\/posts\/4619\/revisions\/4621"}],"wp:attachment":[{"href":"https:\/\/www.emz.de\/fr\/wp-json\/wp\/v2\/media?parent=4619"}],"wp:term":[{"taxonomy":"category","embeddable":true,"href":"https:\/\/www.emz.de\/fr\/wp-json\/wp\/v2\/categories?post=4619"},{"taxonomy":"post_tag","embeddable":true,"href":"https:\/\/www.emz.de\/fr\/wp-json\/wp\/v2\/tags?post=4619"}],"curies":[{"name":"wp","href":"https:\/\/api.w.org\/{rel}","templated":true}]}}