{"id":7257,"date":"2023-05-23T12:00:20","date_gmt":"2023-05-23T10:00:20","guid":{"rendered":"https:\/\/www.emz.de\/generalites\/broyeur-allemagne-copy\/"},"modified":"2023-10-17T15:38:37","modified_gmt":"2023-10-17T13:38:37","slug":"course-dentreprise-a-oer-erkenschwick-en-2023","status":"publish","type":"post","link":"https:\/\/www.emz.de\/fr\/generalites\/course-dentreprise-a-oer-erkenschwick-en-2023\/","title":{"rendered":"Course d&rsquo;entreprise \u00e0 Oer-Erkenschwick en 2023: EMZ Allemagne se mobilise"},"content":{"rendered":"<section class=\"l-section wpb_row us_custom_16c2598e height_small\"><div class=\"l-section-h i-cf\"><div class=\"g-cols vc_row via_grid cols_1 laptops-cols_inherit tablets-cols_inherit mobiles-cols_1 valign_top type_default stacking_default\"><div class=\"wpb_column vc_column_container\"><div class=\"vc_column-inner\"><div class=\"wpb_text_column us_custom_3383afc0 has_text_color us_animate_this\"><div class=\"wpb_wrapper\"><p>Le 1er juin 2023, le coup d\u2019envoi de la course annuelle de l\u2019AOK sur le site de la mine Ewald \u00e0 Oer-Erkenschwick a \u00e9t\u00e9 donn\u00e9 \u00e0 19 heures pr\u00e9cises. Au total, dix membres de l\u2019\u00e9quipe EMZ Allemagne ont particip\u00e9 \u00e0 trois \u00e9quipes et ont rapidement couru ou march\u00e9 pour parcourir la distance de 5,2 km sous le magnifique soleil couchant, sous les applaudissements de nombreux Oer-Erkenschwicker.<\/p>\n<p>La performance de l\u2019\u00e9quipe EMZ Runners I, avec 27 sur 60 au classement g\u00e9n\u00e9ral des hommes, a \u00e9t\u00e9 particuli\u00e8rement r\u00e9jouissante. F\u00e9licitations \u00e0 notre coureur pro, Marco Schmidt, qui s\u2019est m\u00eame class\u00e9 dans le top 100 des hommes en individuel!<\/p>\n<p>Apr\u00e8s le succ\u00e8s de la course, la directrice g\u00e9n\u00e9rale Deniz Beese a annonc\u00e9 une autre bonne nouvelle avec une bi\u00e8re fra\u00eeche sans alcool dans une ambiance conviviale\u00a0: pour chaque kilom\u00e8tre parcouru, l&rsquo;EMZ fait un don de 5,20 \u20ac \u00e0 l&rsquo;association \u00ab\u00a0Hilfe f\u00fcr verletzte Kinder-Seelen\u00a0\u00bb (Aide pour les \u00e2mes d&rsquo;enfants bless\u00e9s), fond\u00e9e en 2017 \u00e0 Recklinghausen &#8211; arrondi \u00e0 l&rsquo;unit\u00e9 sup\u00e9rieure, ce don s&rsquo;\u00e9l\u00e8ve \u00e0 300 EUR. Pour en savoir plus sur le pr\u00e9cieux travail de l\u2019association\u00a0: https:\/\/www.verletzten-kinderseelen-helfen.de\/<\/p>\n<p>La course d\u2019entreprise AOK 2023 n\u2019\u00e9tait donc pas seulement un \u00e9v\u00e9nement sportif, mais aussi un moment o\u00f9 EMZ GmbH a pu exprimer sa culture d\u2019entreprise et ses valeurs. Gr\u00e2ce \u00e0 l\u2019excellente performance sportive et \u00e0 la collecte de fonds qui en a r\u00e9sult\u00e9, notre \u00e9quipe a prouv\u00e9 que non seulement nous r\u00e9ussissons dans le monde de la technologie d\u2019entra\u00eenement \u00e9lectrique, mais que nous consid\u00e9rons \u00e9galement comme tout aussi important, apporter une contribution positive et pr\u00e9cieuse \u00e0 la soci\u00e9t\u00e9.<\/p>\n<p>Apr\u00e8s cet \u00e9v\u00e9nement formidable et amusant, l&rsquo;avis \u00e9tait unanime au sein de l&rsquo;\u00e9quipe : : apr\u00e8s la course, c\u2019est avant la course &#8211; et la roue de la machine de planification de l\u2019EMZ tourne donc \u00e0 nouveau tr\u00e8s bient\u00f4t !<\/p>\n<\/div><\/div><\/div><\/div><\/div><\/div><\/section>\n","protected":false},"excerpt":{"rendered":"Le 1er juin 2023, le coup d\u2019envoi de la course annuelle de l\u2019AOK sur le site de la mine Ewald \u00e0 Oer-Erkenschwick a \u00e9t\u00e9 donn\u00e9 \u00e0 19 heures pr\u00e9cises. Au total, dix membres de l\u2019\u00e9quipe EMZ Allemagne ont particip\u00e9 \u00e0 trois \u00e9quipes et ont rapidement couru ou march\u00e9 pour parcourir la distance de 5,2 km...","protected":false},"author":14,"featured_media":7000,"comment_status":"open","ping_status":"open","sticky":false,"template":"","format":"standard","meta":{"footnotes":""},"categories":[605],"tags":[],"class_list":["post-7257","post","type-post","status-publish","format-standard","has-post-thumbnail","hentry","category-generalites"],"yoast_head":"<!-- This site is optimized with the Yoast SEO plugin v27.4 - https:\/\/yoast.com\/product\/yoast-seo-wordpress\/ -->\n<title>Course d&#039;entreprise \u00e0 Oer-Erkenschwick en 2023: EMZ Allemagne se mobilise | EMZ<\/title>\n<meta name=\"robots\" content=\"index, follow, max-snippet:-1, max-image-preview:large, max-video-preview:-1\" \/>\n<link rel=\"canonical\" href=\"https:\/\/www.emz.de\/fr\/generalites\/course-dentreprise-a-oer-erkenschwick-en-2023\/\" \/>\n<meta property=\"og:locale\" content=\"fr_FR\" \/>\n<meta property=\"og:type\" content=\"article\" \/>\n<meta property=\"og:title\" content=\"Course d&#039;entreprise \u00e0 Oer-Erkenschwick en 2023: EMZ Allemagne se mobilise | EMZ\" \/>\n<meta property=\"og:url\" content=\"https:\/\/www.emz.de\/fr\/generalites\/course-dentreprise-a-oer-erkenschwick-en-2023\/\" \/>\n<meta property=\"og:site_name\" content=\"EMZ\" \/>\n<meta property=\"article:publisher\" content=\"https:\/\/www.facebook.com\/EMZdeutschland\" \/>\n<meta property=\"article:published_time\" content=\"2023-05-23T10:00:20+00:00\" \/>\n<meta property=\"article:modified_time\" content=\"2023-10-17T13:38:37+00:00\" \/>\n<meta property=\"og:image\" content=\"https:\/\/www.emz.de\/wp-content\/uploads\/2023\/06\/IMG_www.emz_.de_-e1697549259892.jpg\" \/>\n\t<meta property=\"og:image:width\" content=\"1247\" \/>\n\t<meta property=\"og:image:height\" content=\"980\" \/>\n\t<meta property=\"og:image:type\" content=\"image\/jpeg\" \/>\n<meta name=\"author\" content=\"Carolin H\u00fcbner\" \/>\n<meta name=\"twitter:card\" content=\"summary_large_image\" \/>\n<script type=\"application\/ld+json\" class=\"yoast-schema-graph\">{\"@context\":\"https:\\\/\\\/schema.org\",\"@graph\":[{\"@type\":\"NewsArticle\",\"@id\":\"https:\\\/\\\/www.emz.de\\\/fr\\\/generalites\\\/course-dentreprise-a-oer-erkenschwick-en-2023\\\/#article\",\"isPartOf\":{\"@id\":\"https:\\\/\\\/www.emz.de\\\/fr\\\/generalites\\\/course-dentreprise-a-oer-erkenschwick-en-2023\\\/\"},\"author\":{\"name\":\"Carolin H\u00fcbner\",\"@id\":\"https:\\\/\\\/www.emz.de\\\/fr\\\/#\\\/schema\\\/person\\\/dd3eb90e869d965b225c561188c3a8b5\"},\"headline\":\"Course d&rsquo;entreprise \u00e0 Oer-Erkenschwick en 2023: EMZ Allemagne se mobilise\",\"datePublished\":\"2023-05-23T10:00:20+00:00\",\"dateModified\":\"2023-10-17T13:38:37+00:00\",\"mainEntityOfPage\":{\"@id\":\"https:\\\/\\\/www.emz.de\\\/fr\\\/generalites\\\/course-dentreprise-a-oer-erkenschwick-en-2023\\\/\"},\"wordCount\":419,\"commentCount\":0,\"publisher\":{\"@id\":\"https:\\\/\\\/www.emz.de\\\/fr\\\/#organization\"},\"image\":{\"@id\":\"https:\\\/\\\/www.emz.de\\\/fr\\\/generalites\\\/course-dentreprise-a-oer-erkenschwick-en-2023\\\/#primaryimage\"},\"thumbnailUrl\":\"https:\\\/\\\/www.emz.de\\\/wp-content\\\/uploads\\\/2023\\\/06\\\/IMG_www.emz_.de_-e1697549259892.jpg\",\"articleSection\":[\"GENERALITES\"],\"inLanguage\":\"fr-FR\",\"potentialAction\":[{\"@type\":\"CommentAction\",\"name\":\"Comment\",\"target\":[\"https:\\\/\\\/www.emz.de\\\/fr\\\/generalites\\\/course-dentreprise-a-oer-erkenschwick-en-2023\\\/#respond\"]}]},{\"@type\":\"WebPage\",\"@id\":\"https:\\\/\\\/www.emz.de\\\/fr\\\/generalites\\\/course-dentreprise-a-oer-erkenschwick-en-2023\\\/\",\"url\":\"https:\\\/\\\/www.emz.de\\\/fr\\\/generalites\\\/course-dentreprise-a-oer-erkenschwick-en-2023\\\/\",\"name\":\"Course d'entreprise \u00e0 Oer-Erkenschwick en 2023: EMZ Allemagne se mobilise | EMZ\",\"isPartOf\":{\"@id\":\"https:\\\/\\\/www.emz.de\\\/fr\\\/#website\"},\"primaryImageOfPage\":{\"@id\":\"https:\\\/\\\/www.emz.de\\\/fr\\\/generalites\\\/course-dentreprise-a-oer-erkenschwick-en-2023\\\/#primaryimage\"},\"image\":{\"@id\":\"https:\\\/\\\/www.emz.de\\\/fr\\\/generalites\\\/course-dentreprise-a-oer-erkenschwick-en-2023\\\/#primaryimage\"},\"thumbnailUrl\":\"https:\\\/\\\/www.emz.de\\\/wp-content\\\/uploads\\\/2023\\\/06\\\/IMG_www.emz_.de_-e1697549259892.jpg\",\"datePublished\":\"2023-05-23T10:00:20+00:00\",\"dateModified\":\"2023-10-17T13:38:37+00:00\",\"breadcrumb\":{\"@id\":\"https:\\\/\\\/www.emz.de\\\/fr\\\/generalites\\\/course-dentreprise-a-oer-erkenschwick-en-2023\\\/#breadcrumb\"},\"inLanguage\":\"fr-FR\",\"potentialAction\":[{\"@type\":\"ReadAction\",\"target\":[\"https:\\\/\\\/www.emz.de\\\/fr\\\/generalites\\\/course-dentreprise-a-oer-erkenschwick-en-2023\\\/\"]}]},{\"@type\":\"ImageObject\",\"inLanguage\":\"fr-FR\",\"@id\":\"https:\\\/\\\/www.emz.de\\\/fr\\\/generalites\\\/course-dentreprise-a-oer-erkenschwick-en-2023\\\/#primaryimage\",\"url\":\"https:\\\/\\\/www.emz.de\\\/wp-content\\\/uploads\\\/2023\\\/06\\\/IMG_www.emz_.de_-e1697549259892.jpg\",\"contentUrl\":\"https:\\\/\\\/www.emz.de\\\/wp-content\\\/uploads\\\/2023\\\/06\\\/IMG_www.emz_.de_-e1697549259892.jpg\",\"width\":1247,\"height\":980},{\"@type\":\"BreadcrumbList\",\"@id\":\"https:\\\/\\\/www.emz.de\\\/fr\\\/generalites\\\/course-dentreprise-a-oer-erkenschwick-en-2023\\\/#breadcrumb\",\"itemListElement\":[{\"@type\":\"ListItem\",\"position\":1,\"name\":\"Home\",\"item\":\"https:\\\/\\\/www.emz.de\\\/fr\\\/\"},{\"@type\":\"ListItem\",\"position\":2,\"name\":\"Course d&#8217;entreprise \u00e0 Oer-Erkenschwick en 2023: EMZ Allemagne se mobilise\"}]},{\"@type\":\"WebSite\",\"@id\":\"https:\\\/\\\/www.emz.de\\\/fr\\\/#website\",\"url\":\"https:\\\/\\\/www.emz.de\\\/fr\\\/\",\"name\":\"EMZ Elektromotoren f\u00fcr Hochspannung und Niederspannung\",\"description\":\"Spezialist f\u00fcr elektrische Antriebstechnik\",\"publisher\":{\"@id\":\"https:\\\/\\\/www.emz.de\\\/fr\\\/#organization\"},\"alternateName\":\"EMZ\",\"potentialAction\":[{\"@type\":\"SearchAction\",\"target\":{\"@type\":\"EntryPoint\",\"urlTemplate\":\"https:\\\/\\\/www.emz.de\\\/fr\\\/?s={search_term_string}\"},\"query-input\":{\"@type\":\"PropertyValueSpecification\",\"valueRequired\":true,\"valueName\":\"search_term_string\"}}],\"inLanguage\":\"fr-FR\"},{\"@type\":\"Organization\",\"@id\":\"https:\\\/\\\/www.emz.de\\\/fr\\\/#organization\",\"name\":\"EMZ Elektro-Maschinen-Zentrale GmbH\",\"alternateName\":\"EMZ\",\"url\":\"https:\\\/\\\/www.emz.de\\\/fr\\\/\",\"logo\":{\"@type\":\"ImageObject\",\"inLanguage\":\"fr-FR\",\"@id\":\"https:\\\/\\\/www.emz.de\\\/fr\\\/#\\\/schema\\\/logo\\\/image\\\/\",\"url\":\"https:\\\/\\\/www.emz.de\\\/wp-content\\\/uploads\\\/2022\\\/07\\\/EMZ_Logo_RGB_mitClaim_Positiv_2-farbig_Hellblau-Dunkelblau.svg\",\"contentUrl\":\"https:\\\/\\\/www.emz.de\\\/wp-content\\\/uploads\\\/2022\\\/07\\\/EMZ_Logo_RGB_mitClaim_Positiv_2-farbig_Hellblau-Dunkelblau.svg\",\"width\":\"1024\",\"height\":\"1024\",\"caption\":\"EMZ Elektro-Maschinen-Zentrale GmbH\"},\"image\":{\"@id\":\"https:\\\/\\\/www.emz.de\\\/fr\\\/#\\\/schema\\\/logo\\\/image\\\/\"},\"sameAs\":[\"https:\\\/\\\/www.facebook.com\\\/EMZdeutschland\",\"https:\\\/\\\/www.linkedin.com\\\/company\\\/emz-elektro-maschinen-zentrale-gmbh\\\/?originalSubdomain=de\",\"https:\\\/\\\/www.youtube.com\\\/channel\\\/UCajQ_5Xm-hS2H16Liwf5UAQ\\\/featured\",\"https:\\\/\\\/www.xing.com\\\/pages\\\/emz-elektro-maschinen-zentrale-gmbh\"]},{\"@type\":\"Person\",\"@id\":\"https:\\\/\\\/www.emz.de\\\/fr\\\/#\\\/schema\\\/person\\\/dd3eb90e869d965b225c561188c3a8b5\",\"name\":\"Carolin H\u00fcbner\"}]}<\/script>\n<!-- \/ Yoast SEO plugin. -->","yoast_head_json":{"title":"Course d'entreprise \u00e0 Oer-Erkenschwick en 2023: EMZ Allemagne se mobilise | EMZ","robots":{"index":"index","follow":"follow","max-snippet":"max-snippet:-1","max-image-preview":"max-image-preview:large","max-video-preview":"max-video-preview:-1"},"canonical":"https:\/\/www.emz.de\/fr\/generalites\/course-dentreprise-a-oer-erkenschwick-en-2023\/","og_locale":"fr_FR","og_type":"article","og_title":"Course d'entreprise \u00e0 Oer-Erkenschwick en 2023: EMZ Allemagne se mobilise | EMZ","og_url":"https:\/\/www.emz.de\/fr\/generalites\/course-dentreprise-a-oer-erkenschwick-en-2023\/","og_site_name":"EMZ","article_publisher":"https:\/\/www.facebook.com\/EMZdeutschland","article_published_time":"2023-05-23T10:00:20+00:00","article_modified_time":"2023-10-17T13:38:37+00:00","og_image":[{"width":1247,"height":980,"url":"https:\/\/www.emz.de\/wp-content\/uploads\/2023\/06\/IMG_www.emz_.de_-e1697549259892.jpg","type":"image\/jpeg"}],"author":"Carolin H\u00fcbner","twitter_card":"summary_large_image","schema":{"@context":"https:\/\/schema.org","@graph":[{"@type":"NewsArticle","@id":"https:\/\/www.emz.de\/fr\/generalites\/course-dentreprise-a-oer-erkenschwick-en-2023\/#article","isPartOf":{"@id":"https:\/\/www.emz.de\/fr\/generalites\/course-dentreprise-a-oer-erkenschwick-en-2023\/"},"author":{"name":"Carolin H\u00fcbner","@id":"https:\/\/www.emz.de\/fr\/#\/schema\/person\/dd3eb90e869d965b225c561188c3a8b5"},"headline":"Course d&rsquo;entreprise \u00e0 Oer-Erkenschwick en 2023: EMZ Allemagne se mobilise","datePublished":"2023-05-23T10:00:20+00:00","dateModified":"2023-10-17T13:38:37+00:00","mainEntityOfPage":{"@id":"https:\/\/www.emz.de\/fr\/generalites\/course-dentreprise-a-oer-erkenschwick-en-2023\/"},"wordCount":419,"commentCount":0,"publisher":{"@id":"https:\/\/www.emz.de\/fr\/#organization"},"image":{"@id":"https:\/\/www.emz.de\/fr\/generalites\/course-dentreprise-a-oer-erkenschwick-en-2023\/#primaryimage"},"thumbnailUrl":"https:\/\/www.emz.de\/wp-content\/uploads\/2023\/06\/IMG_www.emz_.de_-e1697549259892.jpg","articleSection":["GENERALITES"],"inLanguage":"fr-FR","potentialAction":[{"@type":"CommentAction","name":"Comment","target":["https:\/\/www.emz.de\/fr\/generalites\/course-dentreprise-a-oer-erkenschwick-en-2023\/#respond"]}]},{"@type":"WebPage","@id":"https:\/\/www.emz.de\/fr\/generalites\/course-dentreprise-a-oer-erkenschwick-en-2023\/","url":"https:\/\/www.emz.de\/fr\/generalites\/course-dentreprise-a-oer-erkenschwick-en-2023\/","name":"Course d'entreprise \u00e0 Oer-Erkenschwick en 2023: EMZ Allemagne se mobilise | EMZ","isPartOf":{"@id":"https:\/\/www.emz.de\/fr\/#website"},"primaryImageOfPage":{"@id":"https:\/\/www.emz.de\/fr\/generalites\/course-dentreprise-a-oer-erkenschwick-en-2023\/#primaryimage"},"image":{"@id":"https:\/\/www.emz.de\/fr\/generalites\/course-dentreprise-a-oer-erkenschwick-en-2023\/#primaryimage"},"thumbnailUrl":"https:\/\/www.emz.de\/wp-content\/uploads\/2023\/06\/IMG_www.emz_.de_-e1697549259892.jpg","datePublished":"2023-05-23T10:00:20+00:00","dateModified":"2023-10-17T13:38:37+00:00","breadcrumb":{"@id":"https:\/\/www.emz.de\/fr\/generalites\/course-dentreprise-a-oer-erkenschwick-en-2023\/#breadcrumb"},"inLanguage":"fr-FR","potentialAction":[{"@type":"ReadAction","target":["https:\/\/www.emz.de\/fr\/generalites\/course-dentreprise-a-oer-erkenschwick-en-2023\/"]}]},{"@type":"ImageObject","inLanguage":"fr-FR","@id":"https:\/\/www.emz.de\/fr\/generalites\/course-dentreprise-a-oer-erkenschwick-en-2023\/#primaryimage","url":"https:\/\/www.emz.de\/wp-content\/uploads\/2023\/06\/IMG_www.emz_.de_-e1697549259892.jpg","contentUrl":"https:\/\/www.emz.de\/wp-content\/uploads\/2023\/06\/IMG_www.emz_.de_-e1697549259892.jpg","width":1247,"height":980},{"@type":"BreadcrumbList","@id":"https:\/\/www.emz.de\/fr\/generalites\/course-dentreprise-a-oer-erkenschwick-en-2023\/#breadcrumb","itemListElement":[{"@type":"ListItem","position":1,"name":"Home","item":"https:\/\/www.emz.de\/fr\/"},{"@type":"ListItem","position":2,"name":"Course d&#8217;entreprise \u00e0 Oer-Erkenschwick en 2023: EMZ Allemagne se mobilise"}]},{"@type":"WebSite","@id":"https:\/\/www.emz.de\/fr\/#website","url":"https:\/\/www.emz.de\/fr\/","name":"EMZ Elektromotoren f\u00fcr Hochspannung und Niederspannung","description":"Spezialist f\u00fcr elektrische Antriebstechnik","publisher":{"@id":"https:\/\/www.emz.de\/fr\/#organization"},"alternateName":"EMZ","potentialAction":[{"@type":"SearchAction","target":{"@type":"EntryPoint","urlTemplate":"https:\/\/www.emz.de\/fr\/?s={search_term_string}"},"query-input":{"@type":"PropertyValueSpecification","valueRequired":true,"valueName":"search_term_string"}}],"inLanguage":"fr-FR"},{"@type":"Organization","@id":"https:\/\/www.emz.de\/fr\/#organization","name":"EMZ Elektro-Maschinen-Zentrale GmbH","alternateName":"EMZ","url":"https:\/\/www.emz.de\/fr\/","logo":{"@type":"ImageObject","inLanguage":"fr-FR","@id":"https:\/\/www.emz.de\/fr\/#\/schema\/logo\/image\/","url":"https:\/\/www.emz.de\/wp-content\/uploads\/2022\/07\/EMZ_Logo_RGB_mitClaim_Positiv_2-farbig_Hellblau-Dunkelblau.svg","contentUrl":"https:\/\/www.emz.de\/wp-content\/uploads\/2022\/07\/EMZ_Logo_RGB_mitClaim_Positiv_2-farbig_Hellblau-Dunkelblau.svg","width":"1024","height":"1024","caption":"EMZ Elektro-Maschinen-Zentrale GmbH"},"image":{"@id":"https:\/\/www.emz.de\/fr\/#\/schema\/logo\/image\/"},"sameAs":["https:\/\/www.facebook.com\/EMZdeutschland","https:\/\/www.linkedin.com\/company\/emz-elektro-maschinen-zentrale-gmbh\/?originalSubdomain=de","https:\/\/www.youtube.com\/channel\/UCajQ_5Xm-hS2H16Liwf5UAQ\/featured","https:\/\/www.xing.com\/pages\/emz-elektro-maschinen-zentrale-gmbh"]},{"@type":"Person","@id":"https:\/\/www.emz.de\/fr\/#\/schema\/person\/dd3eb90e869d965b225c561188c3a8b5","name":"Carolin H\u00fcbner"}]}},"_links":{"self":[{"href":"https:\/\/www.emz.de\/fr\/wp-json\/wp\/v2\/posts\/7257","targetHints":{"allow":["GET"]}}],"collection":[{"href":"https:\/\/www.emz.de\/fr\/wp-json\/wp\/v2\/posts"}],"about":[{"href":"https:\/\/www.emz.de\/fr\/wp-json\/wp\/v2\/types\/post"}],"author":[{"embeddable":true,"href":"https:\/\/www.emz.de\/fr\/wp-json\/wp\/v2\/users\/14"}],"replies":[{"embeddable":true,"href":"https:\/\/www.emz.de\/fr\/wp-json\/wp\/v2\/comments?post=7257"}],"version-history":[{"count":3,"href":"https:\/\/www.emz.de\/fr\/wp-json\/wp\/v2\/posts\/7257\/revisions"}],"predecessor-version":[{"id":7260,"href":"https:\/\/www.emz.de\/fr\/wp-json\/wp\/v2\/posts\/7257\/revisions\/7260"}],"wp:featuredmedia":[{"embeddable":true,"href":"https:\/\/www.emz.de\/fr\/wp-json\/wp\/v2\/media\/7000"}],"wp:attachment":[{"href":"https:\/\/www.emz.de\/fr\/wp-json\/wp\/v2\/media?parent=7257"}],"wp:term":[{"taxonomy":"category","embeddable":true,"href":"https:\/\/www.emz.de\/fr\/wp-json\/wp\/v2\/categories?post=7257"},{"taxonomy":"post_tag","embeddable":true,"href":"https:\/\/www.emz.de\/fr\/wp-json\/wp\/v2\/tags?post=7257"}],"curies":[{"name":"wp","href":"https:\/\/api.w.org\/{rel}","templated":true}]}}