{"id":7261,"date":"2023-06-01T15:30:03","date_gmt":"2023-06-01T13:30:03","guid":{"rendered":"https:\/\/www.emz.de\/generalites\/broyeur-allemagne-copy-copy\/"},"modified":"2023-10-17T15:34:31","modified_gmt":"2023-10-17T13:34:31","slug":"reunion-des-partenaires-de-getriebebau-nord-chez-emz","status":"publish","type":"post","link":"https:\/\/www.emz.de\/fr\/generalites\/reunion-des-partenaires-de-getriebebau-nord-chez-emz\/","title":{"rendered":"R\u00e9union des partenaires de Getriebebau Nord chez EMZ &#8211; un grand succ\u00e8s"},"content":{"rendered":"<section class=\"l-section wpb_row us_custom_16c2598e height_small\"><div class=\"l-section-h i-cf\"><div class=\"g-cols vc_row via_grid cols_1 laptops-cols_inherit tablets-cols_inherit mobiles-cols_1 valign_top type_default stacking_default\"><div class=\"wpb_column vc_column_container\"><div class=\"vc_column-inner\"><div class=\"wpb_text_column us_custom_3383afc0 has_text_color us_animate_this\"><div class=\"wpb_wrapper\"><p>La rencontre des partenaires entre Getriebebau Nord et EMZ a \u00e9t\u00e9 un grand succ\u00e8s. Pour la premi\u00e8re fois, la rencontre a eu lieu dans les locaux d&rsquo;un partenaire et a constitu\u00e9 une plateforme id\u00e9ale pour un \u00e9change intensif et un approfondissement de la collaboration. Sp\u00e9cialement pour cet \u00e9v\u00e9nement, EMZ a ouvert ses portes \u00e0 24 participants venus de toute l&rsquo;Allemagne.<\/p>\n<p>Pendant deux jours, des conf\u00e9rences et des pr\u00e9sentations techniques passionnantes ont \u00e9t\u00e9 organis\u00e9es, couvrant le large spectre de la technique d&rsquo;entra\u00eenement \u00e9lectrique. Les participants ont ainsi pu \u00e9largir leurs connaissances et s&rsquo;informer sur les technologies innovantes et les tendances actuelles. Les conf\u00e9rences ont offert une multitude d&rsquo;aper\u00e7us et ont donn\u00e9 lieu \u00e0 des discussions stimulantes entre les participants.<\/p>\n<p>L&rsquo;un des points forts de la rencontre a \u00e9t\u00e9 la visite de l&rsquo;EMZ, au cours de laquelle les participants ont eu la chance de d\u00e9couvrir de pr\u00e8s, entre autres, l&rsquo;environnement de l&rsquo;atelier et l&rsquo;entrep\u00f4t, qui comprend actuellement un stock de 50.000 moteurs, et qui constitue le c\u0153ur de l&rsquo;EMZ.<\/p>\n<p>Outre les points techniques du programme, le programme de la soir\u00e9e a \u00e9galement permis de cr\u00e9er une atmosph\u00e8re agr\u00e9able et un \u00e9change d\u00e9contract\u00e9 entre les participants. Les collaborateurs de l&rsquo;EMZ ont eux aussi contribu\u00e9 avec beaucoup d&rsquo;engagement et de dynamisme \u00e0 ce que l&rsquo;\u00e9v\u00e9nement se d\u00e9roule sans probl\u00e8me et devienne une exp\u00e9rience inoubliable pour tous les participants.<\/p>\n<p>Nous nous r\u00e9jouissons de nombreuses autres rencontres r\u00e9ussies et remercions tous les participants, ainsi que notre \u00e9quipe, pour leur soutien et leur engagement lors de cette rencontre r\u00e9ussie entre partenaires!<\/p>\n<\/div><\/div><\/div><\/div><\/div><\/div><\/section>\n","protected":false},"excerpt":{"rendered":"La rencontre des partenaires entre Getriebebau Nord et EMZ a \u00e9t\u00e9 un grand succ\u00e8s. Pour la premi\u00e8re fois, la rencontre a eu lieu dans les locaux d&rsquo;un partenaire et a constitu\u00e9 une plateforme id\u00e9ale pour un \u00e9change intensif et un approfondissement de la collaboration. Sp\u00e9cialement pour cet \u00e9v\u00e9nement, EMZ a ouvert ses portes \u00e0 24...","protected":false},"author":14,"featured_media":6970,"comment_status":"open","ping_status":"open","sticky":false,"template":"","format":"standard","meta":{"footnotes":""},"categories":[605],"tags":[],"class_list":["post-7261","post","type-post","status-publish","format-standard","has-post-thumbnail","hentry","category-generalites"],"yoast_head":"<!-- This site is optimized with the Yoast SEO plugin v27.4 - https:\/\/yoast.com\/product\/yoast-seo-wordpress\/ -->\n<title>R\u00e9union des partenaires de Getriebebau Nord chez EMZ - un grand succ\u00e8s | EMZ<\/title>\n<meta name=\"robots\" content=\"index, follow, max-snippet:-1, max-image-preview:large, max-video-preview:-1\" \/>\n<link rel=\"canonical\" href=\"https:\/\/www.emz.de\/fr\/generalites\/reunion-des-partenaires-de-getriebebau-nord-chez-emz\/\" \/>\n<meta property=\"og:locale\" content=\"fr_FR\" \/>\n<meta property=\"og:type\" content=\"article\" \/>\n<meta property=\"og:title\" content=\"R\u00e9union des partenaires de Getriebebau Nord chez EMZ - un grand succ\u00e8s | EMZ\" \/>\n<meta property=\"og:url\" content=\"https:\/\/www.emz.de\/fr\/generalites\/reunion-des-partenaires-de-getriebebau-nord-chez-emz\/\" \/>\n<meta property=\"og:site_name\" content=\"EMZ\" \/>\n<meta property=\"article:publisher\" content=\"https:\/\/www.facebook.com\/EMZdeutschland\" \/>\n<meta property=\"article:published_time\" content=\"2023-06-01T13:30:03+00:00\" \/>\n<meta property=\"article:modified_time\" content=\"2023-10-17T13:34:31+00:00\" \/>\n<meta property=\"og:image\" content=\"https:\/\/www.emz.de\/wp-content\/uploads\/2023\/05\/EMZ_Partnermeeting_Getriebebau-Nord_Header.jpg\" \/>\n\t<meta property=\"og:image:width\" content=\"1200\" \/>\n\t<meta property=\"og:image:height\" content=\"800\" \/>\n\t<meta property=\"og:image:type\" content=\"image\/jpeg\" \/>\n<meta name=\"author\" content=\"Carolin H\u00fcbner\" \/>\n<meta name=\"twitter:card\" content=\"summary_large_image\" \/>\n<script type=\"application\/ld+json\" class=\"yoast-schema-graph\">{\"@context\":\"https:\\\/\\\/schema.org\",\"@graph\":[{\"@type\":\"NewsArticle\",\"@id\":\"https:\\\/\\\/www.emz.de\\\/fr\\\/generalites\\\/reunion-des-partenaires-de-getriebebau-nord-chez-emz\\\/#article\",\"isPartOf\":{\"@id\":\"https:\\\/\\\/www.emz.de\\\/fr\\\/generalites\\\/reunion-des-partenaires-de-getriebebau-nord-chez-emz\\\/\"},\"author\":{\"name\":\"Carolin H\u00fcbner\",\"@id\":\"https:\\\/\\\/www.emz.de\\\/fr\\\/#\\\/schema\\\/person\\\/dd3eb90e869d965b225c561188c3a8b5\"},\"headline\":\"R\u00e9union des partenaires de Getriebebau Nord chez EMZ &#8211; un grand succ\u00e8s\",\"datePublished\":\"2023-06-01T13:30:03+00:00\",\"dateModified\":\"2023-10-17T13:34:31+00:00\",\"mainEntityOfPage\":{\"@id\":\"https:\\\/\\\/www.emz.de\\\/fr\\\/generalites\\\/reunion-des-partenaires-de-getriebebau-nord-chez-emz\\\/\"},\"wordCount\":384,\"commentCount\":0,\"publisher\":{\"@id\":\"https:\\\/\\\/www.emz.de\\\/fr\\\/#organization\"},\"image\":{\"@id\":\"https:\\\/\\\/www.emz.de\\\/fr\\\/generalites\\\/reunion-des-partenaires-de-getriebebau-nord-chez-emz\\\/#primaryimage\"},\"thumbnailUrl\":\"https:\\\/\\\/www.emz.de\\\/wp-content\\\/uploads\\\/2023\\\/05\\\/EMZ_Partnermeeting_Getriebebau-Nord_Header.jpg\",\"articleSection\":[\"GENERALITES\"],\"inLanguage\":\"fr-FR\",\"potentialAction\":[{\"@type\":\"CommentAction\",\"name\":\"Comment\",\"target\":[\"https:\\\/\\\/www.emz.de\\\/fr\\\/generalites\\\/reunion-des-partenaires-de-getriebebau-nord-chez-emz\\\/#respond\"]}]},{\"@type\":\"WebPage\",\"@id\":\"https:\\\/\\\/www.emz.de\\\/fr\\\/generalites\\\/reunion-des-partenaires-de-getriebebau-nord-chez-emz\\\/\",\"url\":\"https:\\\/\\\/www.emz.de\\\/fr\\\/generalites\\\/reunion-des-partenaires-de-getriebebau-nord-chez-emz\\\/\",\"name\":\"R\u00e9union des partenaires de Getriebebau Nord chez EMZ - un grand succ\u00e8s | EMZ\",\"isPartOf\":{\"@id\":\"https:\\\/\\\/www.emz.de\\\/fr\\\/#website\"},\"primaryImageOfPage\":{\"@id\":\"https:\\\/\\\/www.emz.de\\\/fr\\\/generalites\\\/reunion-des-partenaires-de-getriebebau-nord-chez-emz\\\/#primaryimage\"},\"image\":{\"@id\":\"https:\\\/\\\/www.emz.de\\\/fr\\\/generalites\\\/reunion-des-partenaires-de-getriebebau-nord-chez-emz\\\/#primaryimage\"},\"thumbnailUrl\":\"https:\\\/\\\/www.emz.de\\\/wp-content\\\/uploads\\\/2023\\\/05\\\/EMZ_Partnermeeting_Getriebebau-Nord_Header.jpg\",\"datePublished\":\"2023-06-01T13:30:03+00:00\",\"dateModified\":\"2023-10-17T13:34:31+00:00\",\"breadcrumb\":{\"@id\":\"https:\\\/\\\/www.emz.de\\\/fr\\\/generalites\\\/reunion-des-partenaires-de-getriebebau-nord-chez-emz\\\/#breadcrumb\"},\"inLanguage\":\"fr-FR\",\"potentialAction\":[{\"@type\":\"ReadAction\",\"target\":[\"https:\\\/\\\/www.emz.de\\\/fr\\\/generalites\\\/reunion-des-partenaires-de-getriebebau-nord-chez-emz\\\/\"]}]},{\"@type\":\"ImageObject\",\"inLanguage\":\"fr-FR\",\"@id\":\"https:\\\/\\\/www.emz.de\\\/fr\\\/generalites\\\/reunion-des-partenaires-de-getriebebau-nord-chez-emz\\\/#primaryimage\",\"url\":\"https:\\\/\\\/www.emz.de\\\/wp-content\\\/uploads\\\/2023\\\/05\\\/EMZ_Partnermeeting_Getriebebau-Nord_Header.jpg\",\"contentUrl\":\"https:\\\/\\\/www.emz.de\\\/wp-content\\\/uploads\\\/2023\\\/05\\\/EMZ_Partnermeeting_Getriebebau-Nord_Header.jpg\",\"width\":1200,\"height\":800},{\"@type\":\"BreadcrumbList\",\"@id\":\"https:\\\/\\\/www.emz.de\\\/fr\\\/generalites\\\/reunion-des-partenaires-de-getriebebau-nord-chez-emz\\\/#breadcrumb\",\"itemListElement\":[{\"@type\":\"ListItem\",\"position\":1,\"name\":\"Home\",\"item\":\"https:\\\/\\\/www.emz.de\\\/fr\\\/\"},{\"@type\":\"ListItem\",\"position\":2,\"name\":\"R\u00e9union des partenaires de Getriebebau Nord chez EMZ &#8211; un grand succ\u00e8s\"}]},{\"@type\":\"WebSite\",\"@id\":\"https:\\\/\\\/www.emz.de\\\/fr\\\/#website\",\"url\":\"https:\\\/\\\/www.emz.de\\\/fr\\\/\",\"name\":\"EMZ Elektromotoren f\u00fcr Hochspannung und Niederspannung\",\"description\":\"Spezialist f\u00fcr elektrische Antriebstechnik\",\"publisher\":{\"@id\":\"https:\\\/\\\/www.emz.de\\\/fr\\\/#organization\"},\"alternateName\":\"EMZ\",\"potentialAction\":[{\"@type\":\"SearchAction\",\"target\":{\"@type\":\"EntryPoint\",\"urlTemplate\":\"https:\\\/\\\/www.emz.de\\\/fr\\\/?s={search_term_string}\"},\"query-input\":{\"@type\":\"PropertyValueSpecification\",\"valueRequired\":true,\"valueName\":\"search_term_string\"}}],\"inLanguage\":\"fr-FR\"},{\"@type\":\"Organization\",\"@id\":\"https:\\\/\\\/www.emz.de\\\/fr\\\/#organization\",\"name\":\"EMZ Elektro-Maschinen-Zentrale GmbH\",\"alternateName\":\"EMZ\",\"url\":\"https:\\\/\\\/www.emz.de\\\/fr\\\/\",\"logo\":{\"@type\":\"ImageObject\",\"inLanguage\":\"fr-FR\",\"@id\":\"https:\\\/\\\/www.emz.de\\\/fr\\\/#\\\/schema\\\/logo\\\/image\\\/\",\"url\":\"https:\\\/\\\/www.emz.de\\\/wp-content\\\/uploads\\\/2022\\\/07\\\/EMZ_Logo_RGB_mitClaim_Positiv_2-farbig_Hellblau-Dunkelblau.svg\",\"contentUrl\":\"https:\\\/\\\/www.emz.de\\\/wp-content\\\/uploads\\\/2022\\\/07\\\/EMZ_Logo_RGB_mitClaim_Positiv_2-farbig_Hellblau-Dunkelblau.svg\",\"width\":\"1024\",\"height\":\"1024\",\"caption\":\"EMZ Elektro-Maschinen-Zentrale GmbH\"},\"image\":{\"@id\":\"https:\\\/\\\/www.emz.de\\\/fr\\\/#\\\/schema\\\/logo\\\/image\\\/\"},\"sameAs\":[\"https:\\\/\\\/www.facebook.com\\\/EMZdeutschland\",\"https:\\\/\\\/www.linkedin.com\\\/company\\\/emz-elektro-maschinen-zentrale-gmbh\\\/?originalSubdomain=de\",\"https:\\\/\\\/www.youtube.com\\\/channel\\\/UCajQ_5Xm-hS2H16Liwf5UAQ\\\/featured\",\"https:\\\/\\\/www.xing.com\\\/pages\\\/emz-elektro-maschinen-zentrale-gmbh\"]},{\"@type\":\"Person\",\"@id\":\"https:\\\/\\\/www.emz.de\\\/fr\\\/#\\\/schema\\\/person\\\/dd3eb90e869d965b225c561188c3a8b5\",\"name\":\"Carolin H\u00fcbner\"}]}<\/script>\n<!-- \/ Yoast SEO plugin. -->","yoast_head_json":{"title":"R\u00e9union des partenaires de Getriebebau Nord chez EMZ - un grand succ\u00e8s | EMZ","robots":{"index":"index","follow":"follow","max-snippet":"max-snippet:-1","max-image-preview":"max-image-preview:large","max-video-preview":"max-video-preview:-1"},"canonical":"https:\/\/www.emz.de\/fr\/generalites\/reunion-des-partenaires-de-getriebebau-nord-chez-emz\/","og_locale":"fr_FR","og_type":"article","og_title":"R\u00e9union des partenaires de Getriebebau Nord chez EMZ - un grand succ\u00e8s | EMZ","og_url":"https:\/\/www.emz.de\/fr\/generalites\/reunion-des-partenaires-de-getriebebau-nord-chez-emz\/","og_site_name":"EMZ","article_publisher":"https:\/\/www.facebook.com\/EMZdeutschland","article_published_time":"2023-06-01T13:30:03+00:00","article_modified_time":"2023-10-17T13:34:31+00:00","og_image":[{"width":1200,"height":800,"url":"https:\/\/www.emz.de\/wp-content\/uploads\/2023\/05\/EMZ_Partnermeeting_Getriebebau-Nord_Header.jpg","type":"image\/jpeg"}],"author":"Carolin H\u00fcbner","twitter_card":"summary_large_image","schema":{"@context":"https:\/\/schema.org","@graph":[{"@type":"NewsArticle","@id":"https:\/\/www.emz.de\/fr\/generalites\/reunion-des-partenaires-de-getriebebau-nord-chez-emz\/#article","isPartOf":{"@id":"https:\/\/www.emz.de\/fr\/generalites\/reunion-des-partenaires-de-getriebebau-nord-chez-emz\/"},"author":{"name":"Carolin H\u00fcbner","@id":"https:\/\/www.emz.de\/fr\/#\/schema\/person\/dd3eb90e869d965b225c561188c3a8b5"},"headline":"R\u00e9union des partenaires de Getriebebau Nord chez EMZ &#8211; un grand succ\u00e8s","datePublished":"2023-06-01T13:30:03+00:00","dateModified":"2023-10-17T13:34:31+00:00","mainEntityOfPage":{"@id":"https:\/\/www.emz.de\/fr\/generalites\/reunion-des-partenaires-de-getriebebau-nord-chez-emz\/"},"wordCount":384,"commentCount":0,"publisher":{"@id":"https:\/\/www.emz.de\/fr\/#organization"},"image":{"@id":"https:\/\/www.emz.de\/fr\/generalites\/reunion-des-partenaires-de-getriebebau-nord-chez-emz\/#primaryimage"},"thumbnailUrl":"https:\/\/www.emz.de\/wp-content\/uploads\/2023\/05\/EMZ_Partnermeeting_Getriebebau-Nord_Header.jpg","articleSection":["GENERALITES"],"inLanguage":"fr-FR","potentialAction":[{"@type":"CommentAction","name":"Comment","target":["https:\/\/www.emz.de\/fr\/generalites\/reunion-des-partenaires-de-getriebebau-nord-chez-emz\/#respond"]}]},{"@type":"WebPage","@id":"https:\/\/www.emz.de\/fr\/generalites\/reunion-des-partenaires-de-getriebebau-nord-chez-emz\/","url":"https:\/\/www.emz.de\/fr\/generalites\/reunion-des-partenaires-de-getriebebau-nord-chez-emz\/","name":"R\u00e9union des partenaires de Getriebebau Nord chez EMZ - un grand succ\u00e8s | EMZ","isPartOf":{"@id":"https:\/\/www.emz.de\/fr\/#website"},"primaryImageOfPage":{"@id":"https:\/\/www.emz.de\/fr\/generalites\/reunion-des-partenaires-de-getriebebau-nord-chez-emz\/#primaryimage"},"image":{"@id":"https:\/\/www.emz.de\/fr\/generalites\/reunion-des-partenaires-de-getriebebau-nord-chez-emz\/#primaryimage"},"thumbnailUrl":"https:\/\/www.emz.de\/wp-content\/uploads\/2023\/05\/EMZ_Partnermeeting_Getriebebau-Nord_Header.jpg","datePublished":"2023-06-01T13:30:03+00:00","dateModified":"2023-10-17T13:34:31+00:00","breadcrumb":{"@id":"https:\/\/www.emz.de\/fr\/generalites\/reunion-des-partenaires-de-getriebebau-nord-chez-emz\/#breadcrumb"},"inLanguage":"fr-FR","potentialAction":[{"@type":"ReadAction","target":["https:\/\/www.emz.de\/fr\/generalites\/reunion-des-partenaires-de-getriebebau-nord-chez-emz\/"]}]},{"@type":"ImageObject","inLanguage":"fr-FR","@id":"https:\/\/www.emz.de\/fr\/generalites\/reunion-des-partenaires-de-getriebebau-nord-chez-emz\/#primaryimage","url":"https:\/\/www.emz.de\/wp-content\/uploads\/2023\/05\/EMZ_Partnermeeting_Getriebebau-Nord_Header.jpg","contentUrl":"https:\/\/www.emz.de\/wp-content\/uploads\/2023\/05\/EMZ_Partnermeeting_Getriebebau-Nord_Header.jpg","width":1200,"height":800},{"@type":"BreadcrumbList","@id":"https:\/\/www.emz.de\/fr\/generalites\/reunion-des-partenaires-de-getriebebau-nord-chez-emz\/#breadcrumb","itemListElement":[{"@type":"ListItem","position":1,"name":"Home","item":"https:\/\/www.emz.de\/fr\/"},{"@type":"ListItem","position":2,"name":"R\u00e9union des partenaires de Getriebebau Nord chez EMZ &#8211; un grand succ\u00e8s"}]},{"@type":"WebSite","@id":"https:\/\/www.emz.de\/fr\/#website","url":"https:\/\/www.emz.de\/fr\/","name":"EMZ Elektromotoren f\u00fcr Hochspannung und Niederspannung","description":"Spezialist f\u00fcr elektrische Antriebstechnik","publisher":{"@id":"https:\/\/www.emz.de\/fr\/#organization"},"alternateName":"EMZ","potentialAction":[{"@type":"SearchAction","target":{"@type":"EntryPoint","urlTemplate":"https:\/\/www.emz.de\/fr\/?s={search_term_string}"},"query-input":{"@type":"PropertyValueSpecification","valueRequired":true,"valueName":"search_term_string"}}],"inLanguage":"fr-FR"},{"@type":"Organization","@id":"https:\/\/www.emz.de\/fr\/#organization","name":"EMZ Elektro-Maschinen-Zentrale GmbH","alternateName":"EMZ","url":"https:\/\/www.emz.de\/fr\/","logo":{"@type":"ImageObject","inLanguage":"fr-FR","@id":"https:\/\/www.emz.de\/fr\/#\/schema\/logo\/image\/","url":"https:\/\/www.emz.de\/wp-content\/uploads\/2022\/07\/EMZ_Logo_RGB_mitClaim_Positiv_2-farbig_Hellblau-Dunkelblau.svg","contentUrl":"https:\/\/www.emz.de\/wp-content\/uploads\/2022\/07\/EMZ_Logo_RGB_mitClaim_Positiv_2-farbig_Hellblau-Dunkelblau.svg","width":"1024","height":"1024","caption":"EMZ Elektro-Maschinen-Zentrale GmbH"},"image":{"@id":"https:\/\/www.emz.de\/fr\/#\/schema\/logo\/image\/"},"sameAs":["https:\/\/www.facebook.com\/EMZdeutschland","https:\/\/www.linkedin.com\/company\/emz-elektro-maschinen-zentrale-gmbh\/?originalSubdomain=de","https:\/\/www.youtube.com\/channel\/UCajQ_5Xm-hS2H16Liwf5UAQ\/featured","https:\/\/www.xing.com\/pages\/emz-elektro-maschinen-zentrale-gmbh"]},{"@type":"Person","@id":"https:\/\/www.emz.de\/fr\/#\/schema\/person\/dd3eb90e869d965b225c561188c3a8b5","name":"Carolin H\u00fcbner"}]}},"_links":{"self":[{"href":"https:\/\/www.emz.de\/fr\/wp-json\/wp\/v2\/posts\/7261","targetHints":{"allow":["GET"]}}],"collection":[{"href":"https:\/\/www.emz.de\/fr\/wp-json\/wp\/v2\/posts"}],"about":[{"href":"https:\/\/www.emz.de\/fr\/wp-json\/wp\/v2\/types\/post"}],"author":[{"embeddable":true,"href":"https:\/\/www.emz.de\/fr\/wp-json\/wp\/v2\/users\/14"}],"replies":[{"embeddable":true,"href":"https:\/\/www.emz.de\/fr\/wp-json\/wp\/v2\/comments?post=7261"}],"version-history":[{"count":2,"href":"https:\/\/www.emz.de\/fr\/wp-json\/wp\/v2\/posts\/7261\/revisions"}],"predecessor-version":[{"id":7263,"href":"https:\/\/www.emz.de\/fr\/wp-json\/wp\/v2\/posts\/7261\/revisions\/7263"}],"wp:featuredmedia":[{"embeddable":true,"href":"https:\/\/www.emz.de\/fr\/wp-json\/wp\/v2\/media\/6970"}],"wp:attachment":[{"href":"https:\/\/www.emz.de\/fr\/wp-json\/wp\/v2\/media?parent=7261"}],"wp:term":[{"taxonomy":"category","embeddable":true,"href":"https:\/\/www.emz.de\/fr\/wp-json\/wp\/v2\/categories?post=7261"},{"taxonomy":"post_tag","embeddable":true,"href":"https:\/\/www.emz.de\/fr\/wp-json\/wp\/v2\/tags?post=7261"}],"curies":[{"name":"wp","href":"https:\/\/api.w.org\/{rel}","templated":true}]}}