{"id":7264,"date":"2023-06-19T15:41:34","date_gmt":"2023-06-19T13:41:34","guid":{"rendered":"https:\/\/www.emz.de\/generalites\/course-dentreprise-a-oer-erkenschwick-en-2023-copy\/"},"modified":"2023-10-17T15:46:08","modified_gmt":"2023-10-17T13:46:08","slug":"emz-est-le-nouveau-partenaire-de-projet-de-la-cci-du-college-professionnel-kuniberg","status":"publish","type":"post","link":"https:\/\/www.emz.de\/fr\/generalites\/emz-est-le-nouveau-partenaire-de-projet-de-la-cci-du-college-professionnel-kuniberg\/","title":{"rendered":"EMZ est le nouveau partenaire de projet de la CCI du coll\u00e8ge professionnel Kuniberg"},"content":{"rendered":"<section class=\"l-section wpb_row us_custom_16c2598e height_small\"><div class=\"l-section-h i-cf\"><div class=\"g-cols vc_row via_grid cols_1 laptops-cols_inherit tablets-cols_inherit mobiles-cols_1 valign_top type_default stacking_default\"><div class=\"wpb_column vc_column_container\"><div class=\"vc_column-inner\"><div class=\"wpb_text_column us_custom_3383afc0 has_text_color us_animate_this\"><div class=\"wpb_wrapper\"><p>Lors de la c\u00e9r\u00e9monie officielle de signature qui s&rsquo;est d\u00e9roul\u00e9e le 19 juin au forum du Kuniberg Berufskolleg de Recklinghausen, EMZ a rejoint &#8211; aux c\u00f4t\u00e9s de plus de 100 autres entreprises &#8211; le groupe de projet \u00ab\u00a0Partenariat \u00e9cole-entreprise\u00a0\u00bb de la CCI Nord Westphalie.<\/p>\n<p>La directrice g\u00e9n\u00e9rale Deniz Beese a sign\u00e9 l&rsquo;accord de coop\u00e9ration correspondant avec la directrice adjointe Anja Kobus.<\/p>\n<p>Le projet a pour objectif d&rsquo;aider les \u00e9coles de la r\u00e9gion Emscher-Lippe et du M\u00fcnsterland \u00e0 am\u00e9liorer l&rsquo;orientation professionnelle de leurs \u00e9l\u00e8ves. Les partenariats avec les \u00e9coles permettent en m\u00eame temps de soutenir les entreprises dans leur recherche d&rsquo;apprentis. Ainsi, des effets positifs sont possibles tant pour les \u00e9coles que pour les entreprises.<\/p>\n<p>C&rsquo;est avec beaucoup d&rsquo;enthousiasme que nous avons opt\u00e9 pour cette formidable coop\u00e9ration avec l&rsquo;\u00e9cole professionnelle locale Kuniberg et la CCI Nord Westphalie, car il nous tient \u00e0 c\u0153ur d&rsquo;aider les jeunes \u00e0 poser les jalons de leur avenir professionnel et de leur offrir ainsi une base solide pour leur d\u00e9veloppement professionnel.<\/p>\n<\/div><\/div><\/div><\/div><\/div><\/div><\/section>\n","protected":false},"excerpt":{"rendered":"Lors de la c\u00e9r\u00e9monie officielle de signature qui s&rsquo;est d\u00e9roul\u00e9e le 19 juin au forum du Kuniberg Berufskolleg de Recklinghausen, EMZ a rejoint &#8211; aux c\u00f4t\u00e9s de plus de 100 autres entreprises &#8211; le groupe de projet \u00ab\u00a0Partenariat \u00e9cole-entreprise\u00a0\u00bb de la CCI Nord Westphalie. La directrice g\u00e9n\u00e9rale Deniz Beese a sign\u00e9 l&rsquo;accord de coop\u00e9ration correspondant...","protected":false},"author":14,"featured_media":7037,"comment_status":"open","ping_status":"open","sticky":false,"template":"","format":"standard","meta":{"footnotes":""},"categories":[605],"tags":[],"class_list":["post-7264","post","type-post","status-publish","format-standard","has-post-thumbnail","hentry","category-generalites"],"yoast_head":"<!-- This site is optimized with the Yoast SEO plugin v27.4 - https:\/\/yoast.com\/product\/yoast-seo-wordpress\/ -->\n<title>EMZ est le nouveau partenaire de projet de la CCI du coll\u00e8ge professionnel Kuniberg | EMZ<\/title>\n<meta name=\"robots\" content=\"index, follow, max-snippet:-1, max-image-preview:large, max-video-preview:-1\" \/>\n<link rel=\"canonical\" href=\"https:\/\/www.emz.de\/fr\/generalites\/emz-est-le-nouveau-partenaire-de-projet-de-la-cci-du-college-professionnel-kuniberg\/\" \/>\n<meta property=\"og:locale\" content=\"fr_FR\" \/>\n<meta property=\"og:type\" content=\"article\" \/>\n<meta property=\"og:title\" content=\"EMZ est le nouveau partenaire de projet de la CCI du coll\u00e8ge professionnel Kuniberg | EMZ\" \/>\n<meta property=\"og:url\" content=\"https:\/\/www.emz.de\/fr\/generalites\/emz-est-le-nouveau-partenaire-de-projet-de-la-cci-du-college-professionnel-kuniberg\/\" \/>\n<meta property=\"og:site_name\" content=\"EMZ\" \/>\n<meta property=\"article:publisher\" content=\"https:\/\/www.facebook.com\/EMZdeutschland\" \/>\n<meta property=\"article:published_time\" content=\"2023-06-19T13:41:34+00:00\" \/>\n<meta property=\"article:modified_time\" content=\"2023-10-17T13:46:08+00:00\" \/>\n<meta property=\"og:image\" content=\"https:\/\/www.emz.de\/wp-content\/uploads\/2023\/06\/20230627_IHK_PSB_Kuniberg_Medien.jpg\" \/>\n\t<meta property=\"og:image:width\" content=\"2126\" \/>\n\t<meta property=\"og:image:height\" content=\"1418\" \/>\n\t<meta property=\"og:image:type\" content=\"image\/jpeg\" \/>\n<meta name=\"author\" content=\"Carolin H\u00fcbner\" \/>\n<meta name=\"twitter:card\" content=\"summary_large_image\" \/>\n<script type=\"application\/ld+json\" class=\"yoast-schema-graph\">{\"@context\":\"https:\\\/\\\/schema.org\",\"@graph\":[{\"@type\":\"NewsArticle\",\"@id\":\"https:\\\/\\\/www.emz.de\\\/fr\\\/generalites\\\/emz-est-le-nouveau-partenaire-de-projet-de-la-cci-du-college-professionnel-kuniberg\\\/#article\",\"isPartOf\":{\"@id\":\"https:\\\/\\\/www.emz.de\\\/fr\\\/generalites\\\/emz-est-le-nouveau-partenaire-de-projet-de-la-cci-du-college-professionnel-kuniberg\\\/\"},\"author\":{\"name\":\"Carolin H\u00fcbner\",\"@id\":\"https:\\\/\\\/www.emz.de\\\/fr\\\/#\\\/schema\\\/person\\\/dd3eb90e869d965b225c561188c3a8b5\"},\"headline\":\"EMZ est le nouveau partenaire de projet de la CCI du coll\u00e8ge professionnel Kuniberg\",\"datePublished\":\"2023-06-19T13:41:34+00:00\",\"dateModified\":\"2023-10-17T13:46:08+00:00\",\"mainEntityOfPage\":{\"@id\":\"https:\\\/\\\/www.emz.de\\\/fr\\\/generalites\\\/emz-est-le-nouveau-partenaire-de-projet-de-la-cci-du-college-professionnel-kuniberg\\\/\"},\"wordCount\":281,\"commentCount\":0,\"publisher\":{\"@id\":\"https:\\\/\\\/www.emz.de\\\/fr\\\/#organization\"},\"image\":{\"@id\":\"https:\\\/\\\/www.emz.de\\\/fr\\\/generalites\\\/emz-est-le-nouveau-partenaire-de-projet-de-la-cci-du-college-professionnel-kuniberg\\\/#primaryimage\"},\"thumbnailUrl\":\"https:\\\/\\\/www.emz.de\\\/wp-content\\\/uploads\\\/2023\\\/06\\\/20230627_IHK_PSB_Kuniberg_Medien.jpg\",\"articleSection\":[\"GENERALITES\"],\"inLanguage\":\"fr-FR\",\"potentialAction\":[{\"@type\":\"CommentAction\",\"name\":\"Comment\",\"target\":[\"https:\\\/\\\/www.emz.de\\\/fr\\\/generalites\\\/emz-est-le-nouveau-partenaire-de-projet-de-la-cci-du-college-professionnel-kuniberg\\\/#respond\"]}]},{\"@type\":\"WebPage\",\"@id\":\"https:\\\/\\\/www.emz.de\\\/fr\\\/generalites\\\/emz-est-le-nouveau-partenaire-de-projet-de-la-cci-du-college-professionnel-kuniberg\\\/\",\"url\":\"https:\\\/\\\/www.emz.de\\\/fr\\\/generalites\\\/emz-est-le-nouveau-partenaire-de-projet-de-la-cci-du-college-professionnel-kuniberg\\\/\",\"name\":\"EMZ est le nouveau partenaire de projet de la CCI du coll\u00e8ge professionnel Kuniberg | EMZ\",\"isPartOf\":{\"@id\":\"https:\\\/\\\/www.emz.de\\\/fr\\\/#website\"},\"primaryImageOfPage\":{\"@id\":\"https:\\\/\\\/www.emz.de\\\/fr\\\/generalites\\\/emz-est-le-nouveau-partenaire-de-projet-de-la-cci-du-college-professionnel-kuniberg\\\/#primaryimage\"},\"image\":{\"@id\":\"https:\\\/\\\/www.emz.de\\\/fr\\\/generalites\\\/emz-est-le-nouveau-partenaire-de-projet-de-la-cci-du-college-professionnel-kuniberg\\\/#primaryimage\"},\"thumbnailUrl\":\"https:\\\/\\\/www.emz.de\\\/wp-content\\\/uploads\\\/2023\\\/06\\\/20230627_IHK_PSB_Kuniberg_Medien.jpg\",\"datePublished\":\"2023-06-19T13:41:34+00:00\",\"dateModified\":\"2023-10-17T13:46:08+00:00\",\"breadcrumb\":{\"@id\":\"https:\\\/\\\/www.emz.de\\\/fr\\\/generalites\\\/emz-est-le-nouveau-partenaire-de-projet-de-la-cci-du-college-professionnel-kuniberg\\\/#breadcrumb\"},\"inLanguage\":\"fr-FR\",\"potentialAction\":[{\"@type\":\"ReadAction\",\"target\":[\"https:\\\/\\\/www.emz.de\\\/fr\\\/generalites\\\/emz-est-le-nouveau-partenaire-de-projet-de-la-cci-du-college-professionnel-kuniberg\\\/\"]}]},{\"@type\":\"ImageObject\",\"inLanguage\":\"fr-FR\",\"@id\":\"https:\\\/\\\/www.emz.de\\\/fr\\\/generalites\\\/emz-est-le-nouveau-partenaire-de-projet-de-la-cci-du-college-professionnel-kuniberg\\\/#primaryimage\",\"url\":\"https:\\\/\\\/www.emz.de\\\/wp-content\\\/uploads\\\/2023\\\/06\\\/20230627_IHK_PSB_Kuniberg_Medien.jpg\",\"contentUrl\":\"https:\\\/\\\/www.emz.de\\\/wp-content\\\/uploads\\\/2023\\\/06\\\/20230627_IHK_PSB_Kuniberg_Medien.jpg\",\"width\":2126,\"height\":1418,\"caption\":\"BZ: IHK Nord-Westfalen: Das Kuniberg Berufskolleg sowie die Steuerkanzlei GuT, und die Firmen EMZ, LGI und Schloemer unterzeichnen Kooperationsvertrag Partnerschaft-Schule-Betrieb am 19.06.2023 v.l.: 1 Michaela Korte (Schulleitung Kuniberg Bk), 8 Anna Zygiel Kuniberg Bk). vorne: 2 Dana Figur (Stk GuT), 3 Danijela Sakic (LGI), 4 Deniz Beese (EMZ), 5 Anja Kobus (Kuniberg Bk), 6 Klaudia Kulla (Schloemer), 7Eva Hild (IHK NW) hinten: 2 Katharina Hemme (Kuniberg Bk), 3 Marcel Saitorius (LGI), 4 Carolin H\u00fcbner (EMZ), 5 Dennis Henkel (Kuniberg Bk), 6 Philipp Kielpinski (Kuniberg Bk), 7 Niklas Ophey (IHK NW) Foto: Arne P\u00f6hnert mail@arnepoehnert.de 0178\\\/1866645\"},{\"@type\":\"BreadcrumbList\",\"@id\":\"https:\\\/\\\/www.emz.de\\\/fr\\\/generalites\\\/emz-est-le-nouveau-partenaire-de-projet-de-la-cci-du-college-professionnel-kuniberg\\\/#breadcrumb\",\"itemListElement\":[{\"@type\":\"ListItem\",\"position\":1,\"name\":\"Home\",\"item\":\"https:\\\/\\\/www.emz.de\\\/fr\\\/\"},{\"@type\":\"ListItem\",\"position\":2,\"name\":\"EMZ est le nouveau partenaire de projet de la CCI du coll\u00e8ge professionnel Kuniberg\"}]},{\"@type\":\"WebSite\",\"@id\":\"https:\\\/\\\/www.emz.de\\\/fr\\\/#website\",\"url\":\"https:\\\/\\\/www.emz.de\\\/fr\\\/\",\"name\":\"EMZ Elektromotoren f\u00fcr Hochspannung und Niederspannung\",\"description\":\"Spezialist f\u00fcr elektrische Antriebstechnik\",\"publisher\":{\"@id\":\"https:\\\/\\\/www.emz.de\\\/fr\\\/#organization\"},\"alternateName\":\"EMZ\",\"potentialAction\":[{\"@type\":\"SearchAction\",\"target\":{\"@type\":\"EntryPoint\",\"urlTemplate\":\"https:\\\/\\\/www.emz.de\\\/fr\\\/?s={search_term_string}\"},\"query-input\":{\"@type\":\"PropertyValueSpecification\",\"valueRequired\":true,\"valueName\":\"search_term_string\"}}],\"inLanguage\":\"fr-FR\"},{\"@type\":\"Organization\",\"@id\":\"https:\\\/\\\/www.emz.de\\\/fr\\\/#organization\",\"name\":\"EMZ Elektro-Maschinen-Zentrale GmbH\",\"alternateName\":\"EMZ\",\"url\":\"https:\\\/\\\/www.emz.de\\\/fr\\\/\",\"logo\":{\"@type\":\"ImageObject\",\"inLanguage\":\"fr-FR\",\"@id\":\"https:\\\/\\\/www.emz.de\\\/fr\\\/#\\\/schema\\\/logo\\\/image\\\/\",\"url\":\"https:\\\/\\\/www.emz.de\\\/wp-content\\\/uploads\\\/2022\\\/07\\\/EMZ_Logo_RGB_mitClaim_Positiv_2-farbig_Hellblau-Dunkelblau.svg\",\"contentUrl\":\"https:\\\/\\\/www.emz.de\\\/wp-content\\\/uploads\\\/2022\\\/07\\\/EMZ_Logo_RGB_mitClaim_Positiv_2-farbig_Hellblau-Dunkelblau.svg\",\"width\":\"1024\",\"height\":\"1024\",\"caption\":\"EMZ Elektro-Maschinen-Zentrale GmbH\"},\"image\":{\"@id\":\"https:\\\/\\\/www.emz.de\\\/fr\\\/#\\\/schema\\\/logo\\\/image\\\/\"},\"sameAs\":[\"https:\\\/\\\/www.facebook.com\\\/EMZdeutschland\",\"https:\\\/\\\/www.linkedin.com\\\/company\\\/emz-elektro-maschinen-zentrale-gmbh\\\/?originalSubdomain=de\",\"https:\\\/\\\/www.youtube.com\\\/channel\\\/UCajQ_5Xm-hS2H16Liwf5UAQ\\\/featured\",\"https:\\\/\\\/www.xing.com\\\/pages\\\/emz-elektro-maschinen-zentrale-gmbh\"]},{\"@type\":\"Person\",\"@id\":\"https:\\\/\\\/www.emz.de\\\/fr\\\/#\\\/schema\\\/person\\\/dd3eb90e869d965b225c561188c3a8b5\",\"name\":\"Carolin H\u00fcbner\"}]}<\/script>\n<!-- \/ Yoast SEO plugin. -->","yoast_head_json":{"title":"EMZ est le nouveau partenaire de projet de la CCI du coll\u00e8ge professionnel Kuniberg | EMZ","robots":{"index":"index","follow":"follow","max-snippet":"max-snippet:-1","max-image-preview":"max-image-preview:large","max-video-preview":"max-video-preview:-1"},"canonical":"https:\/\/www.emz.de\/fr\/generalites\/emz-est-le-nouveau-partenaire-de-projet-de-la-cci-du-college-professionnel-kuniberg\/","og_locale":"fr_FR","og_type":"article","og_title":"EMZ est le nouveau partenaire de projet de la CCI du coll\u00e8ge professionnel Kuniberg | EMZ","og_url":"https:\/\/www.emz.de\/fr\/generalites\/emz-est-le-nouveau-partenaire-de-projet-de-la-cci-du-college-professionnel-kuniberg\/","og_site_name":"EMZ","article_publisher":"https:\/\/www.facebook.com\/EMZdeutschland","article_published_time":"2023-06-19T13:41:34+00:00","article_modified_time":"2023-10-17T13:46:08+00:00","og_image":[{"width":2126,"height":1418,"url":"https:\/\/www.emz.de\/wp-content\/uploads\/2023\/06\/20230627_IHK_PSB_Kuniberg_Medien.jpg","type":"image\/jpeg"}],"author":"Carolin H\u00fcbner","twitter_card":"summary_large_image","schema":{"@context":"https:\/\/schema.org","@graph":[{"@type":"NewsArticle","@id":"https:\/\/www.emz.de\/fr\/generalites\/emz-est-le-nouveau-partenaire-de-projet-de-la-cci-du-college-professionnel-kuniberg\/#article","isPartOf":{"@id":"https:\/\/www.emz.de\/fr\/generalites\/emz-est-le-nouveau-partenaire-de-projet-de-la-cci-du-college-professionnel-kuniberg\/"},"author":{"name":"Carolin H\u00fcbner","@id":"https:\/\/www.emz.de\/fr\/#\/schema\/person\/dd3eb90e869d965b225c561188c3a8b5"},"headline":"EMZ est le nouveau partenaire de projet de la CCI du coll\u00e8ge professionnel Kuniberg","datePublished":"2023-06-19T13:41:34+00:00","dateModified":"2023-10-17T13:46:08+00:00","mainEntityOfPage":{"@id":"https:\/\/www.emz.de\/fr\/generalites\/emz-est-le-nouveau-partenaire-de-projet-de-la-cci-du-college-professionnel-kuniberg\/"},"wordCount":281,"commentCount":0,"publisher":{"@id":"https:\/\/www.emz.de\/fr\/#organization"},"image":{"@id":"https:\/\/www.emz.de\/fr\/generalites\/emz-est-le-nouveau-partenaire-de-projet-de-la-cci-du-college-professionnel-kuniberg\/#primaryimage"},"thumbnailUrl":"https:\/\/www.emz.de\/wp-content\/uploads\/2023\/06\/20230627_IHK_PSB_Kuniberg_Medien.jpg","articleSection":["GENERALITES"],"inLanguage":"fr-FR","potentialAction":[{"@type":"CommentAction","name":"Comment","target":["https:\/\/www.emz.de\/fr\/generalites\/emz-est-le-nouveau-partenaire-de-projet-de-la-cci-du-college-professionnel-kuniberg\/#respond"]}]},{"@type":"WebPage","@id":"https:\/\/www.emz.de\/fr\/generalites\/emz-est-le-nouveau-partenaire-de-projet-de-la-cci-du-college-professionnel-kuniberg\/","url":"https:\/\/www.emz.de\/fr\/generalites\/emz-est-le-nouveau-partenaire-de-projet-de-la-cci-du-college-professionnel-kuniberg\/","name":"EMZ est le nouveau partenaire de projet de la CCI du coll\u00e8ge professionnel Kuniberg | EMZ","isPartOf":{"@id":"https:\/\/www.emz.de\/fr\/#website"},"primaryImageOfPage":{"@id":"https:\/\/www.emz.de\/fr\/generalites\/emz-est-le-nouveau-partenaire-de-projet-de-la-cci-du-college-professionnel-kuniberg\/#primaryimage"},"image":{"@id":"https:\/\/www.emz.de\/fr\/generalites\/emz-est-le-nouveau-partenaire-de-projet-de-la-cci-du-college-professionnel-kuniberg\/#primaryimage"},"thumbnailUrl":"https:\/\/www.emz.de\/wp-content\/uploads\/2023\/06\/20230627_IHK_PSB_Kuniberg_Medien.jpg","datePublished":"2023-06-19T13:41:34+00:00","dateModified":"2023-10-17T13:46:08+00:00","breadcrumb":{"@id":"https:\/\/www.emz.de\/fr\/generalites\/emz-est-le-nouveau-partenaire-de-projet-de-la-cci-du-college-professionnel-kuniberg\/#breadcrumb"},"inLanguage":"fr-FR","potentialAction":[{"@type":"ReadAction","target":["https:\/\/www.emz.de\/fr\/generalites\/emz-est-le-nouveau-partenaire-de-projet-de-la-cci-du-college-professionnel-kuniberg\/"]}]},{"@type":"ImageObject","inLanguage":"fr-FR","@id":"https:\/\/www.emz.de\/fr\/generalites\/emz-est-le-nouveau-partenaire-de-projet-de-la-cci-du-college-professionnel-kuniberg\/#primaryimage","url":"https:\/\/www.emz.de\/wp-content\/uploads\/2023\/06\/20230627_IHK_PSB_Kuniberg_Medien.jpg","contentUrl":"https:\/\/www.emz.de\/wp-content\/uploads\/2023\/06\/20230627_IHK_PSB_Kuniberg_Medien.jpg","width":2126,"height":1418,"caption":"BZ: IHK Nord-Westfalen: Das Kuniberg Berufskolleg sowie die Steuerkanzlei GuT, und die Firmen EMZ, LGI und Schloemer unterzeichnen Kooperationsvertrag Partnerschaft-Schule-Betrieb am 19.06.2023 v.l.: 1 Michaela Korte (Schulleitung Kuniberg Bk), 8 Anna Zygiel Kuniberg Bk). vorne: 2 Dana Figur (Stk GuT), 3 Danijela Sakic (LGI), 4 Deniz Beese (EMZ), 5 Anja Kobus (Kuniberg Bk), 6 Klaudia Kulla (Schloemer), 7Eva Hild (IHK NW) hinten: 2 Katharina Hemme (Kuniberg Bk), 3 Marcel Saitorius (LGI), 4 Carolin H\u00fcbner (EMZ), 5 Dennis Henkel (Kuniberg Bk), 6 Philipp Kielpinski (Kuniberg Bk), 7 Niklas Ophey (IHK NW) Foto: Arne P\u00f6hnert mail@arnepoehnert.de 0178\/1866645"},{"@type":"BreadcrumbList","@id":"https:\/\/www.emz.de\/fr\/generalites\/emz-est-le-nouveau-partenaire-de-projet-de-la-cci-du-college-professionnel-kuniberg\/#breadcrumb","itemListElement":[{"@type":"ListItem","position":1,"name":"Home","item":"https:\/\/www.emz.de\/fr\/"},{"@type":"ListItem","position":2,"name":"EMZ est le nouveau partenaire de projet de la CCI du coll\u00e8ge professionnel Kuniberg"}]},{"@type":"WebSite","@id":"https:\/\/www.emz.de\/fr\/#website","url":"https:\/\/www.emz.de\/fr\/","name":"EMZ Elektromotoren f\u00fcr Hochspannung und Niederspannung","description":"Spezialist f\u00fcr elektrische Antriebstechnik","publisher":{"@id":"https:\/\/www.emz.de\/fr\/#organization"},"alternateName":"EMZ","potentialAction":[{"@type":"SearchAction","target":{"@type":"EntryPoint","urlTemplate":"https:\/\/www.emz.de\/fr\/?s={search_term_string}"},"query-input":{"@type":"PropertyValueSpecification","valueRequired":true,"valueName":"search_term_string"}}],"inLanguage":"fr-FR"},{"@type":"Organization","@id":"https:\/\/www.emz.de\/fr\/#organization","name":"EMZ Elektro-Maschinen-Zentrale GmbH","alternateName":"EMZ","url":"https:\/\/www.emz.de\/fr\/","logo":{"@type":"ImageObject","inLanguage":"fr-FR","@id":"https:\/\/www.emz.de\/fr\/#\/schema\/logo\/image\/","url":"https:\/\/www.emz.de\/wp-content\/uploads\/2022\/07\/EMZ_Logo_RGB_mitClaim_Positiv_2-farbig_Hellblau-Dunkelblau.svg","contentUrl":"https:\/\/www.emz.de\/wp-content\/uploads\/2022\/07\/EMZ_Logo_RGB_mitClaim_Positiv_2-farbig_Hellblau-Dunkelblau.svg","width":"1024","height":"1024","caption":"EMZ Elektro-Maschinen-Zentrale GmbH"},"image":{"@id":"https:\/\/www.emz.de\/fr\/#\/schema\/logo\/image\/"},"sameAs":["https:\/\/www.facebook.com\/EMZdeutschland","https:\/\/www.linkedin.com\/company\/emz-elektro-maschinen-zentrale-gmbh\/?originalSubdomain=de","https:\/\/www.youtube.com\/channel\/UCajQ_5Xm-hS2H16Liwf5UAQ\/featured","https:\/\/www.xing.com\/pages\/emz-elektro-maschinen-zentrale-gmbh"]},{"@type":"Person","@id":"https:\/\/www.emz.de\/fr\/#\/schema\/person\/dd3eb90e869d965b225c561188c3a8b5","name":"Carolin H\u00fcbner"}]}},"_links":{"self":[{"href":"https:\/\/www.emz.de\/fr\/wp-json\/wp\/v2\/posts\/7264","targetHints":{"allow":["GET"]}}],"collection":[{"href":"https:\/\/www.emz.de\/fr\/wp-json\/wp\/v2\/posts"}],"about":[{"href":"https:\/\/www.emz.de\/fr\/wp-json\/wp\/v2\/types\/post"}],"author":[{"embeddable":true,"href":"https:\/\/www.emz.de\/fr\/wp-json\/wp\/v2\/users\/14"}],"replies":[{"embeddable":true,"href":"https:\/\/www.emz.de\/fr\/wp-json\/wp\/v2\/comments?post=7264"}],"version-history":[{"count":2,"href":"https:\/\/www.emz.de\/fr\/wp-json\/wp\/v2\/posts\/7264\/revisions"}],"predecessor-version":[{"id":7266,"href":"https:\/\/www.emz.de\/fr\/wp-json\/wp\/v2\/posts\/7264\/revisions\/7266"}],"wp:featuredmedia":[{"embeddable":true,"href":"https:\/\/www.emz.de\/fr\/wp-json\/wp\/v2\/media\/7037"}],"wp:attachment":[{"href":"https:\/\/www.emz.de\/fr\/wp-json\/wp\/v2\/media?parent=7264"}],"wp:term":[{"taxonomy":"category","embeddable":true,"href":"https:\/\/www.emz.de\/fr\/wp-json\/wp\/v2\/categories?post=7264"},{"taxonomy":"post_tag","embeddable":true,"href":"https:\/\/www.emz.de\/fr\/wp-json\/wp\/v2\/tags?post=7264"}],"curies":[{"name":"wp","href":"https:\/\/api.w.org\/{rel}","templated":true}]}}