{"id":7267,"date":"2023-08-11T15:47:09","date_gmt":"2023-08-11T13:47:09","guid":{"rendered":"https:\/\/www.emz.de\/generalites\/emz-est-le-nouveau-partenaire-de-projet-de-la-cci-du-college-professionnel-kuniberg-copy\/"},"modified":"2023-10-17T15:51:01","modified_gmt":"2023-10-17T13:51:01","slug":"lapres-midi-des-enfants-de-lemz","status":"publish","type":"post","link":"https:\/\/www.emz.de\/fr\/generalites\/lapres-midi-des-enfants-de-lemz\/","title":{"rendered":"Un succ\u00e8s \u00e9clatant: l&rsquo;apr\u00e8s-midi des enfants de l&rsquo;EMZ enthousiasme par son c\u00f4t\u00e9 ludique et communautaire"},"content":{"rendered":"<section class=\"l-section wpb_row us_custom_16c2598e height_small\"><div class=\"l-section-h i-cf\"><div class=\"g-cols vc_row via_grid cols_1 laptops-cols_inherit tablets-cols_inherit mobiles-cols_1 valign_top type_default stacking_default\"><div class=\"wpb_column vc_column_container\"><div class=\"vc_column-inner\"><div class=\"wpb_text_column us_custom_3383afc0 has_text_color us_animate_this\"><div class=\"wpb_wrapper\"><p>Le 11\u00a0ao\u00fbt, non seulement le soleil brillait, mais aussi les visages des petits membres de la famille EMZ sur le site de l\u2019entreprise sur la Richardstra\u00dfe \u00e0 Recklinghausen-Hochlarmark\u00a0:L\u00b4apr\u00e8s-midi pour les enfants de l&rsquo;EMZ s\u2019est transform\u00e9 en un \u00e9v\u00e9nement inoubliable, qui a fait briller les yeux des enfants et provoqu\u00e9 des tas de sourires.<\/p>\n<p>Des jeux passionnants aux stations de bricolage cr\u00e9atives en passant par de d\u00e9licieux snacks &#8211; La EMZ avait quelque chose de sp\u00e9cial \u00e0 offrir \u00e0 chaque petit invit\u00e9.<\/p>\n<p>En plus de la visite guid\u00e9e adapt\u00e9e aux enfants des bureaux et des ateliers sous la forme d\u2019une chasse au tr\u00e9sor passionnante, les petits explorateurs ont explor\u00e9 avec curiosit\u00e9 le lieu de travail de leurs parents. Un \u00e9norme ch\u00e2teau gonflable a ensuite invit\u00e9 \u00e0 se d\u00e9fouler et \u00e0 sauter, tandis que la machine \u00e0 pop-corn et \u00e0 barbe \u00e0 papa fournissait des friandises sucr\u00e9es. La peinture et le bricolage ont donn\u00e9 lieu \u00e0 des chefs-d\u2019\u0153uvre cr\u00e9atifs et le stand tattoo a payette\u00a0 du Kinderhospizdienst S\u00fcdliche M\u00fcnsterland a enchant\u00e9 les enfants avec de nombreux motifs artistiques color\u00e9s.<\/p>\n<p>Le buffet de grillades, qui a ensuite \u00e9t\u00e9 solennellement ouvert, offrait une vari\u00e9t\u00e9 de friandises pour petits et grands. Dans cette atmosph\u00e8re d\u00e9tendue, la communaut\u00e9 EMZ a pu se r\u00e9unir et terminer l\u2019apr\u00e8s-midi ensemble.<\/p>\n<p>Nous tenons \u00e0 remercier chaleureusement tous ceux qui ont contribu\u00e9 \u00e0 faire de l\u2019apr\u00e8s-midi des enfants de l\u2019EMZ un \u00e9v\u00e9nement aussi merveilleux. La participation et l\u2019enthousiasme de nos collaboratrices* ont montr\u00e9 que l\u2019EMZ n\u2019est pas seulement une entreprise, mais une grande communaut\u00e9 chaleureuse.<\/p>\n<p>Un grand merci \u00e9galement au Kinderhospizdienst S\u00fcdliche M\u00fcnsterland, qui, avec sa participation, a donn\u00e9 aux enfants des yeux particuli\u00e8rement brillants!<\/p>\n<p>Les souvenirs de cette belle apr\u00e8s-midi continueront \u00e0 r\u00e9sonner et nous nous r\u00e9jouissons d\u00e9j\u00e0 de la prochaine apr\u00e8s-midi des enfants EMZ!<\/p>\n<\/div><\/div><\/div><\/div><\/div><\/div><\/section><section class=\"l-section wpb_row height_medium\"><div class=\"l-section-h i-cf\"><div class=\"g-cols vc_row via_grid cols_1 laptops-cols_inherit tablets-cols_inherit mobiles-cols_1 valign_top type_default stacking_default\"><div class=\"wpb_column vc_column_container\"><div class=\"vc_column-inner\"><div class=\"w-slider style_none fit_scaledown nav_none count_11\"><div class=\"w-slider-h\" aria-hidden=\"true\"><div class=\"royalSlider\"><div class=\"rsContent\"><a class=\"rsImg\" data-rsw=\"1024\" data-rsh=\"768\" href=\"https:\/\/www.emz.de\/wp-content\/uploads\/2023\/08\/IMG_4804-1024x768.jpeg\"><span data-alt=\"\"><\/span><\/a><\/div><div class=\"rsContent\"><a class=\"rsImg\" data-rsw=\"768\" data-rsh=\"1024\" href=\"https:\/\/www.emz.de\/wp-content\/uploads\/2023\/08\/IMG_4834-768x1024.jpeg\"><span data-alt=\"\"><\/span><\/a><\/div><div class=\"rsContent\"><a class=\"rsImg\" data-rsw=\"1024\" data-rsh=\"768\" href=\"https:\/\/www.emz.de\/wp-content\/uploads\/2023\/08\/IMG_4800-1024x768.jpeg\"><span data-alt=\"\"><\/span><\/a><\/div><div class=\"rsContent\"><a class=\"rsImg\" data-rsw=\"1024\" data-rsh=\"768\" href=\"https:\/\/www.emz.de\/wp-content\/uploads\/2023\/08\/IMG_4799-1024x768.jpeg\"><span data-alt=\"\"><\/span><\/a><\/div><div class=\"rsContent\"><a class=\"rsImg\" data-rsw=\"1016\" data-rsh=\"1024\" href=\"https:\/\/www.emz.de\/wp-content\/uploads\/2023\/06\/IMG_4847-1016x1024.jpeg\"><span data-alt=\"\"><\/span><\/a><\/div><div class=\"rsContent\"><a class=\"rsImg\" data-rsw=\"768\" data-rsh=\"1024\" href=\"https:\/\/www.emz.de\/wp-content\/uploads\/2023\/06\/d38ff4c4-a236-4847-91bb-91e7fd710b13.jpg\"><span data-alt=\"\"><\/span><\/a><\/div><div class=\"rsContent\"><a class=\"rsImg\" data-rsw=\"1024\" data-rsh=\"1024\" href=\"https:\/\/www.emz.de\/wp-content\/uploads\/2023\/06\/20230811_163720-1024x1024.jpg\"><span data-alt=\"\"><\/span><\/a><\/div><div class=\"rsContent\"><a class=\"rsImg\" data-rsw=\"1024\" data-rsh=\"1024\" href=\"https:\/\/www.emz.de\/wp-content\/uploads\/2023\/06\/20230811_152505-1024x1024.jpg\"><span data-alt=\"\"><\/span><\/a><\/div><div class=\"rsContent\"><a class=\"rsImg\" data-rsw=\"1024\" data-rsh=\"1024\" href=\"https:\/\/www.emz.de\/wp-content\/uploads\/2023\/06\/20230811_151305-1024x1024.jpg\"><span data-alt=\"\"><\/span><\/a><\/div><div class=\"rsContent\"><a class=\"rsImg\" data-rsw=\"1024\" data-rsh=\"768\" href=\"https:\/\/www.emz.de\/wp-content\/uploads\/2023\/06\/3340e7b0-344e-48e0-b05f-013823677282.jpg\"><span data-alt=\"\"><\/span><\/a><\/div><div class=\"rsContent\"><a class=\"rsImg\" data-rsw=\"1024\" data-rsh=\"768\" href=\"https:\/\/www.emz.de\/wp-content\/uploads\/2023\/06\/1dae7a67-9557-4fc2-930a-13d038c22b64.jpg\"><span data-alt=\"\"><\/span><\/a><\/div><\/div><img decoding=\"async\" src=\"https:\/\/www.emz.de\/wp-content\/uploads\/2023\/08\/IMG_4804-1024x768.jpeg\" width=\"1024\" height=\"768\" alt loading=\"lazy\"><\/div><div class=\"w-slider-json\" onclick='return {&quot;autoScaleSlider&quot;:true,&quot;addActiveClass&quot;:true,&quot;loop&quot;:true,&quot;fadeInLoadedSlide&quot;:false,&quot;slidesSpacing&quot;:0,&quot;imageScalePadding&quot;:0,&quot;numImagesToPreload&quot;:2,&quot;arrowsNav&quot;:true,&quot;arrowsNavAutoHide&quot;:false,&quot;transitionType&quot;:&quot;move&quot;,&quot;transitionSpeed&quot;:250,&quot;block&quot;:{&quot;moveEffect&quot;:&quot;none&quot;,&quot;speed&quot;:300},&quot;thumbs&quot;:{&quot;fitInViewport&quot;:false,&quot;firstMargin&quot;:false,&quot;spacing&quot;:4},&quot;controlNavigation&quot;:&quot;none&quot;,&quot;autoplay&quot;:{&quot;enabled&quot;:true,&quot;pauseOnHover&quot;:true,&quot;delay&quot;:3000},&quot;autoScaleSliderWidth&quot;:1024,&quot;autoScaleSliderHeight&quot;:768}'><\/div><\/div><\/div><\/div><\/div><\/div><\/section>\n","protected":false},"excerpt":{"rendered":"Le 11\u00a0ao\u00fbt, non seulement le soleil brillait, mais aussi les visages des petits membres de la famille EMZ sur le site de l\u2019entreprise sur la Richardstra\u00dfe \u00e0 Recklinghausen-Hochlarmark\u00a0:L\u00b4apr\u00e8s-midi pour les enfants de l&rsquo;EMZ s\u2019est transform\u00e9 en un \u00e9v\u00e9nement inoubliable, qui a fait briller les yeux des enfants et provoqu\u00e9 des tas de sourires. Des jeux...","protected":false},"author":14,"featured_media":7117,"comment_status":"open","ping_status":"open","sticky":false,"template":"","format":"standard","meta":{"footnotes":""},"categories":[605],"tags":[],"class_list":["post-7267","post","type-post","status-publish","format-standard","has-post-thumbnail","hentry","category-generalites"],"yoast_head":"<!-- This site is optimized with the Yoast SEO plugin v27.4 - https:\/\/yoast.com\/product\/yoast-seo-wordpress\/ -->\n<title>Un succ\u00e8s \u00e9clatant: l&#039;apr\u00e8s-midi des enfants de l&#039;EMZ enthousiasme par son c\u00f4t\u00e9 ludique et communautaire | EMZ<\/title>\n<meta name=\"robots\" content=\"index, follow, max-snippet:-1, max-image-preview:large, max-video-preview:-1\" \/>\n<link rel=\"canonical\" href=\"https:\/\/www.emz.de\/fr\/generalites\/lapres-midi-des-enfants-de-lemz\/\" \/>\n<meta property=\"og:locale\" content=\"fr_FR\" \/>\n<meta property=\"og:type\" content=\"article\" \/>\n<meta property=\"og:title\" content=\"Un succ\u00e8s \u00e9clatant: l&#039;apr\u00e8s-midi des enfants de l&#039;EMZ enthousiasme par son c\u00f4t\u00e9 ludique et communautaire | EMZ\" \/>\n<meta property=\"og:url\" content=\"https:\/\/www.emz.de\/fr\/generalites\/lapres-midi-des-enfants-de-lemz\/\" \/>\n<meta property=\"og:site_name\" content=\"EMZ\" \/>\n<meta property=\"article:publisher\" content=\"https:\/\/www.facebook.com\/EMZdeutschland\" \/>\n<meta property=\"article:published_time\" content=\"2023-08-11T13:47:09+00:00\" \/>\n<meta property=\"article:modified_time\" content=\"2023-10-17T13:51:01+00:00\" \/>\n<meta property=\"og:image\" content=\"https:\/\/www.emz.de\/wp-content\/uploads\/2023\/06\/IMG_4845-scaled.jpeg\" \/>\n\t<meta property=\"og:image:width\" content=\"2560\" \/>\n\t<meta property=\"og:image:height\" content=\"1920\" \/>\n\t<meta property=\"og:image:type\" content=\"image\/jpeg\" \/>\n<meta name=\"author\" content=\"Carolin H\u00fcbner\" \/>\n<meta name=\"twitter:card\" content=\"summary_large_image\" \/>\n<script type=\"application\/ld+json\" class=\"yoast-schema-graph\">{\"@context\":\"https:\\\/\\\/schema.org\",\"@graph\":[{\"@type\":\"NewsArticle\",\"@id\":\"https:\\\/\\\/www.emz.de\\\/fr\\\/generalites\\\/lapres-midi-des-enfants-de-lemz\\\/#article\",\"isPartOf\":{\"@id\":\"https:\\\/\\\/www.emz.de\\\/fr\\\/generalites\\\/lapres-midi-des-enfants-de-lemz\\\/\"},\"author\":{\"name\":\"Carolin H\u00fcbner\",\"@id\":\"https:\\\/\\\/www.emz.de\\\/fr\\\/#\\\/schema\\\/person\\\/dd3eb90e869d965b225c561188c3a8b5\"},\"headline\":\"Un succ\u00e8s \u00e9clatant: l&rsquo;apr\u00e8s-midi des enfants de l&rsquo;EMZ enthousiasme par son c\u00f4t\u00e9 ludique et communautaire\",\"datePublished\":\"2023-08-11T13:47:09+00:00\",\"dateModified\":\"2023-10-17T13:51:01+00:00\",\"mainEntityOfPage\":{\"@id\":\"https:\\\/\\\/www.emz.de\\\/fr\\\/generalites\\\/lapres-midi-des-enfants-de-lemz\\\/\"},\"wordCount\":442,\"commentCount\":0,\"publisher\":{\"@id\":\"https:\\\/\\\/www.emz.de\\\/fr\\\/#organization\"},\"image\":{\"@id\":\"https:\\\/\\\/www.emz.de\\\/fr\\\/generalites\\\/lapres-midi-des-enfants-de-lemz\\\/#primaryimage\"},\"thumbnailUrl\":\"https:\\\/\\\/www.emz.de\\\/wp-content\\\/uploads\\\/2023\\\/06\\\/IMG_4845-scaled.jpeg\",\"articleSection\":[\"GENERALITES\"],\"inLanguage\":\"fr-FR\",\"potentialAction\":[{\"@type\":\"CommentAction\",\"name\":\"Comment\",\"target\":[\"https:\\\/\\\/www.emz.de\\\/fr\\\/generalites\\\/lapres-midi-des-enfants-de-lemz\\\/#respond\"]}]},{\"@type\":\"WebPage\",\"@id\":\"https:\\\/\\\/www.emz.de\\\/fr\\\/generalites\\\/lapres-midi-des-enfants-de-lemz\\\/\",\"url\":\"https:\\\/\\\/www.emz.de\\\/fr\\\/generalites\\\/lapres-midi-des-enfants-de-lemz\\\/\",\"name\":\"Un succ\u00e8s \u00e9clatant: l'apr\u00e8s-midi des enfants de l'EMZ enthousiasme par son c\u00f4t\u00e9 ludique et communautaire | EMZ\",\"isPartOf\":{\"@id\":\"https:\\\/\\\/www.emz.de\\\/fr\\\/#website\"},\"primaryImageOfPage\":{\"@id\":\"https:\\\/\\\/www.emz.de\\\/fr\\\/generalites\\\/lapres-midi-des-enfants-de-lemz\\\/#primaryimage\"},\"image\":{\"@id\":\"https:\\\/\\\/www.emz.de\\\/fr\\\/generalites\\\/lapres-midi-des-enfants-de-lemz\\\/#primaryimage\"},\"thumbnailUrl\":\"https:\\\/\\\/www.emz.de\\\/wp-content\\\/uploads\\\/2023\\\/06\\\/IMG_4845-scaled.jpeg\",\"datePublished\":\"2023-08-11T13:47:09+00:00\",\"dateModified\":\"2023-10-17T13:51:01+00:00\",\"breadcrumb\":{\"@id\":\"https:\\\/\\\/www.emz.de\\\/fr\\\/generalites\\\/lapres-midi-des-enfants-de-lemz\\\/#breadcrumb\"},\"inLanguage\":\"fr-FR\",\"potentialAction\":[{\"@type\":\"ReadAction\",\"target\":[\"https:\\\/\\\/www.emz.de\\\/fr\\\/generalites\\\/lapres-midi-des-enfants-de-lemz\\\/\"]}]},{\"@type\":\"ImageObject\",\"inLanguage\":\"fr-FR\",\"@id\":\"https:\\\/\\\/www.emz.de\\\/fr\\\/generalites\\\/lapres-midi-des-enfants-de-lemz\\\/#primaryimage\",\"url\":\"https:\\\/\\\/www.emz.de\\\/wp-content\\\/uploads\\\/2023\\\/06\\\/IMG_4845-scaled.jpeg\",\"contentUrl\":\"https:\\\/\\\/www.emz.de\\\/wp-content\\\/uploads\\\/2023\\\/06\\\/IMG_4845-scaled.jpeg\",\"width\":2560,\"height\":1920},{\"@type\":\"BreadcrumbList\",\"@id\":\"https:\\\/\\\/www.emz.de\\\/fr\\\/generalites\\\/lapres-midi-des-enfants-de-lemz\\\/#breadcrumb\",\"itemListElement\":[{\"@type\":\"ListItem\",\"position\":1,\"name\":\"Home\",\"item\":\"https:\\\/\\\/www.emz.de\\\/fr\\\/\"},{\"@type\":\"ListItem\",\"position\":2,\"name\":\"Un succ\u00e8s \u00e9clatant: l&#8217;apr\u00e8s-midi des enfants de l&#8217;EMZ enthousiasme par son c\u00f4t\u00e9 ludique et communautaire\"}]},{\"@type\":\"WebSite\",\"@id\":\"https:\\\/\\\/www.emz.de\\\/fr\\\/#website\",\"url\":\"https:\\\/\\\/www.emz.de\\\/fr\\\/\",\"name\":\"EMZ Elektromotoren f\u00fcr Hochspannung und Niederspannung\",\"description\":\"Spezialist f\u00fcr elektrische Antriebstechnik\",\"publisher\":{\"@id\":\"https:\\\/\\\/www.emz.de\\\/fr\\\/#organization\"},\"alternateName\":\"EMZ\",\"potentialAction\":[{\"@type\":\"SearchAction\",\"target\":{\"@type\":\"EntryPoint\",\"urlTemplate\":\"https:\\\/\\\/www.emz.de\\\/fr\\\/?s={search_term_string}\"},\"query-input\":{\"@type\":\"PropertyValueSpecification\",\"valueRequired\":true,\"valueName\":\"search_term_string\"}}],\"inLanguage\":\"fr-FR\"},{\"@type\":\"Organization\",\"@id\":\"https:\\\/\\\/www.emz.de\\\/fr\\\/#organization\",\"name\":\"EMZ Elektro-Maschinen-Zentrale GmbH\",\"alternateName\":\"EMZ\",\"url\":\"https:\\\/\\\/www.emz.de\\\/fr\\\/\",\"logo\":{\"@type\":\"ImageObject\",\"inLanguage\":\"fr-FR\",\"@id\":\"https:\\\/\\\/www.emz.de\\\/fr\\\/#\\\/schema\\\/logo\\\/image\\\/\",\"url\":\"https:\\\/\\\/www.emz.de\\\/wp-content\\\/uploads\\\/2022\\\/07\\\/EMZ_Logo_RGB_mitClaim_Positiv_2-farbig_Hellblau-Dunkelblau.svg\",\"contentUrl\":\"https:\\\/\\\/www.emz.de\\\/wp-content\\\/uploads\\\/2022\\\/07\\\/EMZ_Logo_RGB_mitClaim_Positiv_2-farbig_Hellblau-Dunkelblau.svg\",\"width\":\"1024\",\"height\":\"1024\",\"caption\":\"EMZ Elektro-Maschinen-Zentrale GmbH\"},\"image\":{\"@id\":\"https:\\\/\\\/www.emz.de\\\/fr\\\/#\\\/schema\\\/logo\\\/image\\\/\"},\"sameAs\":[\"https:\\\/\\\/www.facebook.com\\\/EMZdeutschland\",\"https:\\\/\\\/www.linkedin.com\\\/company\\\/emz-elektro-maschinen-zentrale-gmbh\\\/?originalSubdomain=de\",\"https:\\\/\\\/www.youtube.com\\\/channel\\\/UCajQ_5Xm-hS2H16Liwf5UAQ\\\/featured\",\"https:\\\/\\\/www.xing.com\\\/pages\\\/emz-elektro-maschinen-zentrale-gmbh\"]},{\"@type\":\"Person\",\"@id\":\"https:\\\/\\\/www.emz.de\\\/fr\\\/#\\\/schema\\\/person\\\/dd3eb90e869d965b225c561188c3a8b5\",\"name\":\"Carolin H\u00fcbner\"}]}<\/script>\n<!-- \/ Yoast SEO plugin. -->","yoast_head_json":{"title":"Un succ\u00e8s \u00e9clatant: l'apr\u00e8s-midi des enfants de l'EMZ enthousiasme par son c\u00f4t\u00e9 ludique et communautaire | EMZ","robots":{"index":"index","follow":"follow","max-snippet":"max-snippet:-1","max-image-preview":"max-image-preview:large","max-video-preview":"max-video-preview:-1"},"canonical":"https:\/\/www.emz.de\/fr\/generalites\/lapres-midi-des-enfants-de-lemz\/","og_locale":"fr_FR","og_type":"article","og_title":"Un succ\u00e8s \u00e9clatant: l'apr\u00e8s-midi des enfants de l'EMZ enthousiasme par son c\u00f4t\u00e9 ludique et communautaire | EMZ","og_url":"https:\/\/www.emz.de\/fr\/generalites\/lapres-midi-des-enfants-de-lemz\/","og_site_name":"EMZ","article_publisher":"https:\/\/www.facebook.com\/EMZdeutschland","article_published_time":"2023-08-11T13:47:09+00:00","article_modified_time":"2023-10-17T13:51:01+00:00","og_image":[{"width":2560,"height":1920,"url":"https:\/\/www.emz.de\/wp-content\/uploads\/2023\/06\/IMG_4845-scaled.jpeg","type":"image\/jpeg"}],"author":"Carolin H\u00fcbner","twitter_card":"summary_large_image","schema":{"@context":"https:\/\/schema.org","@graph":[{"@type":"NewsArticle","@id":"https:\/\/www.emz.de\/fr\/generalites\/lapres-midi-des-enfants-de-lemz\/#article","isPartOf":{"@id":"https:\/\/www.emz.de\/fr\/generalites\/lapres-midi-des-enfants-de-lemz\/"},"author":{"name":"Carolin H\u00fcbner","@id":"https:\/\/www.emz.de\/fr\/#\/schema\/person\/dd3eb90e869d965b225c561188c3a8b5"},"headline":"Un succ\u00e8s \u00e9clatant: l&rsquo;apr\u00e8s-midi des enfants de l&rsquo;EMZ enthousiasme par son c\u00f4t\u00e9 ludique et communautaire","datePublished":"2023-08-11T13:47:09+00:00","dateModified":"2023-10-17T13:51:01+00:00","mainEntityOfPage":{"@id":"https:\/\/www.emz.de\/fr\/generalites\/lapres-midi-des-enfants-de-lemz\/"},"wordCount":442,"commentCount":0,"publisher":{"@id":"https:\/\/www.emz.de\/fr\/#organization"},"image":{"@id":"https:\/\/www.emz.de\/fr\/generalites\/lapres-midi-des-enfants-de-lemz\/#primaryimage"},"thumbnailUrl":"https:\/\/www.emz.de\/wp-content\/uploads\/2023\/06\/IMG_4845-scaled.jpeg","articleSection":["GENERALITES"],"inLanguage":"fr-FR","potentialAction":[{"@type":"CommentAction","name":"Comment","target":["https:\/\/www.emz.de\/fr\/generalites\/lapres-midi-des-enfants-de-lemz\/#respond"]}]},{"@type":"WebPage","@id":"https:\/\/www.emz.de\/fr\/generalites\/lapres-midi-des-enfants-de-lemz\/","url":"https:\/\/www.emz.de\/fr\/generalites\/lapres-midi-des-enfants-de-lemz\/","name":"Un succ\u00e8s \u00e9clatant: l'apr\u00e8s-midi des enfants de l'EMZ enthousiasme par son c\u00f4t\u00e9 ludique et communautaire | EMZ","isPartOf":{"@id":"https:\/\/www.emz.de\/fr\/#website"},"primaryImageOfPage":{"@id":"https:\/\/www.emz.de\/fr\/generalites\/lapres-midi-des-enfants-de-lemz\/#primaryimage"},"image":{"@id":"https:\/\/www.emz.de\/fr\/generalites\/lapres-midi-des-enfants-de-lemz\/#primaryimage"},"thumbnailUrl":"https:\/\/www.emz.de\/wp-content\/uploads\/2023\/06\/IMG_4845-scaled.jpeg","datePublished":"2023-08-11T13:47:09+00:00","dateModified":"2023-10-17T13:51:01+00:00","breadcrumb":{"@id":"https:\/\/www.emz.de\/fr\/generalites\/lapres-midi-des-enfants-de-lemz\/#breadcrumb"},"inLanguage":"fr-FR","potentialAction":[{"@type":"ReadAction","target":["https:\/\/www.emz.de\/fr\/generalites\/lapres-midi-des-enfants-de-lemz\/"]}]},{"@type":"ImageObject","inLanguage":"fr-FR","@id":"https:\/\/www.emz.de\/fr\/generalites\/lapres-midi-des-enfants-de-lemz\/#primaryimage","url":"https:\/\/www.emz.de\/wp-content\/uploads\/2023\/06\/IMG_4845-scaled.jpeg","contentUrl":"https:\/\/www.emz.de\/wp-content\/uploads\/2023\/06\/IMG_4845-scaled.jpeg","width":2560,"height":1920},{"@type":"BreadcrumbList","@id":"https:\/\/www.emz.de\/fr\/generalites\/lapres-midi-des-enfants-de-lemz\/#breadcrumb","itemListElement":[{"@type":"ListItem","position":1,"name":"Home","item":"https:\/\/www.emz.de\/fr\/"},{"@type":"ListItem","position":2,"name":"Un succ\u00e8s \u00e9clatant: l&#8217;apr\u00e8s-midi des enfants de l&#8217;EMZ enthousiasme par son c\u00f4t\u00e9 ludique et communautaire"}]},{"@type":"WebSite","@id":"https:\/\/www.emz.de\/fr\/#website","url":"https:\/\/www.emz.de\/fr\/","name":"EMZ Elektromotoren f\u00fcr Hochspannung und Niederspannung","description":"Spezialist f\u00fcr elektrische Antriebstechnik","publisher":{"@id":"https:\/\/www.emz.de\/fr\/#organization"},"alternateName":"EMZ","potentialAction":[{"@type":"SearchAction","target":{"@type":"EntryPoint","urlTemplate":"https:\/\/www.emz.de\/fr\/?s={search_term_string}"},"query-input":{"@type":"PropertyValueSpecification","valueRequired":true,"valueName":"search_term_string"}}],"inLanguage":"fr-FR"},{"@type":"Organization","@id":"https:\/\/www.emz.de\/fr\/#organization","name":"EMZ Elektro-Maschinen-Zentrale GmbH","alternateName":"EMZ","url":"https:\/\/www.emz.de\/fr\/","logo":{"@type":"ImageObject","inLanguage":"fr-FR","@id":"https:\/\/www.emz.de\/fr\/#\/schema\/logo\/image\/","url":"https:\/\/www.emz.de\/wp-content\/uploads\/2022\/07\/EMZ_Logo_RGB_mitClaim_Positiv_2-farbig_Hellblau-Dunkelblau.svg","contentUrl":"https:\/\/www.emz.de\/wp-content\/uploads\/2022\/07\/EMZ_Logo_RGB_mitClaim_Positiv_2-farbig_Hellblau-Dunkelblau.svg","width":"1024","height":"1024","caption":"EMZ Elektro-Maschinen-Zentrale GmbH"},"image":{"@id":"https:\/\/www.emz.de\/fr\/#\/schema\/logo\/image\/"},"sameAs":["https:\/\/www.facebook.com\/EMZdeutschland","https:\/\/www.linkedin.com\/company\/emz-elektro-maschinen-zentrale-gmbh\/?originalSubdomain=de","https:\/\/www.youtube.com\/channel\/UCajQ_5Xm-hS2H16Liwf5UAQ\/featured","https:\/\/www.xing.com\/pages\/emz-elektro-maschinen-zentrale-gmbh"]},{"@type":"Person","@id":"https:\/\/www.emz.de\/fr\/#\/schema\/person\/dd3eb90e869d965b225c561188c3a8b5","name":"Carolin H\u00fcbner"}]}},"_links":{"self":[{"href":"https:\/\/www.emz.de\/fr\/wp-json\/wp\/v2\/posts\/7267","targetHints":{"allow":["GET"]}}],"collection":[{"href":"https:\/\/www.emz.de\/fr\/wp-json\/wp\/v2\/posts"}],"about":[{"href":"https:\/\/www.emz.de\/fr\/wp-json\/wp\/v2\/types\/post"}],"author":[{"embeddable":true,"href":"https:\/\/www.emz.de\/fr\/wp-json\/wp\/v2\/users\/14"}],"replies":[{"embeddable":true,"href":"https:\/\/www.emz.de\/fr\/wp-json\/wp\/v2\/comments?post=7267"}],"version-history":[{"count":2,"href":"https:\/\/www.emz.de\/fr\/wp-json\/wp\/v2\/posts\/7267\/revisions"}],"predecessor-version":[{"id":7269,"href":"https:\/\/www.emz.de\/fr\/wp-json\/wp\/v2\/posts\/7267\/revisions\/7269"}],"wp:featuredmedia":[{"embeddable":true,"href":"https:\/\/www.emz.de\/fr\/wp-json\/wp\/v2\/media\/7117"}],"wp:attachment":[{"href":"https:\/\/www.emz.de\/fr\/wp-json\/wp\/v2\/media?parent=7267"}],"wp:term":[{"taxonomy":"category","embeddable":true,"href":"https:\/\/www.emz.de\/fr\/wp-json\/wp\/v2\/categories?post=7267"},{"taxonomy":"post_tag","embeddable":true,"href":"https:\/\/www.emz.de\/fr\/wp-json\/wp\/v2\/tags?post=7267"}],"curies":[{"name":"wp","href":"https:\/\/api.w.org\/{rel}","templated":true}]}}