{"id":8973,"date":"2024-09-19T12:01:21","date_gmt":"2024-09-19T10:01:21","guid":{"rendered":"https:\/\/www.emz.de\/generalites\/nouvelle-annee-vent-nouveau-copy\/"},"modified":"2024-10-08T12:06:10","modified_gmt":"2024-10-08T10:06:10","slug":"emz-se-lance-avec-succes-dans-la-gestion-de-la-sante-au-travail","status":"publish","type":"post","link":"https:\/\/www.emz.de\/fr\/generalites\/emz-se-lance-avec-succes-dans-la-gestion-de-la-sante-au-travail\/","title":{"rendered":"EMZ se lance avec succ\u00e8s dans la gestion de la sant\u00e9 au travail"},"content":{"rendered":"<section class=\"l-section wpb_row us_custom_16c2598e height_small\"><div class=\"l-section-h i-cf\"><div class=\"g-cols vc_row via_grid cols_1 laptops-cols_inherit tablets-cols_inherit mobiles-cols_1 valign_top type_default stacking_default\"><div class=\"wpb_column vc_column_container\"><div class=\"vc_column-inner\"><div class=\"wpb_text_column us_custom_3383afc0 has_text_color us_animate_this\"><div class=\"wpb_wrapper\"><p>La semaine derni\u00e8re, dans le cadre de notre nouveau projet sur la \u00ab <strong>gestion de la sant\u00e9 au travail<\/strong> \u00bb, notre directrice Deniz Beese, les conseillers en pr\u00e9vention de \u00ab\u00a0Techniker Krankenkasse\u00a0\u00bb, et Patrick Arntzen, directeur de ARK Health Consulting GmbH de Recklinghausen, ont eu le plaisir de donner le coup d\u2019envoi de diverses manifestations et ont propos\u00e9 une pr\u00e9sentation compl\u00e8te sur la sant\u00e9 \u00e0 une quarantaine d&#8217;employ\u00e9s de la soci\u00e9t\u00e9.<\/p>\n<p>Nous attendons maintenant avec impatience les prochains rendez-vous et la poursuite de notre collaboration dans un environnement de travail sain et motiv\u00e9! \ud83d\udcaa\ud83c\udffc<\/p>\n<p><em>Sur la photo: de gauche \u00e0 droite: Philipp Gemmer (Technicien de la caisse maladie), Patrick Arntzen (directeur d&rsquo;ARK Health Consulting GmbH), Deniz Beese (directrice d&rsquo;EMZ GmbH), Carolin H\u00fcbner (assistante de direction &amp; organisation de projet d&rsquo;EMZ GmbH) et Kevin Christopher Wagner (directeur d&rsquo;EMZ GmbH).<\/em><\/p>\n<\/div><\/div><\/div><\/div><\/div><\/div><\/section><section class=\"l-section wpb_row height_medium\"><div class=\"l-section-h i-cf\"><div class=\"g-cols vc_row via_grid cols_1 laptops-cols_inherit tablets-cols_inherit mobiles-cols_1 valign_top type_default stacking_default\"><div class=\"wpb_column vc_column_container\"><div class=\"vc_column-inner\"><\/div><\/div><\/div><\/div><\/section>\n","protected":false},"excerpt":{"rendered":"La semaine derni\u00e8re, dans le cadre de notre nouveau projet sur la \u00ab gestion de la sant\u00e9 au travail \u00bb, notre directrice Deniz Beese, les conseillers en pr\u00e9vention de \u00ab\u00a0Techniker Krankenkasse\u00a0\u00bb, et Patrick Arntzen, directeur de ARK Health Consulting GmbH de Recklinghausen, ont eu le plaisir de donner le coup d\u2019envoi de diverses manifestations et...","protected":false},"author":14,"featured_media":8849,"comment_status":"open","ping_status":"open","sticky":false,"template":"","format":"standard","meta":{"footnotes":""},"categories":[605],"tags":[],"class_list":["post-8973","post","type-post","status-publish","format-standard","has-post-thumbnail","hentry","category-generalites"],"yoast_head":"<!-- This site is optimized with the Yoast SEO plugin v27.4 - https:\/\/yoast.com\/product\/yoast-seo-wordpress\/ -->\n<title>EMZ se lance avec succ\u00e8s dans la gestion de la sant\u00e9 au travail | EMZ<\/title>\n<meta name=\"description\" content=\"La semaine derni\u00e8re, dans le cadre de notre nouveau projet sur la \u00ab gestion de la sant\u00e9 au travail \u00bb, notre directrice Deniz Beese, les conseillers en pr\u00e9vention de &quot;Techniker Krankenkasse&quot;, et Patrick Arntzen, directeur de ARK Health Consulting GmbH de Recklinghausen, ont eu le plaisir de donner le coup d\u2019envoi de diverses manifestations et ont propos\u00e9 une pr\u00e9sentation compl\u00e8te sur la sant\u00e9 \u00e0 une quarantaine d&#039;employ\u00e9s de la soci\u00e9t\u00e9.\" \/>\n<meta name=\"robots\" content=\"index, follow, max-snippet:-1, max-image-preview:large, max-video-preview:-1\" \/>\n<link rel=\"canonical\" href=\"https:\/\/www.emz.de\/fr\/generalites\/emz-se-lance-avec-succes-dans-la-gestion-de-la-sante-au-travail\/\" \/>\n<meta property=\"og:locale\" content=\"fr_FR\" \/>\n<meta property=\"og:type\" content=\"article\" \/>\n<meta property=\"og:title\" content=\"EMZ se lance avec succ\u00e8s dans la gestion de la sant\u00e9 au travail | EMZ\" \/>\n<meta property=\"og:description\" content=\"La semaine derni\u00e8re, dans le cadre de notre nouveau projet sur la \u00ab gestion de la sant\u00e9 au travail \u00bb, notre directrice Deniz Beese, les conseillers en pr\u00e9vention de &quot;Techniker Krankenkasse&quot;, et Patrick Arntzen, directeur de ARK Health Consulting GmbH de Recklinghausen, ont eu le plaisir de donner le coup d\u2019envoi de diverses manifestations et ont propos\u00e9 une pr\u00e9sentation compl\u00e8te sur la sant\u00e9 \u00e0 une quarantaine d&#039;employ\u00e9s de la soci\u00e9t\u00e9.\" \/>\n<meta property=\"og:url\" content=\"https:\/\/www.emz.de\/fr\/generalites\/emz-se-lance-avec-succes-dans-la-gestion-de-la-sante-au-travail\/\" \/>\n<meta property=\"og:site_name\" content=\"EMZ\" \/>\n<meta property=\"article:publisher\" content=\"https:\/\/www.facebook.com\/EMZdeutschland\" \/>\n<meta property=\"article:published_time\" content=\"2024-09-19T10:01:21+00:00\" \/>\n<meta property=\"article:modified_time\" content=\"2024-10-08T10:06:10+00:00\" \/>\n<meta property=\"og:image\" content=\"https:\/\/www.emz.de\/wp-content\/uploads\/2024\/09\/IMG_58764.png\" \/>\n\t<meta property=\"og:image:width\" content=\"1506\" \/>\n\t<meta property=\"og:image:height\" content=\"1600\" \/>\n\t<meta property=\"og:image:type\" content=\"image\/png\" \/>\n<meta name=\"author\" content=\"Carolin H\u00fcbner\" \/>\n<meta name=\"twitter:card\" content=\"summary_large_image\" \/>\n<script type=\"application\/ld+json\" class=\"yoast-schema-graph\">{\"@context\":\"https:\\\/\\\/schema.org\",\"@graph\":[{\"@type\":\"NewsArticle\",\"@id\":\"https:\\\/\\\/www.emz.de\\\/fr\\\/generalites\\\/emz-se-lance-avec-succes-dans-la-gestion-de-la-sante-au-travail\\\/#article\",\"isPartOf\":{\"@id\":\"https:\\\/\\\/www.emz.de\\\/fr\\\/generalites\\\/emz-se-lance-avec-succes-dans-la-gestion-de-la-sante-au-travail\\\/\"},\"author\":{\"name\":\"Carolin H\u00fcbner\",\"@id\":\"https:\\\/\\\/www.emz.de\\\/fr\\\/#\\\/schema\\\/person\\\/dd3eb90e869d965b225c561188c3a8b5\"},\"headline\":\"EMZ se lance avec succ\u00e8s dans la gestion de la sant\u00e9 au travail\",\"datePublished\":\"2024-09-19T10:01:21+00:00\",\"dateModified\":\"2024-10-08T10:06:10+00:00\",\"mainEntityOfPage\":{\"@id\":\"https:\\\/\\\/www.emz.de\\\/fr\\\/generalites\\\/emz-se-lance-avec-succes-dans-la-gestion-de-la-sante-au-travail\\\/\"},\"wordCount\":248,\"commentCount\":0,\"publisher\":{\"@id\":\"https:\\\/\\\/www.emz.de\\\/fr\\\/#organization\"},\"image\":{\"@id\":\"https:\\\/\\\/www.emz.de\\\/fr\\\/generalites\\\/emz-se-lance-avec-succes-dans-la-gestion-de-la-sante-au-travail\\\/#primaryimage\"},\"thumbnailUrl\":\"https:\\\/\\\/www.emz.de\\\/wp-content\\\/uploads\\\/2024\\\/09\\\/IMG_58764.png\",\"articleSection\":[\"GENERALITES\"],\"inLanguage\":\"fr-FR\",\"potentialAction\":[{\"@type\":\"CommentAction\",\"name\":\"Comment\",\"target\":[\"https:\\\/\\\/www.emz.de\\\/fr\\\/generalites\\\/emz-se-lance-avec-succes-dans-la-gestion-de-la-sante-au-travail\\\/#respond\"]}]},{\"@type\":\"WebPage\",\"@id\":\"https:\\\/\\\/www.emz.de\\\/fr\\\/generalites\\\/emz-se-lance-avec-succes-dans-la-gestion-de-la-sante-au-travail\\\/\",\"url\":\"https:\\\/\\\/www.emz.de\\\/fr\\\/generalites\\\/emz-se-lance-avec-succes-dans-la-gestion-de-la-sante-au-travail\\\/\",\"name\":\"EMZ se lance avec succ\u00e8s dans la gestion de la sant\u00e9 au travail | EMZ\",\"isPartOf\":{\"@id\":\"https:\\\/\\\/www.emz.de\\\/fr\\\/#website\"},\"primaryImageOfPage\":{\"@id\":\"https:\\\/\\\/www.emz.de\\\/fr\\\/generalites\\\/emz-se-lance-avec-succes-dans-la-gestion-de-la-sante-au-travail\\\/#primaryimage\"},\"image\":{\"@id\":\"https:\\\/\\\/www.emz.de\\\/fr\\\/generalites\\\/emz-se-lance-avec-succes-dans-la-gestion-de-la-sante-au-travail\\\/#primaryimage\"},\"thumbnailUrl\":\"https:\\\/\\\/www.emz.de\\\/wp-content\\\/uploads\\\/2024\\\/09\\\/IMG_58764.png\",\"datePublished\":\"2024-09-19T10:01:21+00:00\",\"dateModified\":\"2024-10-08T10:06:10+00:00\",\"description\":\"La semaine derni\u00e8re, dans le cadre de notre nouveau projet sur la \u00ab gestion de la sant\u00e9 au travail \u00bb, notre directrice Deniz Beese, les conseillers en pr\u00e9vention de \\\"Techniker Krankenkasse\\\", et Patrick Arntzen, directeur de ARK Health Consulting GmbH de Recklinghausen, ont eu le plaisir de donner le coup d\u2019envoi de diverses manifestations et ont propos\u00e9 une pr\u00e9sentation compl\u00e8te sur la sant\u00e9 \u00e0 une quarantaine d'employ\u00e9s de la soci\u00e9t\u00e9.\",\"breadcrumb\":{\"@id\":\"https:\\\/\\\/www.emz.de\\\/fr\\\/generalites\\\/emz-se-lance-avec-succes-dans-la-gestion-de-la-sante-au-travail\\\/#breadcrumb\"},\"inLanguage\":\"fr-FR\",\"potentialAction\":[{\"@type\":\"ReadAction\",\"target\":[\"https:\\\/\\\/www.emz.de\\\/fr\\\/generalites\\\/emz-se-lance-avec-succes-dans-la-gestion-de-la-sante-au-travail\\\/\"]}]},{\"@type\":\"ImageObject\",\"inLanguage\":\"fr-FR\",\"@id\":\"https:\\\/\\\/www.emz.de\\\/fr\\\/generalites\\\/emz-se-lance-avec-succes-dans-la-gestion-de-la-sante-au-travail\\\/#primaryimage\",\"url\":\"https:\\\/\\\/www.emz.de\\\/wp-content\\\/uploads\\\/2024\\\/09\\\/IMG_58764.png\",\"contentUrl\":\"https:\\\/\\\/www.emz.de\\\/wp-content\\\/uploads\\\/2024\\\/09\\\/IMG_58764.png\",\"width\":1506,\"height\":1600},{\"@type\":\"BreadcrumbList\",\"@id\":\"https:\\\/\\\/www.emz.de\\\/fr\\\/generalites\\\/emz-se-lance-avec-succes-dans-la-gestion-de-la-sante-au-travail\\\/#breadcrumb\",\"itemListElement\":[{\"@type\":\"ListItem\",\"position\":1,\"name\":\"Home\",\"item\":\"https:\\\/\\\/www.emz.de\\\/fr\\\/\"},{\"@type\":\"ListItem\",\"position\":2,\"name\":\"EMZ se lance avec succ\u00e8s dans la gestion de la sant\u00e9 au travail\"}]},{\"@type\":\"WebSite\",\"@id\":\"https:\\\/\\\/www.emz.de\\\/fr\\\/#website\",\"url\":\"https:\\\/\\\/www.emz.de\\\/fr\\\/\",\"name\":\"EMZ Elektromotoren f\u00fcr Hochspannung und Niederspannung\",\"description\":\"Spezialist f\u00fcr elektrische Antriebstechnik\",\"publisher\":{\"@id\":\"https:\\\/\\\/www.emz.de\\\/fr\\\/#organization\"},\"alternateName\":\"EMZ\",\"potentialAction\":[{\"@type\":\"SearchAction\",\"target\":{\"@type\":\"EntryPoint\",\"urlTemplate\":\"https:\\\/\\\/www.emz.de\\\/fr\\\/?s={search_term_string}\"},\"query-input\":{\"@type\":\"PropertyValueSpecification\",\"valueRequired\":true,\"valueName\":\"search_term_string\"}}],\"inLanguage\":\"fr-FR\"},{\"@type\":\"Organization\",\"@id\":\"https:\\\/\\\/www.emz.de\\\/fr\\\/#organization\",\"name\":\"EMZ Elektro-Maschinen-Zentrale GmbH\",\"alternateName\":\"EMZ\",\"url\":\"https:\\\/\\\/www.emz.de\\\/fr\\\/\",\"logo\":{\"@type\":\"ImageObject\",\"inLanguage\":\"fr-FR\",\"@id\":\"https:\\\/\\\/www.emz.de\\\/fr\\\/#\\\/schema\\\/logo\\\/image\\\/\",\"url\":\"https:\\\/\\\/www.emz.de\\\/wp-content\\\/uploads\\\/2022\\\/07\\\/EMZ_Logo_RGB_mitClaim_Positiv_2-farbig_Hellblau-Dunkelblau.svg\",\"contentUrl\":\"https:\\\/\\\/www.emz.de\\\/wp-content\\\/uploads\\\/2022\\\/07\\\/EMZ_Logo_RGB_mitClaim_Positiv_2-farbig_Hellblau-Dunkelblau.svg\",\"width\":\"1024\",\"height\":\"1024\",\"caption\":\"EMZ Elektro-Maschinen-Zentrale GmbH\"},\"image\":{\"@id\":\"https:\\\/\\\/www.emz.de\\\/fr\\\/#\\\/schema\\\/logo\\\/image\\\/\"},\"sameAs\":[\"https:\\\/\\\/www.facebook.com\\\/EMZdeutschland\",\"https:\\\/\\\/www.linkedin.com\\\/company\\\/emz-elektro-maschinen-zentrale-gmbh\\\/?originalSubdomain=de\",\"https:\\\/\\\/www.youtube.com\\\/channel\\\/UCajQ_5Xm-hS2H16Liwf5UAQ\\\/featured\",\"https:\\\/\\\/www.xing.com\\\/pages\\\/emz-elektro-maschinen-zentrale-gmbh\"]},{\"@type\":\"Person\",\"@id\":\"https:\\\/\\\/www.emz.de\\\/fr\\\/#\\\/schema\\\/person\\\/dd3eb90e869d965b225c561188c3a8b5\",\"name\":\"Carolin H\u00fcbner\"}]}<\/script>\n<!-- \/ Yoast SEO plugin. -->","yoast_head_json":{"title":"EMZ se lance avec succ\u00e8s dans la gestion de la sant\u00e9 au travail | EMZ","description":"La semaine derni\u00e8re, dans le cadre de notre nouveau projet sur la \u00ab gestion de la sant\u00e9 au travail \u00bb, notre directrice Deniz Beese, les conseillers en pr\u00e9vention de \"Techniker Krankenkasse\", et Patrick Arntzen, directeur de ARK Health Consulting GmbH de Recklinghausen, ont eu le plaisir de donner le coup d\u2019envoi de diverses manifestations et ont propos\u00e9 une pr\u00e9sentation compl\u00e8te sur la sant\u00e9 \u00e0 une quarantaine d'employ\u00e9s de la soci\u00e9t\u00e9.","robots":{"index":"index","follow":"follow","max-snippet":"max-snippet:-1","max-image-preview":"max-image-preview:large","max-video-preview":"max-video-preview:-1"},"canonical":"https:\/\/www.emz.de\/fr\/generalites\/emz-se-lance-avec-succes-dans-la-gestion-de-la-sante-au-travail\/","og_locale":"fr_FR","og_type":"article","og_title":"EMZ se lance avec succ\u00e8s dans la gestion de la sant\u00e9 au travail | EMZ","og_description":"La semaine derni\u00e8re, dans le cadre de notre nouveau projet sur la \u00ab gestion de la sant\u00e9 au travail \u00bb, notre directrice Deniz Beese, les conseillers en pr\u00e9vention de \"Techniker Krankenkasse\", et Patrick Arntzen, directeur de ARK Health Consulting GmbH de Recklinghausen, ont eu le plaisir de donner le coup d\u2019envoi de diverses manifestations et ont propos\u00e9 une pr\u00e9sentation compl\u00e8te sur la sant\u00e9 \u00e0 une quarantaine d'employ\u00e9s de la soci\u00e9t\u00e9.","og_url":"https:\/\/www.emz.de\/fr\/generalites\/emz-se-lance-avec-succes-dans-la-gestion-de-la-sante-au-travail\/","og_site_name":"EMZ","article_publisher":"https:\/\/www.facebook.com\/EMZdeutschland","article_published_time":"2024-09-19T10:01:21+00:00","article_modified_time":"2024-10-08T10:06:10+00:00","og_image":[{"width":1506,"height":1600,"url":"https:\/\/www.emz.de\/wp-content\/uploads\/2024\/09\/IMG_58764.png","type":"image\/png"}],"author":"Carolin H\u00fcbner","twitter_card":"summary_large_image","schema":{"@context":"https:\/\/schema.org","@graph":[{"@type":"NewsArticle","@id":"https:\/\/www.emz.de\/fr\/generalites\/emz-se-lance-avec-succes-dans-la-gestion-de-la-sante-au-travail\/#article","isPartOf":{"@id":"https:\/\/www.emz.de\/fr\/generalites\/emz-se-lance-avec-succes-dans-la-gestion-de-la-sante-au-travail\/"},"author":{"name":"Carolin H\u00fcbner","@id":"https:\/\/www.emz.de\/fr\/#\/schema\/person\/dd3eb90e869d965b225c561188c3a8b5"},"headline":"EMZ se lance avec succ\u00e8s dans la gestion de la sant\u00e9 au travail","datePublished":"2024-09-19T10:01:21+00:00","dateModified":"2024-10-08T10:06:10+00:00","mainEntityOfPage":{"@id":"https:\/\/www.emz.de\/fr\/generalites\/emz-se-lance-avec-succes-dans-la-gestion-de-la-sante-au-travail\/"},"wordCount":248,"commentCount":0,"publisher":{"@id":"https:\/\/www.emz.de\/fr\/#organization"},"image":{"@id":"https:\/\/www.emz.de\/fr\/generalites\/emz-se-lance-avec-succes-dans-la-gestion-de-la-sante-au-travail\/#primaryimage"},"thumbnailUrl":"https:\/\/www.emz.de\/wp-content\/uploads\/2024\/09\/IMG_58764.png","articleSection":["GENERALITES"],"inLanguage":"fr-FR","potentialAction":[{"@type":"CommentAction","name":"Comment","target":["https:\/\/www.emz.de\/fr\/generalites\/emz-se-lance-avec-succes-dans-la-gestion-de-la-sante-au-travail\/#respond"]}]},{"@type":"WebPage","@id":"https:\/\/www.emz.de\/fr\/generalites\/emz-se-lance-avec-succes-dans-la-gestion-de-la-sante-au-travail\/","url":"https:\/\/www.emz.de\/fr\/generalites\/emz-se-lance-avec-succes-dans-la-gestion-de-la-sante-au-travail\/","name":"EMZ se lance avec succ\u00e8s dans la gestion de la sant\u00e9 au travail | EMZ","isPartOf":{"@id":"https:\/\/www.emz.de\/fr\/#website"},"primaryImageOfPage":{"@id":"https:\/\/www.emz.de\/fr\/generalites\/emz-se-lance-avec-succes-dans-la-gestion-de-la-sante-au-travail\/#primaryimage"},"image":{"@id":"https:\/\/www.emz.de\/fr\/generalites\/emz-se-lance-avec-succes-dans-la-gestion-de-la-sante-au-travail\/#primaryimage"},"thumbnailUrl":"https:\/\/www.emz.de\/wp-content\/uploads\/2024\/09\/IMG_58764.png","datePublished":"2024-09-19T10:01:21+00:00","dateModified":"2024-10-08T10:06:10+00:00","description":"La semaine derni\u00e8re, dans le cadre de notre nouveau projet sur la \u00ab gestion de la sant\u00e9 au travail \u00bb, notre directrice Deniz Beese, les conseillers en pr\u00e9vention de \"Techniker Krankenkasse\", et Patrick Arntzen, directeur de ARK Health Consulting GmbH de Recklinghausen, ont eu le plaisir de donner le coup d\u2019envoi de diverses manifestations et ont propos\u00e9 une pr\u00e9sentation compl\u00e8te sur la sant\u00e9 \u00e0 une quarantaine d'employ\u00e9s de la soci\u00e9t\u00e9.","breadcrumb":{"@id":"https:\/\/www.emz.de\/fr\/generalites\/emz-se-lance-avec-succes-dans-la-gestion-de-la-sante-au-travail\/#breadcrumb"},"inLanguage":"fr-FR","potentialAction":[{"@type":"ReadAction","target":["https:\/\/www.emz.de\/fr\/generalites\/emz-se-lance-avec-succes-dans-la-gestion-de-la-sante-au-travail\/"]}]},{"@type":"ImageObject","inLanguage":"fr-FR","@id":"https:\/\/www.emz.de\/fr\/generalites\/emz-se-lance-avec-succes-dans-la-gestion-de-la-sante-au-travail\/#primaryimage","url":"https:\/\/www.emz.de\/wp-content\/uploads\/2024\/09\/IMG_58764.png","contentUrl":"https:\/\/www.emz.de\/wp-content\/uploads\/2024\/09\/IMG_58764.png","width":1506,"height":1600},{"@type":"BreadcrumbList","@id":"https:\/\/www.emz.de\/fr\/generalites\/emz-se-lance-avec-succes-dans-la-gestion-de-la-sante-au-travail\/#breadcrumb","itemListElement":[{"@type":"ListItem","position":1,"name":"Home","item":"https:\/\/www.emz.de\/fr\/"},{"@type":"ListItem","position":2,"name":"EMZ se lance avec succ\u00e8s dans la gestion de la sant\u00e9 au travail"}]},{"@type":"WebSite","@id":"https:\/\/www.emz.de\/fr\/#website","url":"https:\/\/www.emz.de\/fr\/","name":"EMZ Elektromotoren f\u00fcr Hochspannung und Niederspannung","description":"Spezialist f\u00fcr elektrische Antriebstechnik","publisher":{"@id":"https:\/\/www.emz.de\/fr\/#organization"},"alternateName":"EMZ","potentialAction":[{"@type":"SearchAction","target":{"@type":"EntryPoint","urlTemplate":"https:\/\/www.emz.de\/fr\/?s={search_term_string}"},"query-input":{"@type":"PropertyValueSpecification","valueRequired":true,"valueName":"search_term_string"}}],"inLanguage":"fr-FR"},{"@type":"Organization","@id":"https:\/\/www.emz.de\/fr\/#organization","name":"EMZ Elektro-Maschinen-Zentrale GmbH","alternateName":"EMZ","url":"https:\/\/www.emz.de\/fr\/","logo":{"@type":"ImageObject","inLanguage":"fr-FR","@id":"https:\/\/www.emz.de\/fr\/#\/schema\/logo\/image\/","url":"https:\/\/www.emz.de\/wp-content\/uploads\/2022\/07\/EMZ_Logo_RGB_mitClaim_Positiv_2-farbig_Hellblau-Dunkelblau.svg","contentUrl":"https:\/\/www.emz.de\/wp-content\/uploads\/2022\/07\/EMZ_Logo_RGB_mitClaim_Positiv_2-farbig_Hellblau-Dunkelblau.svg","width":"1024","height":"1024","caption":"EMZ Elektro-Maschinen-Zentrale GmbH"},"image":{"@id":"https:\/\/www.emz.de\/fr\/#\/schema\/logo\/image\/"},"sameAs":["https:\/\/www.facebook.com\/EMZdeutschland","https:\/\/www.linkedin.com\/company\/emz-elektro-maschinen-zentrale-gmbh\/?originalSubdomain=de","https:\/\/www.youtube.com\/channel\/UCajQ_5Xm-hS2H16Liwf5UAQ\/featured","https:\/\/www.xing.com\/pages\/emz-elektro-maschinen-zentrale-gmbh"]},{"@type":"Person","@id":"https:\/\/www.emz.de\/fr\/#\/schema\/person\/dd3eb90e869d965b225c561188c3a8b5","name":"Carolin H\u00fcbner"}]}},"_links":{"self":[{"href":"https:\/\/www.emz.de\/fr\/wp-json\/wp\/v2\/posts\/8973","targetHints":{"allow":["GET"]}}],"collection":[{"href":"https:\/\/www.emz.de\/fr\/wp-json\/wp\/v2\/posts"}],"about":[{"href":"https:\/\/www.emz.de\/fr\/wp-json\/wp\/v2\/types\/post"}],"author":[{"embeddable":true,"href":"https:\/\/www.emz.de\/fr\/wp-json\/wp\/v2\/users\/14"}],"replies":[{"embeddable":true,"href":"https:\/\/www.emz.de\/fr\/wp-json\/wp\/v2\/comments?post=8973"}],"version-history":[{"count":2,"href":"https:\/\/www.emz.de\/fr\/wp-json\/wp\/v2\/posts\/8973\/revisions"}],"predecessor-version":[{"id":8975,"href":"https:\/\/www.emz.de\/fr\/wp-json\/wp\/v2\/posts\/8973\/revisions\/8975"}],"wp:featuredmedia":[{"embeddable":true,"href":"https:\/\/www.emz.de\/fr\/wp-json\/wp\/v2\/media\/8849"}],"wp:attachment":[{"href":"https:\/\/www.emz.de\/fr\/wp-json\/wp\/v2\/media?parent=8973"}],"wp:term":[{"taxonomy":"category","embeddable":true,"href":"https:\/\/www.emz.de\/fr\/wp-json\/wp\/v2\/categories?post=8973"},{"taxonomy":"post_tag","embeddable":true,"href":"https:\/\/www.emz.de\/fr\/wp-json\/wp\/v2\/tags?post=8973"}],"curies":[{"name":"wp","href":"https:\/\/api.w.org\/{rel}","templated":true}]}}